{"id":12461,"date":"2019-02-05T10:42:32","date_gmt":"2019-02-05T09:42:32","guid":{"rendered":"http:\/\/serveiseducatius.xtec.cat\/credac-perebarnils\/?p=12461"},"modified":"2019-05-17T10:57:08","modified_gmt":"2019-05-17T08:57:08","slug":"material-per-treballar-diferents-parts-gramaticals-de-la-frase-i-les-concordances-de-genere-i-nombre-que-sestableixen-entre-diferents-paraules-7-llibrets-amb-10-lam-440-1-al-440-7-fitxa-didact","status":"publish","type":"post","link":"https:\/\/serveiseducatius.xtec.cat\/credac-perebarnils\/materials\/morfosintaxi\/material-per-treballar-diferents-parts-gramaticals-de-la-frase-i-les-concordances-de-genere-i-nombre-que-sestableixen-entre-diferents-paraules-7-llibrets-amb-10-lam-440-1-al-440-7-fitxa-didact\/","title":{"rendered":"Llibrets de gram\u00e0tica"},"content":{"rendered":"<table>\n<tbody>\n<tr>\n<td style=\"font-weight: bold; width: 96px;\">Nom:<\/td>\n<td id=\"nom\" style=\"width: 711px;\" colspan=\"3\">Llibrets de gram\u00e0tica<\/td>\n<\/tr>\n<tr>\n<td style=\"font-weight: bold; width: 96px;\">Descripci\u00f3 breu:<\/td>\n<td id=\"descripciobreu\" style=\"width: 711px;\" colspan=\"3\">Material per treballar diferents parts gramaticals de la frase i les concordances de g\u00e8nere i nombre que s&#8217;estableixen entre diferents paraules. 7 llibrets amb 10 l\u00e0m. (440-1 al 440-7) + fitxa did\u00e0ctica<\/td>\n<\/tr>\n<tr>\n<td style=\"font-weight: bold; width: 96px;\">Indicat per treballar:<\/td>\n<td id=\"indicat\" style=\"width: 711px;\" colspan=\"3\">Morfologia i sintaxi<\/td>\n<\/tr>\n<tr>\n<td style=\"font-weight: bold; width: 96px;\">Format:<\/td>\n<td id=\"format\" style=\"width: 711px;\" colspan=\"3\">Material gr\u00e0fic<\/td>\n<\/tr>\n<tr>\n<td style=\"font-weight: bold; width: 96px;\">Marca:<\/td>\n<td id=\"marca\" style=\"width: 711px;\" colspan=\"3\">Sensellapis, 2010<\/td>\n<\/tr>\n<tr>\n<td style=\"font-weight: bold; width: 96px;\">Disponible:<\/td>\n<td id=\"disponible\" style=\"width: 96px;\">S\u00ed<\/td>\n<td style=\"font-weight: bold; width: 351px;\">Data de retorn:<\/td>\n<td id=\"dataretorn\" style=\"width: 264px;\"><\/td>\n<\/tr>\n<\/tbody>\n<\/table>\n<p><a href=\"https:\/\/serveiseducatius.xtec.cat\/credac-perebarnils\/wp-content\/uploads\/usu1333\/2019\/02\/432-Llibrets-gram\u00e0tica-min.jpg\"><img loading=\"lazy\" decoding=\"async\" class=\"alignnone wp-image-13588\" src=\"https:\/\/serveiseducatius.xtec.cat\/credac-perebarnils\/wp-content\/uploads\/usu1333\/2019\/02\/432-Llibrets-gram\u00e0tica-min-768x1024.jpg\" alt=\"\" width=\"444\" height=\"592\" srcset=\"https:\/\/serveiseducatius.xtec.cat\/credac-perebarnils\/wp-content\/uploads\/usu1333\/2019\/02\/432-Llibrets-gram\u00e0tica-min-768x1024.jpg 768w, https:\/\/serveiseducatius.xtec.cat\/credac-perebarnils\/wp-content\/uploads\/usu1333\/2019\/02\/432-Llibrets-gram\u00e0tica-min-225x300.jpg 225w\" sizes=\"auto, (max-width: 444px) 100vw, 444px\" \/><\/a><\/p>\n","protected":false},"excerpt":{"rendered":"<p>Material per treballar diferents parts gramaticals de la frase i les concordances de g\u00e8nere i nombre que s&#8217;estableixen entre diferents paraules.&hellip;  <a href=\"https:\/\/serveiseducatius.xtec.cat\/credac-perebarnils\/materials\/morfosintaxi\/material-per-treballar-diferents-parts-gramaticals-de-la-frase-i-les-concordances-de-genere-i-nombre-que-sestableixen-entre-diferents-paraules-7-llibrets-amb-10-lam-440-1-al-440-7-fitxa-didact\/\" title=\"Read Llibrets de gram\u00e0tica\">Llegeix m\u00e9s\u00bb<\/a><\/p>\n","protected":false},"author":1,"featured_media":13588,"comment_status":"open","ping_status":"closed","sticky":false,"template":"","format":"standard","meta":{"_bbp_topic_count":0,"_bbp_reply_count":0,"_bbp_total_topic_count":0,"_bbp_total_reply_count":0,"_bbp_voice_count":0,"_bbp_anonymous_reply_count":0,"_bbp_topic_count_hidden":0,"_bbp_reply_count_hidden":0,"_bbp_forum_subforum_count":0,"footnotes":""},"categories":[281,267],"tags":[873,874,872,875],"class_list":["post-12461","post","type-post","status-publish","format-standard","has-post-thumbnail","hentry","category-materials","category-morfosintaxi","tag-concordances","tag-genere","tag-morfosintaxis","tag-nombre"],"post_mailing_queue_ids":[],"_links":{"self":[{"href":"https:\/\/serveiseducatius.xtec.cat\/credac-perebarnils\/wp-json\/wp\/v2\/posts\/12461","targetHints":{"allow":["GET"]}}],"collection":[{"href":"https:\/\/serveiseducatius.xtec.cat\/credac-perebarnils\/wp-json\/wp\/v2\/posts"}],"about":[{"href":"https:\/\/serveiseducatius.xtec.cat\/credac-perebarnils\/wp-json\/wp\/v2\/types\/post"}],"author":[{"embeddable":true,"href":"https:\/\/serveiseducatius.xtec.cat\/credac-perebarnils\/wp-json\/wp\/v2\/users\/1"}],"replies":[{"embeddable":true,"href":"https:\/\/serveiseducatius.xtec.cat\/credac-perebarnils\/wp-json\/wp\/v2\/comments?post=12461"}],"version-history":[{"count":4,"href":"https:\/\/serveiseducatius.xtec.cat\/credac-perebarnils\/wp-json\/wp\/v2\/posts\/12461\/revisions"}],"predecessor-version":[{"id":14355,"href":"https:\/\/serveiseducatius.xtec.cat\/credac-perebarnils\/wp-json\/wp\/v2\/posts\/12461\/revisions\/14355"}],"wp:featuredmedia":[{"embeddable":true,"href":"https:\/\/serveiseducatius.xtec.cat\/credac-perebarnils\/wp-json\/wp\/v2\/media\/13588"}],"wp:attachment":[{"href":"https:\/\/serveiseducatius.xtec.cat\/credac-perebarnils\/wp-json\/wp\/v2\/media?parent=12461"}],"wp:term":[{"taxonomy":"category","embeddable":true,"href":"https:\/\/serveiseducatius.xtec.cat\/credac-perebarnils\/wp-json\/wp\/v2\/categories?post=12461"},{"taxonomy":"post_tag","embeddable":true,"href":"https:\/\/serveiseducatius.xtec.cat\/credac-perebarnils\/wp-json\/wp\/v2\/tags?post=12461"}],"curies":[{"name":"wp","href":"https:\/\/api.w.org\/{rel}","templated":true}]}}