{"id":12450,"date":"2019-02-05T10:32:41","date_gmt":"2019-02-05T09:32:41","guid":{"rendered":"http:\/\/serveiseducatius.xtec.cat\/credac-perebarnils\/?p=12450"},"modified":"2019-05-17T10:43:45","modified_gmt":"2019-05-17T08:43:45","slug":"material-per-treballar-la-construccio-de-frases-coordinades-copulatives-i-frases-coordinades-adversatives-conj-i-o-pero-2-llibretes-espirals-dificultat-1-i-2-14-pero-15-i-21-e-2","status":"publish","type":"post","link":"https:\/\/serveiseducatius.xtec.cat\/credac-perebarnils\/materials\/morfosintaxi\/material-per-treballar-la-construccio-de-frases-coordinades-copulatives-i-frases-coordinades-adversatives-conj-i-o-pero-2-llibretes-espirals-dificultat-1-i-2-14-pero-15-i-21-e-2\/","title":{"rendered":"Al fina-l: frases coordinades."},"content":{"rendered":"<table style=\"width: 1068px;\">\n<tbody>\n<tr>\n<td style=\"font-weight: bold; width: 127px;\">Nom:<\/td>\n<td id=\"nom\" style=\"width: 933px;\" colspan=\"3\">Al fina-I: frases coordinades.<\/td>\n<\/tr>\n<tr>\n<td style=\"font-weight: bold; width: 127px;\">Descripci\u00f3 breu:<\/td>\n<td id=\"descripciobreu\" style=\"width: 933px;\" colspan=\"3\">Material per treballar la construcci\u00f3 de frases coordinades copulatives i frases coordinades adversatives (conj. &#8220;i&#8221; o &#8220;per\u00f2&#8221;). 2 llibretes espirals (dificultat 1 i 2), 14 &#8220;per\u00f2&#8221;, 15 &#8220;i&#8221;, 21 enfadada i 18 contenta + fitxa did\u00e0ct.<\/td>\n<\/tr>\n<tr>\n<td style=\"font-weight: bold; width: 127px;\">Indicat per treballar:<\/td>\n<td id=\"indicat\" style=\"width: 933px;\" colspan=\"3\">Morfologia i sintaxi<\/td>\n<\/tr>\n<tr>\n<td style=\"font-weight: bold; width: 127px;\">Format:<\/td>\n<td id=\"format\" style=\"width: 933px;\" colspan=\"3\">Material gr\u00e0fic<\/td>\n<\/tr>\n<tr>\n<td style=\"font-weight: bold; width: 127px;\">Marca:<\/td>\n<td id=\"marca\" style=\"width: 933px;\" colspan=\"3\">Sensellapis, 2008<\/td>\n<\/tr>\n<tr>\n<td style=\"font-weight: bold; width: 127px;\">Disponible:<\/td>\n<td id=\"disponible\" style=\"width: 195px;\">S\u00ed<\/td>\n<td style=\"font-weight: bold; width: 714px;\">Data de retorn:<\/td>\n<td id=\"dataretorn\" style=\"width: 20px;\"><\/td>\n<\/tr>\n<\/tbody>\n<\/table>\n<p><img loading=\"lazy\" decoding=\"async\" class=\"\" src=\"https:\/\/serveiseducatius.xtec.cat\/credac-perebarnils\/wp-content\/uploads\/usu1333\/2019\/02\/426-Al-fina-l-_-frases-coordinades-e1558082522469.jpg\" width=\"651\" height=\"488\" \/><\/p>\n","protected":false},"excerpt":{"rendered":"<p>Material per treballar la construcci\u00f3 de frases coordinades copulatives i frases coordinades adversatives (conj. &#8220;i&#8221; o &#8220;per\u00f2&#8221;). &hellip;  <a href=\"https:\/\/serveiseducatius.xtec.cat\/credac-perebarnils\/materials\/morfosintaxi\/material-per-treballar-la-construccio-de-frases-coordinades-copulatives-i-frases-coordinades-adversatives-conj-i-o-pero-2-llibretes-espirals-dificultat-1-i-2-14-pero-15-i-21-e-2\/\" title=\"Read Al fina-l: frases coordinades.\">Llegeix m\u00e9s\u00bb<\/a><\/p>\n","protected":false},"author":1,"featured_media":13775,"comment_status":"open","ping_status":"closed","sticky":false,"template":"","format":"standard","meta":{"_bbp_topic_count":0,"_bbp_reply_count":0,"_bbp_total_topic_count":0,"_bbp_total_reply_count":0,"_bbp_voice_count":0,"_bbp_anonymous_reply_count":0,"_bbp_topic_count_hidden":0,"_bbp_reply_count_hidden":0,"_bbp_forum_subforum_count":0,"footnotes":""},"categories":[281,267],"tags":[939,940],"class_list":["post-12450","post","type-post","status-publish","format-standard","has-post-thumbnail","hentry","category-materials","category-morfosintaxi","tag-construccio-frases","tag-coordinades"],"post_mailing_queue_ids":[],"_links":{"self":[{"href":"https:\/\/serveiseducatius.xtec.cat\/credac-perebarnils\/wp-json\/wp\/v2\/posts\/12450","targetHints":{"allow":["GET"]}}],"collection":[{"href":"https:\/\/serveiseducatius.xtec.cat\/credac-perebarnils\/wp-json\/wp\/v2\/posts"}],"about":[{"href":"https:\/\/serveiseducatius.xtec.cat\/credac-perebarnils\/wp-json\/wp\/v2\/types\/post"}],"author":[{"embeddable":true,"href":"https:\/\/serveiseducatius.xtec.cat\/credac-perebarnils\/wp-json\/wp\/v2\/users\/1"}],"replies":[{"embeddable":true,"href":"https:\/\/serveiseducatius.xtec.cat\/credac-perebarnils\/wp-json\/wp\/v2\/comments?post=12450"}],"version-history":[{"count":4,"href":"https:\/\/serveiseducatius.xtec.cat\/credac-perebarnils\/wp-json\/wp\/v2\/posts\/12450\/revisions"}],"predecessor-version":[{"id":14349,"href":"https:\/\/serveiseducatius.xtec.cat\/credac-perebarnils\/wp-json\/wp\/v2\/posts\/12450\/revisions\/14349"}],"wp:featuredmedia":[{"embeddable":true,"href":"https:\/\/serveiseducatius.xtec.cat\/credac-perebarnils\/wp-json\/wp\/v2\/media\/13775"}],"wp:attachment":[{"href":"https:\/\/serveiseducatius.xtec.cat\/credac-perebarnils\/wp-json\/wp\/v2\/media?parent=12450"}],"wp:term":[{"taxonomy":"category","embeddable":true,"href":"https:\/\/serveiseducatius.xtec.cat\/credac-perebarnils\/wp-json\/wp\/v2\/categories?post=12450"},{"taxonomy":"post_tag","embeddable":true,"href":"https:\/\/serveiseducatius.xtec.cat\/credac-perebarnils\/wp-json\/wp\/v2\/tags?post=12450"}],"curies":[{"name":"wp","href":"https:\/\/api.w.org\/{rel}","templated":true}]}}