{"id":12401,"date":"2019-02-05T10:06:45","date_gmt":"2019-02-05T09:06:45","guid":{"rendered":"http:\/\/serveiseducatius.xtec.cat\/credac-perebarnils\/?p=12401"},"modified":"2019-05-17T09:33:16","modified_gmt":"2019-05-17T07:33:16","slug":"material-diniciacio-a-la-construccio-de-la-frase-simple-15-llibretes-espirals-2-figures-plastificades-quique-i-quica-guia-didactica-reg-361guia-361-1-al-361-15-espirals","status":"publish","type":"post","link":"https:\/\/serveiseducatius.xtec.cat\/credac-perebarnils\/materials\/morfosintaxi\/material-diniciacio-a-la-construccio-de-la-frase-simple-15-llibretes-espirals-2-figures-plastificades-quique-i-quica-guia-didactica-reg-361guia-361-1-al-361-15-espirals\/","title":{"rendered":"Quiques: material per a l&#8217;estructuraci\u00f3 de la frase simple."},"content":{"rendered":"<table style=\"height: 245px; width: 910px;\" width=\"1235\">\n<tbody>\n<tr>\n<td style=\"font-weight: bold; width: 350px;\">Nom:<\/td>\n<td id=\"nom\" style=\"width: 552px;\" colspan=\"3\">Quiques: material per a l&#8217;estructuraci\u00f3 de la frase simple.<\/td>\n<\/tr>\n<tr>\n<td style=\"font-weight: bold; width: 350px;\">Descripci\u00f3 breu:<\/td>\n<td id=\"descripciobreu\" style=\"width: 552px;\" colspan=\"3\">Material d&#8217;iniciaci\u00f3 a la construcci\u00f3 de la frase simple. 15 llibretes espirals + 2 figures plastificades (Quique i Quica) + guia did\u00e0ctica. Reg. 361(guia), 361-1 al 361-15 (espirals)<\/td>\n<\/tr>\n<tr>\n<td style=\"font-weight: bold; width: 350px;\">Indicat per treballar:<\/td>\n<td id=\"indicat\" style=\"width: 552px;\" colspan=\"3\">Morfologia i sintaxi<\/td>\n<\/tr>\n<tr>\n<td style=\"font-weight: bold; width: 350px;\">Format:<\/td>\n<td id=\"format\" style=\"width: 552px;\" colspan=\"3\">Material gr\u00e0fic<\/td>\n<\/tr>\n<tr>\n<td style=\"font-weight: bold; width: 350px;\">Marca:<\/td>\n<td id=\"marca\" style=\"width: 552px;\" colspan=\"3\">Autora: Neus Guill\u00f3, 2004<\/td>\n<\/tr>\n<tr>\n<td style=\"font-weight: bold; width: 350px;\">Disponible:<\/td>\n<td id=\"disponible\" style=\"width: 113px;\">S\u00ed<\/td>\n<td style=\"font-weight: bold; width: 415px;\">Data de retorn:<\/td>\n<td id=\"dataretorn\" style=\"width: 20px;\"><\/td>\n<\/tr>\n<\/tbody>\n<\/table>\n<p><img loading=\"lazy\" decoding=\"async\" class=\"\" src=\"https:\/\/serveiseducatius.xtec.cat\/credac-perebarnils\/wp-content\/uploads\/usu1333\/2019\/02\/361-Quiques-e1558078219886.jpg\" width=\"759\" height=\"569\" \/><\/p>\n","protected":false},"excerpt":{"rendered":"<p>Material d&#8217;iniciaci\u00f3 a la construcci\u00f3 de la frase simple. &hellip;  <a href=\"https:\/\/serveiseducatius.xtec.cat\/credac-perebarnils\/materials\/morfosintaxi\/material-diniciacio-a-la-construccio-de-la-frase-simple-15-llibretes-espirals-2-figures-plastificades-quique-i-quica-guia-didactica-reg-361guia-361-1-al-361-15-espirals\/\" title=\"Read Quiques: material per a l&#8217;estructuraci\u00f3 de la frase simple.\">Llegeix m\u00e9s\u00bb<\/a><\/p>\n","protected":false},"author":1,"featured_media":13707,"comment_status":"open","ping_status":"closed","sticky":false,"template":"","format":"standard","meta":{"_bbp_topic_count":0,"_bbp_reply_count":0,"_bbp_total_topic_count":0,"_bbp_total_reply_count":0,"_bbp_voice_count":0,"_bbp_anonymous_reply_count":0,"_bbp_topic_count_hidden":0,"_bbp_reply_count_hidden":0,"_bbp_forum_subforum_count":0,"footnotes":""},"categories":[281,267],"tags":[921],"class_list":["post-12401","post","type-post","status-publish","format-standard","has-post-thumbnail","hentry","category-materials","category-morfosintaxi","tag-frase-simple"],"post_mailing_queue_ids":[],"_links":{"self":[{"href":"https:\/\/serveiseducatius.xtec.cat\/credac-perebarnils\/wp-json\/wp\/v2\/posts\/12401","targetHints":{"allow":["GET"]}}],"collection":[{"href":"https:\/\/serveiseducatius.xtec.cat\/credac-perebarnils\/wp-json\/wp\/v2\/posts"}],"about":[{"href":"https:\/\/serveiseducatius.xtec.cat\/credac-perebarnils\/wp-json\/wp\/v2\/types\/post"}],"author":[{"embeddable":true,"href":"https:\/\/serveiseducatius.xtec.cat\/credac-perebarnils\/wp-json\/wp\/v2\/users\/1"}],"replies":[{"embeddable":true,"href":"https:\/\/serveiseducatius.xtec.cat\/credac-perebarnils\/wp-json\/wp\/v2\/comments?post=12401"}],"version-history":[{"count":4,"href":"https:\/\/serveiseducatius.xtec.cat\/credac-perebarnils\/wp-json\/wp\/v2\/posts\/12401\/revisions"}],"predecessor-version":[{"id":14329,"href":"https:\/\/serveiseducatius.xtec.cat\/credac-perebarnils\/wp-json\/wp\/v2\/posts\/12401\/revisions\/14329"}],"wp:featuredmedia":[{"embeddable":true,"href":"https:\/\/serveiseducatius.xtec.cat\/credac-perebarnils\/wp-json\/wp\/v2\/media\/13707"}],"wp:attachment":[{"href":"https:\/\/serveiseducatius.xtec.cat\/credac-perebarnils\/wp-json\/wp\/v2\/media?parent=12401"}],"wp:term":[{"taxonomy":"category","embeddable":true,"href":"https:\/\/serveiseducatius.xtec.cat\/credac-perebarnils\/wp-json\/wp\/v2\/categories?post=12401"},{"taxonomy":"post_tag","embeddable":true,"href":"https:\/\/serveiseducatius.xtec.cat\/credac-perebarnils\/wp-json\/wp\/v2\/tags?post=12401"}],"curies":[{"name":"wp","href":"https:\/\/api.w.org\/{rel}","templated":true}]}}