{"id":12375,"date":"2019-02-05T09:47:28","date_gmt":"2019-02-05T08:47:28","guid":{"rendered":"http:\/\/serveiseducatius.xtec.cat\/credac-perebarnils\/?p=12375"},"modified":"2019-05-17T09:16:54","modified_gmt":"2019-05-17T07:16:54","slug":"material-per-a-lestructuracio-de-loracio-simple-i-la-classificacio-logica-dels-seus-elements-llibre-guia-72-fitxes-2-en-blanc-40-cartes-petites","status":"publish","type":"post","link":"https:\/\/serveiseducatius.xtec.cat\/credac-perebarnils\/materials\/morfosintaxi\/material-per-a-lestructuracio-de-loracio-simple-i-la-classificacio-logica-dels-seus-elements-llibre-guia-72-fitxes-2-en-blanc-40-cartes-petites\/","title":{"rendered":"El cuc parlant : material per a l&#8217;estructuraci\u00f3."},"content":{"rendered":"<table>\n<tbody>\n<tr>\n<td style=\"font-weight: bold;\">Nom:<\/td>\n<td id=\"nom\" colspan=\"3\">El cuc parlant : material per a l&#8217;estructuraci\u00f3.<\/td>\n<\/tr>\n<tr>\n<td style=\"font-weight: bold;\">Descripci\u00f3 breu:<\/td>\n<td id=\"descripciobreu\" colspan=\"3\">Material per a l&#8217;estructuraci\u00f3 de l&#8217;oraci\u00f3 simple i la classificaci\u00f3 l\u00f2gica dels seus elements. Llibre guia + 72 fitxes (2 en blanc)+ 40 cartes petites<\/td>\n<\/tr>\n<tr>\n<td style=\"font-weight: bold;\">Indicat per treballar:<\/td>\n<td id=\"indicat\" colspan=\"3\">Morfologia i sintaxi<\/td>\n<\/tr>\n<tr>\n<td style=\"font-weight: bold;\">Format:<\/td>\n<td id=\"format\" colspan=\"3\">Material gr\u00e0fic<\/td>\n<\/tr>\n<tr>\n<td style=\"font-weight: bold;\">Marca:<\/td>\n<td id=\"marca\" colspan=\"3\">Valero, Jes\u00fas&#8230; [et al.]. Eumo Editorial, 1992. ISBN 8476028679<\/td>\n<\/tr>\n<tr>\n<td style=\"font-weight: bold;\">Disponible:<\/td>\n<td id=\"disponible\"><\/td>\n<td style=\"font-weight: bold;\">Data de retorn:<\/td>\n<td id=\"dataretorn\"><\/td>\n<\/tr>\n<\/tbody>\n<\/table>\n<p><a href=\"https:\/\/serveiseducatius.xtec.cat\/credac-perebarnils\/wp-content\/uploads\/usu1333\/2019\/02\/El-cuc-parlant-MARIA-DEL-MAR-SISQUELLA-GANDIA.jpg\"><img loading=\"lazy\" decoding=\"async\" class=\" wp-image-12376\" src=\"https:\/\/serveiseducatius.xtec.cat\/credac-perebarnils\/wp-content\/uploads\/usu1333\/2019\/02\/El-cuc-parlant-MARIA-DEL-MAR-SISQUELLA-GANDIA-300x232.jpg\" alt=\"\" width=\"588\" height=\"455\" srcset=\"https:\/\/serveiseducatius.xtec.cat\/credac-perebarnils\/wp-content\/uploads\/usu1333\/2019\/02\/El-cuc-parlant-MARIA-DEL-MAR-SISQUELLA-GANDIA-300x232.jpg 300w, https:\/\/serveiseducatius.xtec.cat\/credac-perebarnils\/wp-content\/uploads\/usu1333\/2019\/02\/El-cuc-parlant-MARIA-DEL-MAR-SISQUELLA-GANDIA-768x594.jpg 768w, https:\/\/serveiseducatius.xtec.cat\/credac-perebarnils\/wp-content\/uploads\/usu1333\/2019\/02\/El-cuc-parlant-MARIA-DEL-MAR-SISQUELLA-GANDIA-1024x792.jpg 1024w\" sizes=\"auto, (max-width: 588px) 100vw, 588px\" \/><\/a><\/p>\n","protected":false},"excerpt":{"rendered":"<p>Material per a l&#8217;estructuraci\u00f3 de l&#8217;oraci\u00f3 simple i la classificaci\u00f3 l\u00f2gica dels seus elements. &hellip;  <a href=\"https:\/\/serveiseducatius.xtec.cat\/credac-perebarnils\/materials\/morfosintaxi\/material-per-a-lestructuracio-de-loracio-simple-i-la-classificacio-logica-dels-seus-elements-llibre-guia-72-fitxes-2-en-blanc-40-cartes-petites\/\" title=\"Read El cuc parlant : material per a l&#8217;estructuraci\u00f3.\">Llegeix m\u00e9s\u00bb<\/a><\/p>\n","protected":false},"author":1,"featured_media":12376,"comment_status":"open","ping_status":"closed","sticky":false,"template":"","format":"standard","meta":{"_bbp_topic_count":0,"_bbp_reply_count":0,"_bbp_total_topic_count":0,"_bbp_total_reply_count":0,"_bbp_voice_count":0,"_bbp_anonymous_reply_count":0,"_bbp_topic_count_hidden":0,"_bbp_reply_count_hidden":0,"_bbp_forum_subforum_count":0,"footnotes":""},"categories":[281,267],"tags":[915,913,914],"class_list":["post-12375","post","type-post","status-publish","format-standard","has-post-thumbnail","hentry","category-materials","category-morfosintaxi","tag-classificacio","tag-estructuracio","tag-oracio-simple"],"post_mailing_queue_ids":[],"_links":{"self":[{"href":"https:\/\/serveiseducatius.xtec.cat\/credac-perebarnils\/wp-json\/wp\/v2\/posts\/12375","targetHints":{"allow":["GET"]}}],"collection":[{"href":"https:\/\/serveiseducatius.xtec.cat\/credac-perebarnils\/wp-json\/wp\/v2\/posts"}],"about":[{"href":"https:\/\/serveiseducatius.xtec.cat\/credac-perebarnils\/wp-json\/wp\/v2\/types\/post"}],"author":[{"embeddable":true,"href":"https:\/\/serveiseducatius.xtec.cat\/credac-perebarnils\/wp-json\/wp\/v2\/users\/1"}],"replies":[{"embeddable":true,"href":"https:\/\/serveiseducatius.xtec.cat\/credac-perebarnils\/wp-json\/wp\/v2\/comments?post=12375"}],"version-history":[{"count":4,"href":"https:\/\/serveiseducatius.xtec.cat\/credac-perebarnils\/wp-json\/wp\/v2\/posts\/12375\/revisions"}],"predecessor-version":[{"id":14325,"href":"https:\/\/serveiseducatius.xtec.cat\/credac-perebarnils\/wp-json\/wp\/v2\/posts\/12375\/revisions\/14325"}],"wp:featuredmedia":[{"embeddable":true,"href":"https:\/\/serveiseducatius.xtec.cat\/credac-perebarnils\/wp-json\/wp\/v2\/media\/12376"}],"wp:attachment":[{"href":"https:\/\/serveiseducatius.xtec.cat\/credac-perebarnils\/wp-json\/wp\/v2\/media?parent=12375"}],"wp:term":[{"taxonomy":"category","embeddable":true,"href":"https:\/\/serveiseducatius.xtec.cat\/credac-perebarnils\/wp-json\/wp\/v2\/categories?post=12375"},{"taxonomy":"post_tag","embeddable":true,"href":"https:\/\/serveiseducatius.xtec.cat\/credac-perebarnils\/wp-json\/wp\/v2\/tags?post=12375"}],"curies":[{"name":"wp","href":"https:\/\/api.w.org\/{rel}","templated":true}]}}