{"id":12361,"date":"2019-02-05T09:39:34","date_gmt":"2019-02-05T08:39:34","guid":{"rendered":"http:\/\/serveiseducatius.xtec.cat\/credac-perebarnils\/?p=12361"},"modified":"2019-05-16T17:12:03","modified_gmt":"2019-05-16T15:12:03","slug":"colleccio-de-18-quaderns-per-treballar-la-lectura-a-partir-dactivitats-que-ajudin-a-la-comprensio-i-a-ladquisicio-de-velocitat-1-al-6-cicle-inicial-6-al-12-cicle-mitja-13-al-18-cicle-superior-2","status":"publish","type":"post","link":"https:\/\/serveiseducatius.xtec.cat\/credac-perebarnils\/materials\/morfosintaxi\/colleccio-de-18-quaderns-per-treballar-la-lectura-a-partir-dactivitats-que-ajudin-a-la-comprensio-i-a-ladquisicio-de-velocitat-1-al-6-cicle-inicial-6-al-12-cicle-mitja-13-al-18-cicle-superior-2\/","title":{"rendered":"Lectojocs"},"content":{"rendered":"<p>&nbsp;<\/p>\n<table>\n<tbody>\n<tr>\n<td style=\"font-weight: bold; width: 96px;\">Nom:<\/td>\n<td id=\"nom\" style=\"width: 711px;\" colspan=\"3\">Lectojocs<\/td>\n<\/tr>\n<tr>\n<td style=\"font-weight: bold; width: 96px;\">Descripci\u00f3 breu:<\/td>\n<td id=\"descripciobreu\" style=\"width: 711px;\" colspan=\"3\">Col\u00b7lecci\u00f3 de 18 quaderns per treballar la lectura a partir d&#8217;activitats que ajudin a la comprensi\u00f3 i a l&#8217;adquisici\u00f3 de velocitat. 1 al 6 cicle inicial, 6 al 12 cicle mitj\u00e0, 13 al 18 cicle superior<\/td>\n<\/tr>\n<tr>\n<td style=\"font-weight: bold; width: 96px;\">Indicat per treballar:<\/td>\n<td id=\"indicat\" style=\"width: 711px;\" colspan=\"3\">Morfologia i sintaxi<\/td>\n<\/tr>\n<tr>\n<td style=\"font-weight: bold; width: 96px;\">Format:<\/td>\n<td id=\"format\" style=\"width: 711px;\" colspan=\"3\">Llibre<\/td>\n<\/tr>\n<tr>\n<td style=\"font-weight: bold; width: 96px;\">Marca:<\/td>\n<td id=\"marca\" style=\"width: 711px;\" colspan=\"3\">Autores: Roser Genover i Neus Escudero. Ed. Salvatella<\/td>\n<\/tr>\n<tr>\n<td style=\"font-weight: bold; width: 96px;\">Disponible:<\/td>\n<td id=\"disponible\" style=\"width: 95px;\">S\u00ed<\/td>\n<td style=\"font-weight: bold; width: 351px;\">Data de retorn:<\/td>\n<td id=\"dataretorn\" style=\"width: 265px;\"><\/td>\n<\/tr>\n<\/tbody>\n<\/table>\n<p><a href=\"https:\/\/serveiseducatius.xtec.cat\/credac-perebarnils\/wp-content\/uploads\/usu1333\/2019\/02\/lectojocs-MARIA-DEL-MAR-SISQUELLA-GANDIA-1.jpg\"><img loading=\"lazy\" decoding=\"async\" class=\" wp-image-12363 alignleft\" src=\"https:\/\/serveiseducatius.xtec.cat\/credac-perebarnils\/wp-content\/uploads\/usu1333\/2019\/02\/lectojocs-MARIA-DEL-MAR-SISQUELLA-GANDIA-1.jpg\" alt=\"\" width=\"372\" height=\"372\" srcset=\"https:\/\/serveiseducatius.xtec.cat\/credac-perebarnils\/wp-content\/uploads\/usu1333\/2019\/02\/lectojocs-MARIA-DEL-MAR-SISQUELLA-GANDIA-1.jpg 225w, https:\/\/serveiseducatius.xtec.cat\/credac-perebarnils\/wp-content\/uploads\/usu1333\/2019\/02\/lectojocs-MARIA-DEL-MAR-SISQUELLA-GANDIA-1-150x150.jpg 150w\" sizes=\"auto, (max-width: 372px) 100vw, 372px\" \/><\/a><\/p>\n","protected":false},"excerpt":{"rendered":"<p>Col\u00b7lecci\u00f3 de 18 quaderns per treballar la lectura a partir d&#8217;activitats que ajudin a la comprensi\u00f3 i a l&#8217;adquisici\u00f3 de velocitat.&hellip;  <a href=\"https:\/\/serveiseducatius.xtec.cat\/credac-perebarnils\/materials\/morfosintaxi\/colleccio-de-18-quaderns-per-treballar-la-lectura-a-partir-dactivitats-que-ajudin-a-la-comprensio-i-a-ladquisicio-de-velocitat-1-al-6-cicle-inicial-6-al-12-cicle-mitja-13-al-18-cicle-superior-2\/\" title=\"Read Lectojocs\">Llegeix m\u00e9s\u00bb<\/a><\/p>\n","protected":false},"author":1,"featured_media":12363,"comment_status":"open","ping_status":"closed","sticky":false,"template":"","format":"standard","meta":{"_bbp_topic_count":0,"_bbp_reply_count":0,"_bbp_total_topic_count":0,"_bbp_total_reply_count":0,"_bbp_voice_count":0,"_bbp_anonymous_reply_count":0,"_bbp_topic_count_hidden":0,"_bbp_reply_count_hidden":0,"_bbp_forum_subforum_count":0,"footnotes":""},"categories":[281,267],"tags":[910,637,911],"class_list":["post-12361","post","type-post","status-publish","format-standard","has-post-thumbnail","hentry","category-materials","category-morfosintaxi","tag-comprensio","tag-lectura","tag-velocitat-lectora"],"post_mailing_queue_ids":[],"_links":{"self":[{"href":"https:\/\/serveiseducatius.xtec.cat\/credac-perebarnils\/wp-json\/wp\/v2\/posts\/12361","targetHints":{"allow":["GET"]}}],"collection":[{"href":"https:\/\/serveiseducatius.xtec.cat\/credac-perebarnils\/wp-json\/wp\/v2\/posts"}],"about":[{"href":"https:\/\/serveiseducatius.xtec.cat\/credac-perebarnils\/wp-json\/wp\/v2\/types\/post"}],"author":[{"embeddable":true,"href":"https:\/\/serveiseducatius.xtec.cat\/credac-perebarnils\/wp-json\/wp\/v2\/users\/1"}],"replies":[{"embeddable":true,"href":"https:\/\/serveiseducatius.xtec.cat\/credac-perebarnils\/wp-json\/wp\/v2\/comments?post=12361"}],"version-history":[{"count":4,"href":"https:\/\/serveiseducatius.xtec.cat\/credac-perebarnils\/wp-json\/wp\/v2\/posts\/12361\/revisions"}],"predecessor-version":[{"id":14322,"href":"https:\/\/serveiseducatius.xtec.cat\/credac-perebarnils\/wp-json\/wp\/v2\/posts\/12361\/revisions\/14322"}],"wp:featuredmedia":[{"embeddable":true,"href":"https:\/\/serveiseducatius.xtec.cat\/credac-perebarnils\/wp-json\/wp\/v2\/media\/12363"}],"wp:attachment":[{"href":"https:\/\/serveiseducatius.xtec.cat\/credac-perebarnils\/wp-json\/wp\/v2\/media?parent=12361"}],"wp:term":[{"taxonomy":"category","embeddable":true,"href":"https:\/\/serveiseducatius.xtec.cat\/credac-perebarnils\/wp-json\/wp\/v2\/categories?post=12361"},{"taxonomy":"post_tag","embeddable":true,"href":"https:\/\/serveiseducatius.xtec.cat\/credac-perebarnils\/wp-json\/wp\/v2\/tags?post=12361"}],"curies":[{"name":"wp","href":"https:\/\/api.w.org\/{rel}","templated":true}]}}