{"id":12207,"date":"2019-02-04T15:12:16","date_gmt":"2019-02-04T14:12:16","guid":{"rendered":"http:\/\/serveiseducatius.xtec.cat\/credac-perebarnils\/?p=12207"},"modified":"2019-05-17T11:06:38","modified_gmt":"2019-05-17T09:06:38","slug":"recurs-didactic-per-treballar-la-morfosintaxi-1-llibre-guia-7-lam-grans-46-lam-petites-11-bossetes-contenidores","status":"publish","type":"post","link":"https:\/\/serveiseducatius.xtec.cat\/credac-perebarnils\/materials\/morfosintaxi\/recurs-didactic-per-treballar-la-morfosintaxi-1-llibre-guia-7-lam-grans-46-lam-petites-11-bossetes-contenidores\/","title":{"rendered":"Ensenya&#8217;m a parlar : un material per l&#8217;estructuraci\u00f3 del llenguatge"},"content":{"rendered":"<p>&nbsp;<\/p>\n<table>\n<tbody>\n<tr>\n<td style=\"font-weight: bold;\">Nom:<\/td>\n<td id=\"nom\" colspan=\"3\">\u00a0Ensenya&#8217;m a parlar : un material per l&#8217;estructuraci\u00f3 del llenguatge<\/td>\n<\/tr>\n<tr>\n<td style=\"font-weight: bold;\">Descripci\u00f3 breu:<\/td>\n<td id=\"descripciobreu\" colspan=\"3\">Recurs did\u00e0ctic per treballar la morfosintaxi. 1 llibre guia, 7 l\u00e0m. grans, 46 l\u00e0m. petites, 11 bossetes contenidores<\/td>\n<\/tr>\n<tr>\n<td style=\"font-weight: bold;\">Indicat per treballar:<\/td>\n<td id=\"indicat\" colspan=\"3\">Morfologia i sintaxi<\/td>\n<\/tr>\n<tr>\n<td style=\"font-weight: bold;\">Format:<\/td>\n<td id=\"format\" colspan=\"3\">Material gr\u00e0fic<\/td>\n<\/tr>\n<tr>\n<td style=\"font-weight: bold;\">Marca:<\/td>\n<td id=\"marca\" colspan=\"3\">Autora: Gloria L\u00f3pez Garz\u00f3n, Ed. GEU (Granada), 2004. ISBN 8484913651<\/td>\n<\/tr>\n<tr>\n<td style=\"font-weight: bold;\">Disponible:<\/td>\n<td id=\"disponible\">S\u00ed<\/td>\n<td style=\"font-weight: bold;\">Data de retorn:<\/td>\n<td id=\"dataretorn\"><\/td>\n<\/tr>\n<\/tbody>\n<\/table>\n<p><a href=\"https:\/\/serveiseducatius.xtec.cat\/credac-perebarnils\/wp-content\/uploads\/usu1333\/2019\/02\/ensenyam-a-parlar.jpg\"><img loading=\"lazy\" decoding=\"async\" class=\"alignnone wp-image-13536\" src=\"https:\/\/serveiseducatius.xtec.cat\/credac-perebarnils\/wp-content\/uploads\/usu1333\/2019\/02\/ensenyam-a-parlar.jpg\" alt=\"\" width=\"658\" height=\"436\" \/><\/a><\/p>\n","protected":false},"excerpt":{"rendered":"<p>Recurs did\u00e0ctic per treballar la morfosintaxi&hellip;  <a href=\"https:\/\/serveiseducatius.xtec.cat\/credac-perebarnils\/materials\/morfosintaxi\/recurs-didactic-per-treballar-la-morfosintaxi-1-llibre-guia-7-lam-grans-46-lam-petites-11-bossetes-contenidores\/\" title=\"Read Ensenya&#8217;m a parlar : un material per l&#8217;estructuraci\u00f3 del llenguatge\">Llegeix m\u00e9s\u00bb<\/a><\/p>\n","protected":false},"author":1,"featured_media":13536,"comment_status":"open","ping_status":"closed","sticky":false,"template":"","format":"standard","meta":{"_bbp_topic_count":0,"_bbp_reply_count":0,"_bbp_total_topic_count":0,"_bbp_total_reply_count":0,"_bbp_voice_count":0,"_bbp_anonymous_reply_count":0,"_bbp_topic_count_hidden":0,"_bbp_reply_count_hidden":0,"_bbp_forum_subforum_count":0,"footnotes":""},"categories":[281,267],"tags":[1035],"class_list":["post-12207","post","type-post","status-publish","format-standard","has-post-thumbnail","hentry","category-materials","category-morfosintaxi","tag-maleta-didactica"],"post_mailing_queue_ids":[],"_links":{"self":[{"href":"https:\/\/serveiseducatius.xtec.cat\/credac-perebarnils\/wp-json\/wp\/v2\/posts\/12207","targetHints":{"allow":["GET"]}}],"collection":[{"href":"https:\/\/serveiseducatius.xtec.cat\/credac-perebarnils\/wp-json\/wp\/v2\/posts"}],"about":[{"href":"https:\/\/serveiseducatius.xtec.cat\/credac-perebarnils\/wp-json\/wp\/v2\/types\/post"}],"author":[{"embeddable":true,"href":"https:\/\/serveiseducatius.xtec.cat\/credac-perebarnils\/wp-json\/wp\/v2\/users\/1"}],"replies":[{"embeddable":true,"href":"https:\/\/serveiseducatius.xtec.cat\/credac-perebarnils\/wp-json\/wp\/v2\/comments?post=12207"}],"version-history":[{"count":3,"href":"https:\/\/serveiseducatius.xtec.cat\/credac-perebarnils\/wp-json\/wp\/v2\/posts\/12207\/revisions"}],"predecessor-version":[{"id":13528,"href":"https:\/\/serveiseducatius.xtec.cat\/credac-perebarnils\/wp-json\/wp\/v2\/posts\/12207\/revisions\/13528"}],"wp:featuredmedia":[{"embeddable":true,"href":"https:\/\/serveiseducatius.xtec.cat\/credac-perebarnils\/wp-json\/wp\/v2\/media\/13536"}],"wp:attachment":[{"href":"https:\/\/serveiseducatius.xtec.cat\/credac-perebarnils\/wp-json\/wp\/v2\/media?parent=12207"}],"wp:term":[{"taxonomy":"category","embeddable":true,"href":"https:\/\/serveiseducatius.xtec.cat\/credac-perebarnils\/wp-json\/wp\/v2\/categories?post=12207"},{"taxonomy":"post_tag","embeddable":true,"href":"https:\/\/serveiseducatius.xtec.cat\/credac-perebarnils\/wp-json\/wp\/v2\/tags?post=12207"}],"curies":[{"name":"wp","href":"https:\/\/api.w.org\/{rel}","templated":true}]}}