{"id":12196,"date":"2019-02-04T15:06:25","date_gmt":"2019-02-04T14:06:25","guid":{"rendered":"http:\/\/serveiseducatius.xtec.cat\/credac-perebarnils\/?p=12196"},"modified":"2019-03-28T16:50:50","modified_gmt":"2019-03-28T15:50:50","slug":"joc-per-aprendre-a-percebre-uns-sons-determinats-en-posicio-inicial-o-final-1-tauler-de-joc-10-simbols-dels-sons-10-joquers-80-cartes-dimatges-2","status":"publish","type":"post","link":"https:\/\/serveiseducatius.xtec.cat\/credac-perebarnils\/materials\/fonetica-fonologia\/joc-per-aprendre-a-percebre-uns-sons-determinats-en-posicio-inicial-o-final-1-tauler-de-joc-10-simbols-dels-sons-10-joquers-80-cartes-dimatges-2\/","title":{"rendered":"21- La roda de la fira (Jocs de consci\u00e8ncia fonol\u00f2gica)"},"content":{"rendered":"<table>\n<tbody>\n<tr>\n<td style=\"font-weight: bold;\">Nom:<\/td>\n<td id=\"nom\" colspan=\"3\">21- La roda de la fira.<\/td>\n<\/tr>\n<tr>\n<td style=\"font-weight: bold;\">Descripci\u00f3 breu:<\/td>\n<td id=\"descripciobreu\" colspan=\"3\">Joc per aprendre a percebre uns sons determinats en posici\u00f3 inicial o final. 1 tauler de joc, 10 s\u00edmbols dels sons, 10 j\u00f2quers, 80 cartes d&#8217;imatges<\/td>\n<\/tr>\n<tr>\n<td style=\"font-weight: bold;\">Indicat per treballar:<\/td>\n<td id=\"indicat\" colspan=\"3\">Fon\u00e8tica i fonologia<\/td>\n<\/tr>\n<tr>\n<td style=\"font-weight: bold;\">Format:<\/td>\n<td id=\"format\" colspan=\"3\">Material gr\u00e0fic<\/td>\n<\/tr>\n<tr>\n<td style=\"font-weight: bold;\">Marca:<\/td>\n<td id=\"marca\" colspan=\"3\">&#8220;Jocs de consci\u00e8ncia fonol\u00f2gica&#8221;, de Josep Ti\u00f3. Ed. L&#8217;\u00c0lber, 2006 ISBN 9788496248380<\/td>\n<\/tr>\n<tr>\n<td style=\"font-weight: bold;\">Disponible:<\/td>\n<td id=\"disponible\">Si<\/td>\n<td style=\"font-weight: bold;\">Data de retorn:<\/td>\n<td id=\"dataretorn\"><\/td>\n<\/tr>\n<\/tbody>\n<\/table>\n<p><img loading=\"lazy\" decoding=\"async\" class=\"\" src=\"https:\/\/serveiseducatius.xtec.cat\/credac-perebarnils\/wp-content\/uploads\/usu1333\/2019\/02\/451-21-La-roda-de-la-fira.jpg\" width=\"516\" height=\"688\" \/><\/p>\n","protected":false},"excerpt":{"rendered":"<p>Recurs per aprendre a percebre sons determinats&hellip;  <a href=\"https:\/\/serveiseducatius.xtec.cat\/credac-perebarnils\/materials\/fonetica-fonologia\/joc-per-aprendre-a-percebre-uns-sons-determinats-en-posicio-inicial-o-final-1-tauler-de-joc-10-simbols-dels-sons-10-joquers-80-cartes-dimatges-2\/\" title=\"Read 21- La roda de la fira (Jocs de consci\u00e8ncia fonol\u00f2gica)\">Llegeix m\u00e9s\u00bb<\/a><\/p>\n","protected":false},"author":1,"featured_media":13547,"comment_status":"open","ping_status":"closed","sticky":false,"template":"","format":"standard","meta":{"_bbp_topic_count":0,"_bbp_reply_count":0,"_bbp_total_topic_count":0,"_bbp_total_reply_count":0,"_bbp_voice_count":0,"_bbp_anonymous_reply_count":0,"_bbp_topic_count_hidden":0,"_bbp_reply_count_hidden":0,"_bbp_forum_subforum_count":0,"footnotes":""},"categories":[266,281],"tags":[845,857],"class_list":["post-12196","post","type-post","status-publish","format-standard","has-post-thumbnail","hentry","category-fonetica-fonologia","category-materials","tag-consciencia-fonologica","tag-percepcio-dels-sons"],"post_mailing_queue_ids":[],"_links":{"self":[{"href":"https:\/\/serveiseducatius.xtec.cat\/credac-perebarnils\/wp-json\/wp\/v2\/posts\/12196","targetHints":{"allow":["GET"]}}],"collection":[{"href":"https:\/\/serveiseducatius.xtec.cat\/credac-perebarnils\/wp-json\/wp\/v2\/posts"}],"about":[{"href":"https:\/\/serveiseducatius.xtec.cat\/credac-perebarnils\/wp-json\/wp\/v2\/types\/post"}],"author":[{"embeddable":true,"href":"https:\/\/serveiseducatius.xtec.cat\/credac-perebarnils\/wp-json\/wp\/v2\/users\/1"}],"replies":[{"embeddable":true,"href":"https:\/\/serveiseducatius.xtec.cat\/credac-perebarnils\/wp-json\/wp\/v2\/comments?post=12196"}],"version-history":[{"count":4,"href":"https:\/\/serveiseducatius.xtec.cat\/credac-perebarnils\/wp-json\/wp\/v2\/posts\/12196\/revisions"}],"predecessor-version":[{"id":13865,"href":"https:\/\/serveiseducatius.xtec.cat\/credac-perebarnils\/wp-json\/wp\/v2\/posts\/12196\/revisions\/13865"}],"wp:featuredmedia":[{"embeddable":true,"href":"https:\/\/serveiseducatius.xtec.cat\/credac-perebarnils\/wp-json\/wp\/v2\/media\/13547"}],"wp:attachment":[{"href":"https:\/\/serveiseducatius.xtec.cat\/credac-perebarnils\/wp-json\/wp\/v2\/media?parent=12196"}],"wp:term":[{"taxonomy":"category","embeddable":true,"href":"https:\/\/serveiseducatius.xtec.cat\/credac-perebarnils\/wp-json\/wp\/v2\/categories?post=12196"},{"taxonomy":"post_tag","embeddable":true,"href":"https:\/\/serveiseducatius.xtec.cat\/credac-perebarnils\/wp-json\/wp\/v2\/tags?post=12196"}],"curies":[{"name":"wp","href":"https:\/\/api.w.org\/{rel}","templated":true}]}}