{"id":12167,"date":"2019-01-30T16:49:54","date_gmt":"2019-01-30T15:49:54","guid":{"rendered":"http:\/\/serveiseducatius.xtec.cat\/credac-perebarnils\/?p=12167"},"modified":"2019-05-20T16:46:52","modified_gmt":"2019-05-20T14:46:52","slug":"joc-per-treballar-la-percepcio-dels-sons-que-hi-ha-al-comencament-al-mig-i-al-final-de-paraula-tauler-de-joc-10-simbols-dels-sons-10-bruixes-120-cartes-dimatges-2","status":"publish","type":"post","link":"https:\/\/serveiseducatius.xtec.cat\/credac-perebarnils\/materials\/joc-per-treballar-la-percepcio-dels-sons-que-hi-ha-al-comencament-al-mig-i-al-final-de-paraula-tauler-de-joc-10-simbols-dels-sons-10-bruixes-120-cartes-dimatges-2\/","title":{"rendered":"34- Laberints de paraules (Jocs de l\u00e8xic i expressi\u00f3)"},"content":{"rendered":"<p>&nbsp;<\/p>\n<table style=\"height: 169px;\">\n<tbody>\n<tr style=\"height: 31px;\">\n<td style=\"font-weight: bold; height: 31px;\">Nom:<\/td>\n<td id=\"nom\" style=\"height: 31px;\" colspan=\"3\">34- Laberints de paraules (Jocs de l\u00e8xic i expressi\u00f3)<\/td>\n<\/tr>\n<tr style=\"height: 22px;\">\n<td style=\"font-weight: bold; height: 22px;\">Descripci\u00f3 breu:<\/td>\n<td id=\"descripciobreu\" style=\"height: 22px;\" colspan=\"3\">Material per comprendre i utilitzar el l\u00e8xic dibuixat en el joc. Adquirir consci\u00e8ncia fonol\u00f2gica per percebre les s\u00edl\u00b7labes o sons.<\/td>\n<\/tr>\n<tr style=\"height: 31px;\">\n<td style=\"font-weight: bold; height: 31px;\">Indicat per treballar:<\/td>\n<td id=\"indicat\" style=\"height: 31px;\" colspan=\"3\">Expressi\u00f3 oral<\/td>\n<\/tr>\n<tr style=\"height: 31px;\">\n<td style=\"font-weight: bold; height: 31px;\">Format:<\/td>\n<td id=\"format\" style=\"height: 31px;\" colspan=\"3\">Material gr\u00e0fic<\/td>\n<\/tr>\n<tr style=\"height: 31px;\">\n<td style=\"font-weight: bold; height: 31px;\">Marca:<\/td>\n<td id=\"marca\" style=\"height: 31px;\" colspan=\"3\">Jocs de l\u00e8xic i expressi\u00f3, de Josep Ti\u00f3&#8230; [et al.]. Ed. L&#8217;\u00c0lber, 2006. ISBN 9788496248373<\/td>\n<\/tr>\n<tr style=\"height: 23px;\">\n<td style=\"font-weight: bold; height: 23px;\">Disponible:<\/td>\n<td id=\"disponible\" style=\"height: 23px;\">S\u00ed<\/td>\n<td style=\"font-weight: bold; height: 23px;\">Data de retorn:<\/td>\n<td id=\"dataretorn\" style=\"height: 23px;\"><\/td>\n<\/tr>\n<\/tbody>\n<\/table>\n<p>&nbsp;<\/p>\n<p><a href=\"https:\/\/serveiseducatius.xtec.cat\/credac-perebarnils\/wp-content\/uploads\/usu1333\/2019\/01\/34-Laberints-de-paraules-MARIA-DEL-MAR-SISQUELLA-GANDIA-1-1.jpg\"><img loading=\"lazy\" decoding=\"async\" class=\" wp-image-13661\" src=\"https:\/\/serveiseducatius.xtec.cat\/credac-perebarnils\/wp-content\/uploads\/usu1333\/2019\/01\/34-Laberints-de-paraules-MARIA-DEL-MAR-SISQUELLA-GANDIA-1-1.jpg\" alt=\"\" width=\"568\" height=\"426\" srcset=\"https:\/\/serveiseducatius.xtec.cat\/credac-perebarnils\/wp-content\/uploads\/usu1333\/2019\/01\/34-Laberints-de-paraules-MARIA-DEL-MAR-SISQUELLA-GANDIA-1-1.jpg 448w, https:\/\/serveiseducatius.xtec.cat\/credac-perebarnils\/wp-content\/uploads\/usu1333\/2019\/01\/34-Laberints-de-paraules-MARIA-DEL-MAR-SISQUELLA-GANDIA-1-1-300x225.jpg 300w, https:\/\/serveiseducatius.xtec.cat\/credac-perebarnils\/wp-content\/uploads\/usu1333\/2019\/01\/34-Laberints-de-paraules-MARIA-DEL-MAR-SISQUELLA-GANDIA-1-1-200x150.jpg 200w\" sizes=\"auto, (max-width: 568px) 100vw, 568px\" \/><\/a><\/p>\n<p>&nbsp;<\/p>\n","protected":false},"excerpt":{"rendered":"<p>Material per comprendre i utilitzar el l\u00e8xic dibuixat en el joc.&hellip;  <a href=\"https:\/\/serveiseducatius.xtec.cat\/credac-perebarnils\/materials\/joc-per-treballar-la-percepcio-dels-sons-que-hi-ha-al-comencament-al-mig-i-al-final-de-paraula-tauler-de-joc-10-simbols-dels-sons-10-bruixes-120-cartes-dimatges-2\/\" title=\"Read 34- Laberints de paraules (Jocs de l\u00e8xic i expressi\u00f3)\">Llegeix m\u00e9s\u00bb<\/a><\/p>\n","protected":false},"author":1,"featured_media":13661,"comment_status":"open","ping_status":"closed","sticky":false,"template":"","format":"standard","meta":{"_bbp_topic_count":0,"_bbp_reply_count":0,"_bbp_total_topic_count":0,"_bbp_total_reply_count":0,"_bbp_voice_count":0,"_bbp_anonymous_reply_count":0,"_bbp_topic_count_hidden":0,"_bbp_reply_count_hidden":0,"_bbp_forum_subforum_count":0,"footnotes":""},"categories":[815,281],"tags":[845,857,903],"class_list":["post-12167","post","type-post","status-publish","format-standard","has-post-thumbnail","hentry","category-expressio-oral","category-materials","tag-consciencia-fonologica","tag-percepcio-dels-sons","tag-sillabes"],"post_mailing_queue_ids":[],"_links":{"self":[{"href":"https:\/\/serveiseducatius.xtec.cat\/credac-perebarnils\/wp-json\/wp\/v2\/posts\/12167","targetHints":{"allow":["GET"]}}],"collection":[{"href":"https:\/\/serveiseducatius.xtec.cat\/credac-perebarnils\/wp-json\/wp\/v2\/posts"}],"about":[{"href":"https:\/\/serveiseducatius.xtec.cat\/credac-perebarnils\/wp-json\/wp\/v2\/types\/post"}],"author":[{"embeddable":true,"href":"https:\/\/serveiseducatius.xtec.cat\/credac-perebarnils\/wp-json\/wp\/v2\/users\/1"}],"replies":[{"embeddable":true,"href":"https:\/\/serveiseducatius.xtec.cat\/credac-perebarnils\/wp-json\/wp\/v2\/comments?post=12167"}],"version-history":[{"count":4,"href":"https:\/\/serveiseducatius.xtec.cat\/credac-perebarnils\/wp-json\/wp\/v2\/posts\/12167\/revisions"}],"predecessor-version":[{"id":14435,"href":"https:\/\/serveiseducatius.xtec.cat\/credac-perebarnils\/wp-json\/wp\/v2\/posts\/12167\/revisions\/14435"}],"wp:featuredmedia":[{"embeddable":true,"href":"https:\/\/serveiseducatius.xtec.cat\/credac-perebarnils\/wp-json\/wp\/v2\/media\/13661"}],"wp:attachment":[{"href":"https:\/\/serveiseducatius.xtec.cat\/credac-perebarnils\/wp-json\/wp\/v2\/media?parent=12167"}],"wp:term":[{"taxonomy":"category","embeddable":true,"href":"https:\/\/serveiseducatius.xtec.cat\/credac-perebarnils\/wp-json\/wp\/v2\/categories?post=12167"},{"taxonomy":"post_tag","embeddable":true,"href":"https:\/\/serveiseducatius.xtec.cat\/credac-perebarnils\/wp-json\/wp\/v2\/tags?post=12167"}],"curies":[{"name":"wp","href":"https:\/\/api.w.org\/{rel}","templated":true}]}}