{"id":12123,"date":"2019-01-30T15:54:35","date_gmt":"2019-01-30T14:54:35","guid":{"rendered":"http:\/\/serveiseducatius.xtec.cat\/credac-perebarnils\/?p=12123"},"modified":"2019-04-25T16:39:11","modified_gmt":"2019-04-25T14:39:11","slug":"joc-de-domino-per-aprendre-a-comptar-sillabes-o-els-sons-duna-paraula","status":"publish","type":"post","link":"https:\/\/serveiseducatius.xtec.cat\/credac-perebarnils\/materials\/fonetica-fonologia\/joc-de-domino-per-aprendre-a-comptar-sillabes-o-els-sons-duna-paraula\/","title":{"rendered":"11- El d\u00f2mino (Jocs de consci\u00e8ncia fonol\u00f2gica)"},"content":{"rendered":"<table>\n<tbody>\n<tr>\n<td style=\"font-weight: bold; width: 155px;\">Nom:<\/td>\n<td id=\"nom\" style=\"width: 563px;\" colspan=\"3\">11- El d\u00f2mino<\/td>\n<\/tr>\n<tr>\n<td style=\"font-weight: bold; width: 155px;\">Descripci\u00f3 breu:<\/td>\n<td id=\"descripciobreu\" style=\"width: 563px;\" colspan=\"3\">Joc de d\u00f2mino per aprendre a comptar s\u00edl\u00b7labes o els sons d&#8217;una paraula<\/td>\n<\/tr>\n<tr>\n<td style=\"font-weight: bold; width: 155px;\">Indicat per treballar:<\/td>\n<td id=\"indicat\" style=\"width: 563px;\" colspan=\"3\">Fon\u00e8tica i fonologia, Comptar s\u00edl\u00b7labes o sons d&#8217;una paraula<\/td>\n<\/tr>\n<tr>\n<td style=\"font-weight: bold; width: 155px;\">Format:<\/td>\n<td id=\"format\" style=\"width: 563px;\" colspan=\"3\">Material gr\u00e0fic<\/td>\n<\/tr>\n<tr>\n<td style=\"font-weight: bold; width: 155px;\">Marca:<\/td>\n<td id=\"marca\" style=\"width: 563px;\" colspan=\"3\">&#8220;Jocs de consci\u00e8ncia fonol\u00f2gica&#8221;, de Josep Ti\u00f3. Ed. L&#8217;\u00c0lber, 2006 ISBN 9788496248380<\/td>\n<\/tr>\n<tr>\n<td style=\"font-weight: bold; width: 155px;\">Disponible:<\/td>\n<td id=\"disponible\" style=\"width: 77px;\">S\u00ed<\/td>\n<td style=\"font-weight: bold; width: 277px;\">Data de retorn:<\/td>\n<td id=\"dataretorn\" style=\"width: 209px;\"><\/td>\n<\/tr>\n<\/tbody>\n<\/table>\n<figure class=\"figure wp-caption alignleft\"><a href=\"https:\/\/serveiseducatius.xtec.cat\/credac-perebarnils\/wp-content\/uploads\/usu1333\/2019\/01\/11-El-d\u00f2mino-MARIA-DEL-MAR-SISQUELLA-GANDIA-1.jpg\"><img loading=\"lazy\" decoding=\"async\" class=\" wp-image-12124\" src=\"https:\/\/serveiseducatius.xtec.cat\/credac-perebarnils\/wp-content\/uploads\/usu1333\/2019\/01\/11-El-d\u00f2mino-MARIA-DEL-MAR-SISQUELLA-GANDIA-1-211x300.jpg\" alt=\"\" width=\"325\" height=\"462\" srcset=\"https:\/\/serveiseducatius.xtec.cat\/credac-perebarnils\/wp-content\/uploads\/usu1333\/2019\/01\/11-El-d\u00f2mino-MARIA-DEL-MAR-SISQUELLA-GANDIA-1-211x300.jpg 211w, https:\/\/serveiseducatius.xtec.cat\/credac-perebarnils\/wp-content\/uploads\/usu1333\/2019\/01\/11-El-d\u00f2mino-MARIA-DEL-MAR-SISQUELLA-GANDIA-1-768x1090.jpg 768w, https:\/\/serveiseducatius.xtec.cat\/credac-perebarnils\/wp-content\/uploads\/usu1333\/2019\/01\/11-El-d\u00f2mino-MARIA-DEL-MAR-SISQUELLA-GANDIA-1-721x1024.jpg 721w\" sizes=\"auto, (max-width: 325px) 100vw, 325px\" \/><\/a><figcaption class=\"wp-caption-text\">dav<\/figcaption><\/figure>\n","protected":false},"excerpt":{"rendered":"<p>Joc de d\u00f2mino per aprendre a comptar s\u00edl\u00b7labes o els sons d&#8217;una paraula&hellip;  <a href=\"https:\/\/serveiseducatius.xtec.cat\/credac-perebarnils\/materials\/fonetica-fonologia\/joc-de-domino-per-aprendre-a-comptar-sillabes-o-els-sons-duna-paraula\/\" title=\"Read 11- El d\u00f2mino (Jocs de consci\u00e8ncia fonol\u00f2gica)\">Llegeix m\u00e9s\u00bb<\/a><\/p>\n","protected":false},"author":1,"featured_media":12124,"comment_status":"open","ping_status":"closed","sticky":false,"template":"","format":"standard","meta":{"_bbp_topic_count":0,"_bbp_reply_count":0,"_bbp_total_topic_count":0,"_bbp_total_reply_count":0,"_bbp_voice_count":0,"_bbp_anonymous_reply_count":0,"_bbp_topic_count_hidden":0,"_bbp_reply_count_hidden":0,"_bbp_forum_subforum_count":0,"footnotes":""},"categories":[266,281],"tags":[858,845,902],"class_list":["post-12123","post","type-post","status-publish","format-standard","has-post-thumbnail","hentry","category-fonetica-fonologia","category-materials","tag-comptar-sillabes","tag-consciencia-fonologica","tag-domino"],"post_mailing_queue_ids":[],"_links":{"self":[{"href":"https:\/\/serveiseducatius.xtec.cat\/credac-perebarnils\/wp-json\/wp\/v2\/posts\/12123","targetHints":{"allow":["GET"]}}],"collection":[{"href":"https:\/\/serveiseducatius.xtec.cat\/credac-perebarnils\/wp-json\/wp\/v2\/posts"}],"about":[{"href":"https:\/\/serveiseducatius.xtec.cat\/credac-perebarnils\/wp-json\/wp\/v2\/types\/post"}],"author":[{"embeddable":true,"href":"https:\/\/serveiseducatius.xtec.cat\/credac-perebarnils\/wp-json\/wp\/v2\/users\/1"}],"replies":[{"embeddable":true,"href":"https:\/\/serveiseducatius.xtec.cat\/credac-perebarnils\/wp-json\/wp\/v2\/comments?post=12123"}],"version-history":[{"count":3,"href":"https:\/\/serveiseducatius.xtec.cat\/credac-perebarnils\/wp-json\/wp\/v2\/posts\/12123\/revisions"}],"predecessor-version":[{"id":13900,"href":"https:\/\/serveiseducatius.xtec.cat\/credac-perebarnils\/wp-json\/wp\/v2\/posts\/12123\/revisions\/13900"}],"wp:featuredmedia":[{"embeddable":true,"href":"https:\/\/serveiseducatius.xtec.cat\/credac-perebarnils\/wp-json\/wp\/v2\/media\/12124"}],"wp:attachment":[{"href":"https:\/\/serveiseducatius.xtec.cat\/credac-perebarnils\/wp-json\/wp\/v2\/media?parent=12123"}],"wp:term":[{"taxonomy":"category","embeddable":true,"href":"https:\/\/serveiseducatius.xtec.cat\/credac-perebarnils\/wp-json\/wp\/v2\/categories?post=12123"},{"taxonomy":"post_tag","embeddable":true,"href":"https:\/\/serveiseducatius.xtec.cat\/credac-perebarnils\/wp-json\/wp\/v2\/tags?post=12123"}],"curies":[{"name":"wp","href":"https:\/\/api.w.org\/{rel}","templated":true}]}}