{"id":12113,"date":"2019-01-30T15:46:12","date_gmt":"2019-01-30T14:46:12","guid":{"rendered":"http:\/\/serveiseducatius.xtec.cat\/credac-perebarnils\/?p=12113"},"modified":"2019-04-01T12:38:42","modified_gmt":"2019-04-01T10:38:42","slug":"joc-per-adonar-se-que-hi-ha-paraules-curtes-i-paraules-llargues-percebre-larbitrarietat-de-les-paraules-i-la-manca-de-relacio-logica-que-hi-ha-entre-forma-i-significat","status":"publish","type":"post","link":"https:\/\/serveiseducatius.xtec.cat\/credac-perebarnils\/materials\/fonetica-fonologia\/joc-per-adonar-se-que-hi-ha-paraules-curtes-i-paraules-llargues-percebre-larbitrarietat-de-les-paraules-i-la-manca-de-relacio-logica-que-hi-ha-entre-forma-i-significat\/","title":{"rendered":"8- El nom no fa la cosa (Jocs de consci\u00e8ncia fonol\u00f2gica)"},"content":{"rendered":"<p>&nbsp;<\/p>\n<table>\n<tbody>\n<tr>\n<td style=\"font-weight: bold;\">Nom:<\/td>\n<td id=\"nom\" colspan=\"3\">8- El nom no fa la cosa<\/td>\n<\/tr>\n<tr>\n<td style=\"font-weight: bold;\">Descripci\u00f3 breu:<\/td>\n<td id=\"descripciobreu\" colspan=\"3\">Joc per adonar-se que hi ha paraules curtes i paraules llargues. Percebre l&#8217;arbitrarietat de les paraules i la manca de relaci\u00f3 l\u00f2gica que hi ha entre forma i significat<\/td>\n<\/tr>\n<tr>\n<td style=\"font-weight: bold;\">Indicat per treballar:<\/td>\n<td id=\"indicat\" colspan=\"3\">Fon\u00e8tica i fonologia, noms curts i noms llargs<\/td>\n<\/tr>\n<tr>\n<td style=\"font-weight: bold;\">Format:<\/td>\n<td id=\"format\" colspan=\"3\">Material gr\u00e0fic<\/td>\n<\/tr>\n<tr>\n<td style=\"font-weight: bold;\">Marca:<\/td>\n<td id=\"marca\" colspan=\"3\"><span data-sheets-value=\"{&quot;1&quot;:2,&quot;2&quot;:&quot;\\&quot;Jocs de consci\u00e8ncia fonol\u00f2gica\\&quot;, de Josep Ti\u00f3. Ed. L'\u00c0lber, 2006 ISBN 9788496248380&quot;}\" data-sheets-userformat=\"{&quot;2&quot;:513,&quot;3&quot;:{&quot;1&quot;:0},&quot;12&quot;:0}\">&#8220;Jocs de consci\u00e8ncia fonol\u00f2gica&#8221;, de Josep Ti\u00f3. Ed. L&#8217;\u00c0lber, 2006 ISBN 9788496248380<\/span><\/td>\n<\/tr>\n<tr>\n<td style=\"font-weight: bold;\">Disponible:<\/td>\n<td id=\"disponible\">S\u00ed<\/td>\n<td style=\"font-weight: bold;\">Data de retorn:<\/td>\n<td id=\"dataretorn\"><\/td>\n<\/tr>\n<\/tbody>\n<\/table>\n<p>&nbsp;<\/p>\n<figure class=\"figure wp-caption alignleft\"><a href=\"https:\/\/serveiseducatius.xtec.cat\/credac-perebarnils\/wp-content\/uploads\/usu1333\/2019\/01\/8-El-nom-no-fa-la-cosa-MARIA-DEL-MAR-SISQUELLA-GANDIA.jpg\"><img loading=\"lazy\" decoding=\"async\" class=\"size-medium wp-image-12114\" src=\"https:\/\/serveiseducatius.xtec.cat\/credac-perebarnils\/wp-content\/uploads\/usu1333\/2019\/01\/8-El-nom-no-fa-la-cosa-MARIA-DEL-MAR-SISQUELLA-GANDIA-300x191.jpg\" alt=\"\" width=\"300\" height=\"191\" srcset=\"https:\/\/serveiseducatius.xtec.cat\/credac-perebarnils\/wp-content\/uploads\/usu1333\/2019\/01\/8-El-nom-no-fa-la-cosa-MARIA-DEL-MAR-SISQUELLA-GANDIA-300x191.jpg 300w, https:\/\/serveiseducatius.xtec.cat\/credac-perebarnils\/wp-content\/uploads\/usu1333\/2019\/01\/8-El-nom-no-fa-la-cosa-MARIA-DEL-MAR-SISQUELLA-GANDIA-768x490.jpg 768w, https:\/\/serveiseducatius.xtec.cat\/credac-perebarnils\/wp-content\/uploads\/usu1333\/2019\/01\/8-El-nom-no-fa-la-cosa-MARIA-DEL-MAR-SISQUELLA-GANDIA-1024x653.jpg 1024w\" sizes=\"auto, (max-width: 300px) 100vw, 300px\" \/><\/a><figcaption class=\"wp-caption-text\">dav<\/figcaption><\/figure>\n","protected":false},"excerpt":{"rendered":"<p>Joc per adonar-se que hi ha paraules curtes i paraules llargues. Percebre l&#8217;arbitrarietat de les paraules i la manca de relaci\u00f3 l\u00f2gica que hi ha entre forma i significat&hellip;  <a href=\"https:\/\/serveiseducatius.xtec.cat\/credac-perebarnils\/materials\/fonetica-fonologia\/joc-per-adonar-se-que-hi-ha-paraules-curtes-i-paraules-llargues-percebre-larbitrarietat-de-les-paraules-i-la-manca-de-relacio-logica-que-hi-ha-entre-forma-i-significat\/\" title=\"Read 8- El nom no fa la cosa (Jocs de consci\u00e8ncia fonol\u00f2gica)\">Llegeix m\u00e9s\u00bb<\/a><\/p>\n","protected":false},"author":1,"featured_media":12114,"comment_status":"open","ping_status":"closed","sticky":false,"template":"","format":"standard","meta":{"_bbp_topic_count":0,"_bbp_reply_count":0,"_bbp_total_topic_count":0,"_bbp_total_reply_count":0,"_bbp_voice_count":0,"_bbp_anonymous_reply_count":0,"_bbp_topic_count_hidden":0,"_bbp_reply_count_hidden":0,"_bbp_forum_subforum_count":0,"footnotes":""},"categories":[266,281],"tags":[865,846,905,906],"class_list":["post-12113","post","type-post","status-publish","format-standard","has-post-thumbnail","hentry","category-fonetica-fonologia","category-materials","tag-fonetica-fonologia","tag-joc","tag-paraules-curtes","tag-paraules-llargues"],"post_mailing_queue_ids":[],"_links":{"self":[{"href":"https:\/\/serveiseducatius.xtec.cat\/credac-perebarnils\/wp-json\/wp\/v2\/posts\/12113","targetHints":{"allow":["GET"]}}],"collection":[{"href":"https:\/\/serveiseducatius.xtec.cat\/credac-perebarnils\/wp-json\/wp\/v2\/posts"}],"about":[{"href":"https:\/\/serveiseducatius.xtec.cat\/credac-perebarnils\/wp-json\/wp\/v2\/types\/post"}],"author":[{"embeddable":true,"href":"https:\/\/serveiseducatius.xtec.cat\/credac-perebarnils\/wp-json\/wp\/v2\/users\/1"}],"replies":[{"embeddable":true,"href":"https:\/\/serveiseducatius.xtec.cat\/credac-perebarnils\/wp-json\/wp\/v2\/comments?post=12113"}],"version-history":[{"count":4,"href":"https:\/\/serveiseducatius.xtec.cat\/credac-perebarnils\/wp-json\/wp\/v2\/posts\/12113\/revisions"}],"predecessor-version":[{"id":13904,"href":"https:\/\/serveiseducatius.xtec.cat\/credac-perebarnils\/wp-json\/wp\/v2\/posts\/12113\/revisions\/13904"}],"wp:featuredmedia":[{"embeddable":true,"href":"https:\/\/serveiseducatius.xtec.cat\/credac-perebarnils\/wp-json\/wp\/v2\/media\/12114"}],"wp:attachment":[{"href":"https:\/\/serveiseducatius.xtec.cat\/credac-perebarnils\/wp-json\/wp\/v2\/media?parent=12113"}],"wp:term":[{"taxonomy":"category","embeddable":true,"href":"https:\/\/serveiseducatius.xtec.cat\/credac-perebarnils\/wp-json\/wp\/v2\/categories?post=12113"},{"taxonomy":"post_tag","embeddable":true,"href":"https:\/\/serveiseducatius.xtec.cat\/credac-perebarnils\/wp-json\/wp\/v2\/tags?post=12113"}],"curies":[{"name":"wp","href":"https:\/\/api.w.org\/{rel}","templated":true}]}}