{"id":10925,"date":"2018-06-26T09:16:08","date_gmt":"2018-06-26T07:16:08","guid":{"rendered":"http:\/\/serveiseducatius.xtec.cat\/credac-perebarnils\/?p=10925"},"modified":"2018-06-26T09:31:14","modified_gmt":"2018-06-26T07:31:14","slug":"nens-i-nenes-de-lescola-antaviana-presentacio-del-llibre-sords-profunds-pero-hi-sentim-i-parlem-a-les-classes-de-lescola","status":"publish","type":"post","link":"https:\/\/serveiseducatius.xtec.cat\/credac-perebarnils\/alumnes\/nens-i-nenes-de-lescola-antaviana-presentacio-del-llibre-sords-profunds-pero-hi-sentim-i-parlem-a-les-classes-de-lescola\/","title":{"rendered":"Nens i nenes sords de l&#8217;Escola Antaviana : presentaci\u00f3 del llibre &#8220;Sords profunds. Per\u00f2 hi sentim i parlem!&#8221; a les classes de l&#8217;escola"},"content":{"rendered":"<div dir=\"auto\"><\/div>\n<div dir=\"auto\">\n<h5 dir=\"auto\">Els nens i nenes sords de l&#8217;escola Antaviana hem fet un treball molt interessant: hem anat per totes les classes de l&#8217;escola presentant el llibre &#8220;Sords profunds. Per\u00f2 hi sentim i parlem!&#8221; de la Marta Capdevila. Tamb\u00e9 hem aprofitat per explicar la nostra hist\u00f2ria i respondre preguntes com: qu\u00e8 feu quan aneu a la piscina? , sempre heu estat sords?, com carregeu els aparells? , qu\u00e8 feu quan dormiu? ,&#8230;<\/h5>\n<h5 dir=\"auto\">Com hem fet un molt bon treball les nostres logopedes ens han fet una sorpresa: han convidat a la Marta i al Marcel a la nostra escola. Hem pogut passar una estona junts, els hi hem fet preguntes i ens han dedicat el llibre a cadascun de nosaltres. Estem super contents!!<\/h5>\n<h5 dir=\"auto\">Us deixem aquesta foto!<\/h5>\n<\/div>\n<div dir=\"auto\">\u00a0<a href=\"http:\/\/serveiseducatius.xtec.cat\/credac-perebarnils\/wp-content\/uploads\/usu1333\/2018\/06\/Captura.png\"><img loading=\"lazy\" decoding=\"async\" class=\"alignnone size-full wp-image-10926\" src=\"http:\/\/serveiseducatius.xtec.cat\/credac-perebarnils\/wp-content\/uploads\/usu1333\/2018\/06\/Captura.png\" alt=\"\" width=\"804\" height=\"654\" srcset=\"https:\/\/serveiseducatius.xtec.cat\/credac-perebarnils\/wp-content\/uploads\/usu1333\/2018\/06\/Captura.png 804w, https:\/\/serveiseducatius.xtec.cat\/credac-perebarnils\/wp-content\/uploads\/usu1333\/2018\/06\/Captura-300x244.png 300w, https:\/\/serveiseducatius.xtec.cat\/credac-perebarnils\/wp-content\/uploads\/usu1333\/2018\/06\/Captura-768x625.png 768w\" sizes=\"auto, (max-width: 804px) 100vw, 804px\" \/><\/a><\/div>\n","protected":false},"excerpt":{"rendered":"<p>Els nens i nenes sords de l&#8217;escola Antaviana hem fet un treball molt interessant&hellip;  <a href=\"https:\/\/serveiseducatius.xtec.cat\/credac-perebarnils\/alumnes\/nens-i-nenes-de-lescola-antaviana-presentacio-del-llibre-sords-profunds-pero-hi-sentim-i-parlem-a-les-classes-de-lescola\/\" title=\"Read Nens i nenes sords de l&#8217;Escola Antaviana : presentaci\u00f3 del llibre &#8220;Sords profunds. Per\u00f2 hi sentim i parlem!&#8221; a les classes de l&#8217;escola\">Llegeix m\u00e9s\u00bb<\/a><\/p>\n","protected":false},"author":7,"featured_media":10929,"comment_status":"open","ping_status":"closed","sticky":false,"template":"","format":"standard","meta":{"_bbp_topic_count":0,"_bbp_reply_count":0,"_bbp_total_topic_count":0,"_bbp_total_reply_count":0,"_bbp_voice_count":0,"_bbp_anonymous_reply_count":0,"_bbp_topic_count_hidden":0,"_bbp_reply_count_hidden":0,"_bbp_forum_subforum_count":0,"footnotes":""},"categories":[272,273],"tags":[765],"class_list":["post-10925","post","type-post","status-publish","format-standard","has-post-thumbnail","hentry","category-alumnes","category-portada","tag-alumnes"],"post_mailing_queue_ids":[],"_links":{"self":[{"href":"https:\/\/serveiseducatius.xtec.cat\/credac-perebarnils\/wp-json\/wp\/v2\/posts\/10925","targetHints":{"allow":["GET"]}}],"collection":[{"href":"https:\/\/serveiseducatius.xtec.cat\/credac-perebarnils\/wp-json\/wp\/v2\/posts"}],"about":[{"href":"https:\/\/serveiseducatius.xtec.cat\/credac-perebarnils\/wp-json\/wp\/v2\/types\/post"}],"author":[{"embeddable":true,"href":"https:\/\/serveiseducatius.xtec.cat\/credac-perebarnils\/wp-json\/wp\/v2\/users\/7"}],"replies":[{"embeddable":true,"href":"https:\/\/serveiseducatius.xtec.cat\/credac-perebarnils\/wp-json\/wp\/v2\/comments?post=10925"}],"version-history":[{"count":4,"href":"https:\/\/serveiseducatius.xtec.cat\/credac-perebarnils\/wp-json\/wp\/v2\/posts\/10925\/revisions"}],"predecessor-version":[{"id":10932,"href":"https:\/\/serveiseducatius.xtec.cat\/credac-perebarnils\/wp-json\/wp\/v2\/posts\/10925\/revisions\/10932"}],"wp:featuredmedia":[{"embeddable":true,"href":"https:\/\/serveiseducatius.xtec.cat\/credac-perebarnils\/wp-json\/wp\/v2\/media\/10929"}],"wp:attachment":[{"href":"https:\/\/serveiseducatius.xtec.cat\/credac-perebarnils\/wp-json\/wp\/v2\/media?parent=10925"}],"wp:term":[{"taxonomy":"category","embeddable":true,"href":"https:\/\/serveiseducatius.xtec.cat\/credac-perebarnils\/wp-json\/wp\/v2\/categories?post=10925"},{"taxonomy":"post_tag","embeddable":true,"href":"https:\/\/serveiseducatius.xtec.cat\/credac-perebarnils\/wp-json\/wp\/v2\/tags?post=10925"}],"curies":[{"name":"wp","href":"https:\/\/api.w.org\/{rel}","templated":true}]}}