{"id":10351,"date":"2018-02-09T12:42:19","date_gmt":"2018-02-09T11:42:19","guid":{"rendered":"http:\/\/serveiseducatius.xtec.cat\/credac-perebarnils\/?p=10351"},"modified":"2018-02-09T12:42:19","modified_gmt":"2018-02-09T11:42:19","slug":"reunio-amb-les-escoles-de-referencia-per-lalumnat-amb-sordesa-en-modalitat-oral","status":"publish","type":"post","link":"https:\/\/serveiseducatius.xtec.cat\/credac-perebarnils\/general\/reunio-amb-les-escoles-de-referencia-per-lalumnat-amb-sordesa-en-modalitat-oral\/","title":{"rendered":"Reuni\u00f3 amb les escoles de refer\u00e8ncia per l&#8217;alumnat amb sordesa en modalitat oral"},"content":{"rendered":"<p>&nbsp;<\/p>\n<p>Dilluns passat, 5 de febrer, vam fer una trobada al CREDA amb les direccions de les escoles de refer\u00e8ncia per a l&#8217;escolaritzaci\u00f3 d&#8217;alumnat amb sordesa en modalitat oral. Hi van assistir membres dels equips directius d&#8217;aquestes escoles de Barcelona, les seves referents dels EAP, l&#8217;equip directiu del CREDA i el nostre inspector.<\/p>\n<p>A la reuni\u00f3 vam fer una posada en com\u00fa de la situaci\u00f3 actual de la col\u00b7laboraci\u00f3 entre aquestes escoles i el CREDA i vam acordar actualitzar els projectes d&#8217;agrupament, d&#8217;entre altres assumptes.<\/p>\n<p>Moltes gr\u00e0cies a totes les participants!<\/p>\n<p><a href=\"http:\/\/serveiseducatius.xtec.cat\/credac-perebarnils\/wp-content\/uploads\/usu1333\/2018\/02\/7c5d43fe-7ac0-4872-9bd6-5f79f8475ec2.jpg\"><img decoding=\"async\" src=\"http:\/\/serveiseducatius.xtec.cat\/credac-perebarnils\/wp-content\/uploads\/usu1333\/2018\/02\/7c5d43fe-7ac0-4872-9bd6-5f79f8475ec2-300x225.jpg\" alt=\"\" width=\"48%\" \/><\/a> <a href=\"http:\/\/serveiseducatius.xtec.cat\/credac-perebarnils\/wp-content\/uploads\/usu1333\/2018\/02\/9cdf6950-4932-46c4-9985-e0b226fdab56.jpg\"><img decoding=\"async\" src=\"http:\/\/serveiseducatius.xtec.cat\/credac-perebarnils\/wp-content\/uploads\/usu1333\/2018\/02\/9cdf6950-4932-46c4-9985-e0b226fdab56-300x225.jpg\" alt=\"\" width=\"48%\" \/><\/a><\/p>\n","protected":false},"excerpt":{"rendered":"<p>&nbsp;<br \/>\nDilluns passat, 5 de febrer, vam fer una trobada al CREDA amb les direccions de les escoles de refer\u00e8ncia per a l&#8217;escolaritzaci\u00f3 d&#8217;alumnat amb sordesa en modalitat oral. Hi van assistir membres dels equips directius d&#8217;aquestes escoles de Barcelona, les seves referents dels EAP, l&#8217;equip&hellip;  <a href=\"https:\/\/serveiseducatius.xtec.cat\/credac-perebarnils\/general\/reunio-amb-les-escoles-de-referencia-per-lalumnat-amb-sordesa-en-modalitat-oral\/\" title=\"Read Reuni\u00f3 amb les escoles de refer\u00e8ncia per l&#8217;alumnat amb sordesa en modalitat oral\">Llegeix m\u00e9s\u00bb<\/a><\/p>\n","protected":false},"author":1,"featured_media":10352,"comment_status":"open","ping_status":"closed","sticky":false,"template":"","format":"standard","meta":{"_bbp_topic_count":0,"_bbp_reply_count":0,"_bbp_total_topic_count":0,"_bbp_total_reply_count":0,"_bbp_voice_count":0,"_bbp_anonymous_reply_count":0,"_bbp_topic_count_hidden":0,"_bbp_reply_count_hidden":0,"_bbp_forum_subforum_count":0,"footnotes":""},"categories":[287,1,273,264],"tags":[672,670,671,675,674,673],"class_list":["post-10351","post","type-post","status-publish","format-standard","has-post-thumbnail","hentry","category-als-mitjans","category-general","category-portada","category-professionals","tag-agrupament","tag-escola","tag-escoles","tag-oral","tag-projecte-dagrupament","tag-referencia"],"post_mailing_queue_ids":[],"_links":{"self":[{"href":"https:\/\/serveiseducatius.xtec.cat\/credac-perebarnils\/wp-json\/wp\/v2\/posts\/10351","targetHints":{"allow":["GET"]}}],"collection":[{"href":"https:\/\/serveiseducatius.xtec.cat\/credac-perebarnils\/wp-json\/wp\/v2\/posts"}],"about":[{"href":"https:\/\/serveiseducatius.xtec.cat\/credac-perebarnils\/wp-json\/wp\/v2\/types\/post"}],"author":[{"embeddable":true,"href":"https:\/\/serveiseducatius.xtec.cat\/credac-perebarnils\/wp-json\/wp\/v2\/users\/1"}],"replies":[{"embeddable":true,"href":"https:\/\/serveiseducatius.xtec.cat\/credac-perebarnils\/wp-json\/wp\/v2\/comments?post=10351"}],"version-history":[{"count":3,"href":"https:\/\/serveiseducatius.xtec.cat\/credac-perebarnils\/wp-json\/wp\/v2\/posts\/10351\/revisions"}],"predecessor-version":[{"id":10357,"href":"https:\/\/serveiseducatius.xtec.cat\/credac-perebarnils\/wp-json\/wp\/v2\/posts\/10351\/revisions\/10357"}],"wp:featuredmedia":[{"embeddable":true,"href":"https:\/\/serveiseducatius.xtec.cat\/credac-perebarnils\/wp-json\/wp\/v2\/media\/10352"}],"wp:attachment":[{"href":"https:\/\/serveiseducatius.xtec.cat\/credac-perebarnils\/wp-json\/wp\/v2\/media?parent=10351"}],"wp:term":[{"taxonomy":"category","embeddable":true,"href":"https:\/\/serveiseducatius.xtec.cat\/credac-perebarnils\/wp-json\/wp\/v2\/categories?post=10351"},{"taxonomy":"post_tag","embeddable":true,"href":"https:\/\/serveiseducatius.xtec.cat\/credac-perebarnils\/wp-json\/wp\/v2\/tags?post=10351"}],"curies":[{"name":"wp","href":"https:\/\/api.w.org\/{rel}","templated":true}]}}