{"id":10347,"date":"2018-02-09T11:05:47","date_gmt":"2018-02-09T10:05:47","guid":{"rendered":"http:\/\/serveiseducatius.xtec.cat\/credac-perebarnils\/?p=10347"},"modified":"2018-02-09T11:05:47","modified_gmt":"2018-02-09T10:05:47","slug":"noves-lamines-en-lsc-amb-terminologia-relacionada-amb-la-seguretat","status":"publish","type":"post","link":"https:\/\/serveiseducatius.xtec.cat\/credac-perebarnils\/portada\/noves-lamines-en-lsc-amb-terminologia-relacionada-amb-la-seguretat\/","title":{"rendered":"Noves L\u00e0mines en LSC amb terminologia relacionada amb la seguretat"},"content":{"rendered":"<p><a href=\"http:\/\/serveiseducatius.xtec.cat\/credac-perebarnils\/wp-content\/uploads\/usu1333\/2018\/02\/Captura-de-pantalla-2018-02-09-a-les-11.02.55.png\"><img loading=\"lazy\" decoding=\"async\" class=\"alignleft size-medium wp-image-10348\" src=\"http:\/\/serveiseducatius.xtec.cat\/credac-perebarnils\/wp-content\/uploads\/usu1333\/2018\/02\/Captura-de-pantalla-2018-02-09-a-les-11.02.55-300x213.png\" alt=\"\" width=\"300\" height=\"213\" srcset=\"https:\/\/serveiseducatius.xtec.cat\/credac-perebarnils\/wp-content\/uploads\/usu1333\/2018\/02\/Captura-de-pantalla-2018-02-09-a-les-11.02.55-300x213.png 300w, https:\/\/serveiseducatius.xtec.cat\/credac-perebarnils\/wp-content\/uploads\/usu1333\/2018\/02\/Captura-de-pantalla-2018-02-09-a-les-11.02.55-768x544.png 768w, https:\/\/serveiseducatius.xtec.cat\/credac-perebarnils\/wp-content\/uploads\/usu1333\/2018\/02\/Captura-de-pantalla-2018-02-09-a-les-11.02.55-1024x725.png 1024w, https:\/\/serveiseducatius.xtec.cat\/credac-perebarnils\/wp-content\/uploads\/usu1333\/2018\/02\/Captura-de-pantalla-2018-02-09-a-les-11.02.55.png 1056w\" sizes=\"auto, (max-width: 300px) 100vw, 300px\" \/><\/a><\/p>\n<p>La Direcci\u00f3 General de Pol\u00edtica Ling\u00fc\u00edstica ha publicat dues noves l\u00e0mines en llengua de signes amb terminologia relacionada amb la seguretat. Aquestes l\u00e0mines s&#8217;inclouen en una col\u00b7lecci\u00f3 que han elaborat amb la col\u00b7laboraci\u00f3 de FESOCA.<\/p>\n<p>Aqu\u00ed teniu l&#8217;enlla\u00e7 a la col\u00b7lecci\u00f3:<\/p>\n<p><a href=\"http:\/\/llengua.gencat.cat\/ca\/serveis\/informacio_i_difusio\/publicacions_en_linia\/lsc-lamines-sobre-la-llengua-de-signes-catalana\/\">http:\/\/llengua.gencat.cat\/ca\/serveis\/informacio_i_difusio\/publicacions_en_linia\/lsc-lamines-sobre-la-llengua-de-signes-catalana\/<\/a><\/p>\n","protected":false},"excerpt":{"rendered":"<p><a href=\"http:\/\/serveiseducatius.xtec.cat\/credac-perebarnils\/wp-content\/uploads\/usu1333\/2018\/02\/Captura-de-pantalla-2018-02-09-a-les-11.02.55.png\"><\/a><br \/>\nLa Direcci\u00f3 General de Pol\u00edtica Ling\u00fc\u00edstica ha publicat dues noves l\u00e0mines en llengua de signes amb terminologia relacionada amb la seguretat. Aquestes l\u00e0mines s&#8217;inclouen en una col\u00b7lecci\u00f3 que han elaborat amb la col\u00b7laboraci\u00f3 de FESOCA.<br \/>\nAqu\u00ed teniu l&#8217;enlla\u00e7 a la col\u00b7lecci\u00f3:<br \/>\n<a href=\"http:\/\/llengua.gencat.cat\/ca\/serveis\/informacio_i_difusio\/publicacions_en_linia\/lsc-lamines-sobre-la-llengua-de-signes-catalana\/\">http:\/\/llengua.gencat.cat\/ca\/serveis\/informacio_i_difusio\/publicacions_en_linia\/lsc-lamines-sobre-la-llengua-de-signes-catalana\/<\/a><\/p>\n","protected":false},"author":1,"featured_media":10349,"comment_status":"open","ping_status":"closed","sticky":false,"template":"","format":"standard","meta":{"_bbp_topic_count":0,"_bbp_reply_count":0,"_bbp_total_topic_count":0,"_bbp_total_reply_count":0,"_bbp_voice_count":0,"_bbp_anonymous_reply_count":0,"_bbp_topic_count_hidden":0,"_bbp_reply_count_hidden":0,"_bbp_forum_subforum_count":0,"footnotes":""},"categories":[287,296,281,273],"tags":[],"class_list":["post-10347","post","type-post","status-publish","format-standard","has-post-thumbnail","hentry","category-als-mitjans","category-llengua-de-signes","category-materials","category-portada"],"post_mailing_queue_ids":[],"_links":{"self":[{"href":"https:\/\/serveiseducatius.xtec.cat\/credac-perebarnils\/wp-json\/wp\/v2\/posts\/10347","targetHints":{"allow":["GET"]}}],"collection":[{"href":"https:\/\/serveiseducatius.xtec.cat\/credac-perebarnils\/wp-json\/wp\/v2\/posts"}],"about":[{"href":"https:\/\/serveiseducatius.xtec.cat\/credac-perebarnils\/wp-json\/wp\/v2\/types\/post"}],"author":[{"embeddable":true,"href":"https:\/\/serveiseducatius.xtec.cat\/credac-perebarnils\/wp-json\/wp\/v2\/users\/1"}],"replies":[{"embeddable":true,"href":"https:\/\/serveiseducatius.xtec.cat\/credac-perebarnils\/wp-json\/wp\/v2\/comments?post=10347"}],"version-history":[{"count":1,"href":"https:\/\/serveiseducatius.xtec.cat\/credac-perebarnils\/wp-json\/wp\/v2\/posts\/10347\/revisions"}],"predecessor-version":[{"id":10350,"href":"https:\/\/serveiseducatius.xtec.cat\/credac-perebarnils\/wp-json\/wp\/v2\/posts\/10347\/revisions\/10350"}],"wp:featuredmedia":[{"embeddable":true,"href":"https:\/\/serveiseducatius.xtec.cat\/credac-perebarnils\/wp-json\/wp\/v2\/media\/10349"}],"wp:attachment":[{"href":"https:\/\/serveiseducatius.xtec.cat\/credac-perebarnils\/wp-json\/wp\/v2\/media?parent=10347"}],"wp:term":[{"taxonomy":"category","embeddable":true,"href":"https:\/\/serveiseducatius.xtec.cat\/credac-perebarnils\/wp-json\/wp\/v2\/categories?post=10347"},{"taxonomy":"post_tag","embeddable":true,"href":"https:\/\/serveiseducatius.xtec.cat\/credac-perebarnils\/wp-json\/wp\/v2\/tags?post=10347"}],"curies":[{"name":"wp","href":"https:\/\/api.w.org\/{rel}","templated":true}]}}