{"id":10905,"date":"2024-02-28T13:41:14","date_gmt":"2024-02-28T12:41:14","guid":{"rendered":"https:\/\/serveiseducatius.xtec.cat\/creda-tarragona\/?p=10905"},"modified":"2024-02-28T13:41:14","modified_gmt":"2024-02-28T12:41:14","slug":"formacio-a-carrec-de-la-sra-enriqueta-garriga-consciencia-fonologica","status":"publish","type":"post","link":"https:\/\/serveiseducatius.xtec.cat\/creda-tarragona\/general\/formacio-a-carrec-de-la-sra-enriqueta-garriga-consciencia-fonologica\/","title":{"rendered":"Formaci\u00f3 a c\u00e0rrec de la Sra. Enriqueta Garriga: Consci\u00e8ncia Fonol\u00f2gica"},"content":{"rendered":"<p>El dijous 8 de febrer (2024) les logopedes del CREDAT-TE vam rebre la formaci\u00f3 de la Sra. Enriqueta Garriga amb el t\u00edtol de: <em>\u201cDel desenvolupament\u00a0de\u00a0la llengua oral a l\u2019aprenentatge de la llengua escrita\u201d.<\/em> La professora Garriga t\u00e9 una \u00e0mplia traject\u00f2ria professional al Departament d&#8217;Ensenyament, com a Logopeda, Psicopedagoga, Directora de centres d&#8217; Educaci\u00f3 Especial i de Centres de Recursos Educatius per a Deficients Auditius, aix\u00ed com a professora de les Universitats Ramon Llull i Blanquerna. Creadora de la llic\u00e8ncia d\u2019estudis sobre la consci\u00e8ncia fonol\u00f2gica com a un dels processos importants per l\u2019aprenentatge del llenguatge escrit, sense oblidar que aquest proc\u00e9s no es produeix en tots els alumnes de forma \u201cnatural\u201d i que cal con\u00e8ixer molt b\u00e9 quins mecanismes activar i com fer-ho. Les logopedes vam gaudir dels seus coneixements donant rellev\u00e0ncia, entre altres aspectes, les nostres funcions a l\u2019escola i la responsabilitat que tenim envers els nostres alumnes en ajudar-los a assolir un bon desenvolupament ling\u00fc\u00edstic. Sempre ha estat un referent per nosaltres, i en general per tots i totes els\/les professionals que treballem en aquestes etapes. Moltes gr\u00e0cies!!<\/p>\n<p><a href=\"https:\/\/serveiseducatius.xtec.cat\/creda-tarragona\/wp-content\/uploads\/usu1338\/2024\/02\/Captura.png\"><img loading=\"lazy\" decoding=\"async\" class=\"wp-image-10906 aligncenter\" src=\"https:\/\/serveiseducatius.xtec.cat\/creda-tarragona\/wp-content\/uploads\/usu1338\/2024\/02\/Captura.png\" alt=\"\" width=\"302\" height=\"246\" srcset=\"https:\/\/serveiseducatius.xtec.cat\/creda-tarragona\/wp-content\/uploads\/usu1338\/2024\/02\/Captura.png 682w, https:\/\/serveiseducatius.xtec.cat\/creda-tarragona\/wp-content\/uploads\/usu1338\/2024\/02\/Captura-300x244.png 300w\" sizes=\"auto, (max-width: 302px) 100vw, 302px\" \/><\/a><\/p>\n","protected":false},"excerpt":{"rendered":"<p>El passat dijous 8 de febrer (2024) les logopedes del CREDAT-TE vam rebre la formaci\u00f3 de la Sra. Enriqueta Garriga amb el t\u00edtol de: \u201cDel desenvolupament\u00a0de\u00a0la llengua oral a l\u2019aprenentatge de la llengua escrita\u201d.<\/p>\n","protected":false},"author":76,"featured_media":10906,"comment_status":"open","ping_status":"closed","sticky":false,"template":"","format":"standard","meta":{"_bbp_topic_count":0,"_bbp_reply_count":0,"_bbp_total_topic_count":0,"_bbp_total_reply_count":0,"_bbp_voice_count":0,"_bbp_anonymous_reply_count":0,"_bbp_topic_count_hidden":0,"_bbp_reply_count_hidden":0,"_bbp_forum_subforum_count":0,"site-sidebar-layout":"default","site-content-layout":"","ast-site-content-layout":"","site-content-style":"default","site-sidebar-style":"default","ast-global-header-display":"","ast-banner-title-visibility":"","ast-main-header-display":"","ast-hfb-above-header-display":"","ast-hfb-below-header-display":"","ast-hfb-mobile-header-display":"","site-post-title":"","ast-breadcrumbs-content":"","ast-featured-img":"","footer-sml-layout":"","theme-transparent-header-meta":"","adv-header-id-meta":"","stick-header-meta":"","header-above-stick-meta":"","header-main-stick-meta":"","header-below-stick-meta":"","astra-migrate-meta-layouts":"default","ast-page-background-enabled":"default","ast-page-background-meta":{"desktop":{"background-color":"var(--ast-global-color-4)","background-image":"","background-repeat":"repeat","background-position":"center center","background-size":"auto","background-attachment":"scroll","background-type":"","background-media":"","overlay-type":"","overlay-color":"","overlay-opacity":"","overlay-gradient":""},"tablet":{"background-color":"","background-image":"","background-repeat":"repeat","background-position":"center center","background-size":"auto","background-attachment":"scroll","background-type":"","background-media":"","overlay-type":"","overlay-color":"","overlay-opacity":"","overlay-gradient":""},"mobile":{"background-color":"","background-image":"","background-repeat":"repeat","background-position":"center center","background-size":"auto","background-attachment":"scroll","background-type":"","background-media":"","overlay-type":"","overlay-color":"","overlay-opacity":"","overlay-gradient":""}},"ast-content-background-meta":{"desktop":{"background-color":"var(--ast-global-color-5)","background-image":"","background-repeat":"repeat","background-position":"center center","background-size":"auto","background-attachment":"scroll","background-type":"","background-media":"","overlay-type":"","overlay-color":"","overlay-opacity":"","overlay-gradient":""},"tablet":{"background-color":"var(--ast-global-color-5)","background-image":"","background-repeat":"repeat","background-position":"center center","background-size":"auto","background-attachment":"scroll","background-type":"","background-media":"","overlay-type":"","overlay-color":"","overlay-opacity":"","overlay-gradient":""},"mobile":{"background-color":"var(--ast-global-color-5)","background-image":"","background-repeat":"repeat","background-position":"center center","background-size":"auto","background-attachment":"scroll","background-type":"","background-media":"","overlay-type":"","overlay-color":"","overlay-opacity":"","overlay-gradient":""}},"footnotes":""},"categories":[271,288,1,273,264],"tags":[],"class_list":["post-10905","post","type-post","status-publish","format-standard","has-post-thumbnail","hentry","category-families","category-formacio","category-general","category-portada","category-professionals"],"post_mailing_queue_ids":[],"_links":{"self":[{"href":"https:\/\/serveiseducatius.xtec.cat\/creda-tarragona\/wp-json\/wp\/v2\/posts\/10905","targetHints":{"allow":["GET"]}}],"collection":[{"href":"https:\/\/serveiseducatius.xtec.cat\/creda-tarragona\/wp-json\/wp\/v2\/posts"}],"about":[{"href":"https:\/\/serveiseducatius.xtec.cat\/creda-tarragona\/wp-json\/wp\/v2\/types\/post"}],"author":[{"embeddable":true,"href":"https:\/\/serveiseducatius.xtec.cat\/creda-tarragona\/wp-json\/wp\/v2\/users\/76"}],"replies":[{"embeddable":true,"href":"https:\/\/serveiseducatius.xtec.cat\/creda-tarragona\/wp-json\/wp\/v2\/comments?post=10905"}],"version-history":[{"count":6,"href":"https:\/\/serveiseducatius.xtec.cat\/creda-tarragona\/wp-json\/wp\/v2\/posts\/10905\/revisions"}],"predecessor-version":[{"id":10912,"href":"https:\/\/serveiseducatius.xtec.cat\/creda-tarragona\/wp-json\/wp\/v2\/posts\/10905\/revisions\/10912"}],"wp:featuredmedia":[{"embeddable":true,"href":"https:\/\/serveiseducatius.xtec.cat\/creda-tarragona\/wp-json\/wp\/v2\/media\/10906"}],"wp:attachment":[{"href":"https:\/\/serveiseducatius.xtec.cat\/creda-tarragona\/wp-json\/wp\/v2\/media?parent=10905"}],"wp:term":[{"taxonomy":"category","embeddable":true,"href":"https:\/\/serveiseducatius.xtec.cat\/creda-tarragona\/wp-json\/wp\/v2\/categories?post=10905"},{"taxonomy":"post_tag","embeddable":true,"href":"https:\/\/serveiseducatius.xtec.cat\/creda-tarragona\/wp-json\/wp\/v2\/tags?post=10905"}],"curies":[{"name":"wp","href":"https:\/\/api.w.org\/{rel}","templated":true}]}}