{"id":8949,"date":"2017-02-21T18:53:32","date_gmt":"2017-02-21T17:53:32","guid":{"rendered":"http:\/\/serveiseducatius.xtec.cat\/creda-penedes\/?p=8949"},"modified":"2017-03-24T10:35:54","modified_gmt":"2017-03-24T09:35:54","slug":"john-tracy-clinic-jtc-a-barcelona-aquest-mes-de-marc","status":"publish","type":"post","link":"https:\/\/serveiseducatius.xtec.cat\/creda-penedes\/families\/john-tracy-clinic-jtc-a-barcelona-aquest-mes-de-marc\/","title":{"rendered":"John Tracy Clinic (JTC) a Barcelona aquest mes de Mar\u00e7"},"content":{"rendered":"<p><em><strong>T-oigo<\/strong>, l&#8217;associaci\u00f3 sense \u00e0nim de lucre per a fam\u00edlies de nens amb p\u00e8rdua auditiva, organitza una s\u00e8rie de cinc esdeveniments a Madrid i Barcelona amb la John Tracy Clinic (JTC) de Los Angeles (Calif\u00f2rnia, EUA) del 17 al 21 de Mar\u00e7 , oferint formaci\u00f3 i suport a les fam\u00edlies de nens amb p\u00e8rdua auditiva i als professionals que els atenen.<br \/>\nLa John Tr<a href=\"http:\/\/serveiseducatius.xtec.cat\/creda-penedes\/wp-content\/uploads\/usu836\/2017\/02\/unnamed.jpg\"><img loading=\"lazy\" decoding=\"async\" class=\"size-thumbnail wp-image-8951 alignleft\" src=\"http:\/\/serveiseducatius.xtec.cat\/creda-penedes\/wp-content\/uploads\/usu836\/2017\/02\/unnamed-150x150.jpg\" alt=\"unnamed\" width=\"150\" height=\"150\" \/><\/a>acy Clinic (JTC) de Los Angeles (Calif\u00f2rnia, EUA) \u00e9s l\u00edder mundial des de 1943 en el suport a les fam\u00edlies de nens amb p\u00e8rdua auditiva i formaci\u00f3 a professionals. Fundada per la dona de l&#8217;actor Spencer Tracy amb el suport del seu amic Walt Disney, per compartir amb altres fam\u00edlies la seva experi\u00e8ncia despr\u00e9s de ser mare d&#8217;un nen (John) amb p\u00e8rdua auditiva, la cl\u00ednica ofereix des de llavors als pares els coneixements necessaris perqu\u00e8 ajudin els seus nens a desenvolupar tot el seu potencial de comunicaci\u00f3. El seu lema, &#8220;Esperan\u00e7a, Orientaci\u00f3 i Suport&#8221; i la seva filosofia tan positiva canvia vides.<br \/>\nEl diagn\u00f2stic de sordesa d&#8217;un fill \u00e9s un moment dif\u00edcil per als seus pares. El 99% dels nens que neixen amb sordesa tenen pares oients que, davant el diagn\u00f2stic, es mostren abatuts i desorientats. A trav\u00e9s dels seus programes i activitats, la JTC capacita les fam\u00edlies per ajudar els seus fills en el desenvolupament de les seves capacitats comunicatives.<br \/>\nEls esdeveniments organitzats per <strong>t-oigo<\/strong><\/em> amb els professionals de la JTC inclouen una Confer\u00e8ncia a la Fundaci\u00f3 Rafael del Pino de Madrid, un c\u00f2ctel \/ sopar ben\u00e8fic al restaurant &#8220;La Favorita&#8221; de Madrid, i sessions de consulta privades i campaments d&#8217;immersi\u00f3 per les fam\u00edlies amb els seus fills i professionals tant a Toledo com a Barcelona. Aquests campaments inclouen formaci\u00f3 intensiva, sessions de suport i activitats l\u00fadiques en fam\u00edlia orientades a l&#8217;expressi\u00f3, diversi\u00f3 i interacci\u00f3 del grup. Tenen com a objectiu la formaci\u00f3 i l&#8217;establiment de vincles amb altres pares de fam\u00edlia per tal de compartir recursos, hist\u00f2ries i habilitats, escoltar-sense jutjar, encoratjar, aconsellar, i reduir l&#8217;a\u00efllament. Els esdeveniments estan oberts al p\u00fablic pr\u00e8via inscripci\u00f3 a t-oigo.com i amb aforament limitat. (Inscripcions als esdeveniments en aquest enlla\u00e7. )<br \/>\nSegons una enquesta feta al desembre de 2016 per <em><strong>t-oigo<\/strong> els antics alumnes de JTC, les fam\u00edlies espanyoles que van assistir a les sessions d&#8217;estiu a Calif\u00f2rnia per a fam\u00edlies de parla hispana, van nomenar com l&#8217;aspecte que m\u00e9s recorden de tota la seva experi\u00e8ncia els grups de suport. El 80% dels participants en l&#8217;enquesta van nomenar &#8220;l&#8217;ambient emocional i la motivaci\u00f3 \/ filosofia positiva de la JTC&#8221;, i el 60% &#8220;el tenir un espai i temps per enfocar-me \u00fanicament en aquest tema&#8221; com els aspectes que m\u00e9s valoraven. Recorden els &#8220;excel\u00b7lents professionals que ens van proporcionar les eines necess\u00e0ries per aconseguir els seus objectius d&#8217;Esperanza, Guia i Empoderament en la nostra fam\u00edlia. Centrats en la for\u00e7a de la fam\u00edlia. &#8220;I&#8221; la sensaci\u00f3 d&#8217;estar en un lloc on et entenien, et donaven resposta a tot el que poguessis plantejar de dubtes, pors, un lloc on darrere de cada aspecte, tema, lloc &#8230; hi havia un professional que sabies que coneixia aquest camp des de l&#8217;experi\u00e8ncia i la formaci\u00f3 i amb un tracte hum\u00e0 que encara avui m&#8217;emociona. Totes les fam\u00edlies havien passat o estaven passant gaireb\u00e9 pel mateix que tu i aix\u00f2 em generava una sensaci\u00f3 de suport, de germanor &#8230; Senties que tot anava a sortir b\u00e9. Vaig tornar sabent molt m\u00e9s, per\u00f2 sobretot amb una confian\u00e7a en mi, en el meu fill, en la meva fam\u00edlia, en el futur, que no t\u00e9 preu. I tamb\u00e9 vaig tornar amb molts amics de l&#8217;\u00e0nima amb els que vaig compartir aquells dies i als que vull de cor. &#8221;<br \/>\nLa despesa mitjana de les fam\u00edlies que van assistir al programa d&#8217;estiu a Calif\u00f2rnia durant 2 setmanes rondava els 6200 euros, segons l&#8217;enquesta. <\/em><\/p>\n<p><em>Una despesa que consideren que els &#8220;ha cambiado la vida&#8221;, i que 100% dels participants van donar la m\u00e0xima puntuaci\u00f3 a l&#8217;hora de recomanar a altres fam\u00edlies. Conscient que no totes les fam\u00edlies ni professionals poden permetre el creuar el toll, <strong>t-oigo<\/strong> ha organitzat aquests esdeveniments per introduir la JTC a Espanya de forma mes assequible, a m\u00e9s de donar a con\u00e8ixer els seus programes d&#8217;educaci\u00f3 mundial en l\u00ednia en angl\u00e8s i espanyol per a les fam\u00edlies, consultes per telepr\u00e0ctica, i programes professionals postgraduats que inclouen presencials i per internet.<\/em><\/p>\n<p><a href=\"http:\/\/www.jtc.org\/es\">http:\/\/www.jtc.org\/es<\/a><\/p>\n","protected":false},"excerpt":{"rendered":"<p>T-oigo, l&#8217;associaci\u00f3 sense \u00e0nim de lucre per a fam\u00edlies de nens amb p\u00e8rdua auditiva, organitza una s\u00e8rie de cinc esdeveniments a Madrid i Barcelona amb la John Tracy Clinic (JTC) de Los Angeles (Calif\u00f2rnia, EUA) del 17 al 21 de Mar\u00e7 , oferint formaci\u00f3 i suport a les fam\u00edlies de nens amb p\u00e8rdua auditiva i [&hellip;]<\/p>\n","protected":false},"author":1,"featured_media":0,"comment_status":"open","ping_status":"open","sticky":false,"template":"","format":"standard","meta":{"_bbp_topic_count":0,"_bbp_reply_count":0,"_bbp_total_topic_count":0,"_bbp_total_reply_count":0,"_bbp_voice_count":0,"_bbp_anonymous_reply_count":0,"_bbp_topic_count_hidden":0,"_bbp_reply_count_hidden":0,"_bbp_forum_subforum_count":0,"site-sidebar-layout":"default","site-content-layout":"","ast-site-content-layout":"","site-content-style":"default","site-sidebar-style":"default","ast-global-header-display":"","ast-banner-title-visibility":"","ast-main-header-display":"","ast-hfb-above-header-display":"","ast-hfb-below-header-display":"","ast-hfb-mobile-header-display":"","site-post-title":"","ast-breadcrumbs-content":"","ast-featured-img":"","footer-sml-layout":"","theme-transparent-header-meta":"","adv-header-id-meta":"","stick-header-meta":"","header-above-stick-meta":"","header-main-stick-meta":"","header-below-stick-meta":"","astra-migrate-meta-layouts":"default","ast-page-background-enabled":"default","ast-page-background-meta":{"desktop":{"background-color":"var(--ast-global-color-4)","background-image":"","background-repeat":"repeat","background-position":"center center","background-size":"auto","background-attachment":"scroll","background-type":"","background-media":"","overlay-type":"","overlay-color":"","overlay-opacity":"","overlay-gradient":""},"tablet":{"background-color":"","background-image":"","background-repeat":"repeat","background-position":"center center","background-size":"auto","background-attachment":"scroll","background-type":"","background-media":"","overlay-type":"","overlay-color":"","overlay-opacity":"","overlay-gradient":""},"mobile":{"background-color":"","background-image":"","background-repeat":"repeat","background-position":"center center","background-size":"auto","background-attachment":"scroll","background-type":"","background-media":"","overlay-type":"","overlay-color":"","overlay-opacity":"","overlay-gradient":""}},"ast-content-background-meta":{"desktop":{"background-color":"var(--ast-global-color-5)","background-image":"","background-repeat":"repeat","background-position":"center center","background-size":"auto","background-attachment":"scroll","background-type":"","background-media":"","overlay-type":"","overlay-color":"","overlay-opacity":"","overlay-gradient":""},"tablet":{"background-color":"var(--ast-global-color-5)","background-image":"","background-repeat":"repeat","background-position":"center center","background-size":"auto","background-attachment":"scroll","background-type":"","background-media":"","overlay-type":"","overlay-color":"","overlay-opacity":"","overlay-gradient":""},"mobile":{"background-color":"var(--ast-global-color-5)","background-image":"","background-repeat":"repeat","background-position":"center center","background-size":"auto","background-attachment":"scroll","background-type":"","background-media":"","overlay-type":"","overlay-color":"","overlay-opacity":"","overlay-gradient":""}},"footnotes":""},"categories":[272,271],"tags":[341],"class_list":["post-8949","post","type-post","status-publish","format-standard","hentry","category-alumnes","category-families","tag-alumnes"],"post_mailing_queue_ids":[],"_links":{"self":[{"href":"https:\/\/serveiseducatius.xtec.cat\/creda-penedes\/wp-json\/wp\/v2\/posts\/8949","targetHints":{"allow":["GET"]}}],"collection":[{"href":"https:\/\/serveiseducatius.xtec.cat\/creda-penedes\/wp-json\/wp\/v2\/posts"}],"about":[{"href":"https:\/\/serveiseducatius.xtec.cat\/creda-penedes\/wp-json\/wp\/v2\/types\/post"}],"author":[{"embeddable":true,"href":"https:\/\/serveiseducatius.xtec.cat\/creda-penedes\/wp-json\/wp\/v2\/users\/1"}],"replies":[{"embeddable":true,"href":"https:\/\/serveiseducatius.xtec.cat\/creda-penedes\/wp-json\/wp\/v2\/comments?post=8949"}],"version-history":[{"count":3,"href":"https:\/\/serveiseducatius.xtec.cat\/creda-penedes\/wp-json\/wp\/v2\/posts\/8949\/revisions"}],"predecessor-version":[{"id":8953,"href":"https:\/\/serveiseducatius.xtec.cat\/creda-penedes\/wp-json\/wp\/v2\/posts\/8949\/revisions\/8953"}],"wp:attachment":[{"href":"https:\/\/serveiseducatius.xtec.cat\/creda-penedes\/wp-json\/wp\/v2\/media?parent=8949"}],"wp:term":[{"taxonomy":"category","embeddable":true,"href":"https:\/\/serveiseducatius.xtec.cat\/creda-penedes\/wp-json\/wp\/v2\/categories?post=8949"},{"taxonomy":"post_tag","embeddable":true,"href":"https:\/\/serveiseducatius.xtec.cat\/creda-penedes\/wp-json\/wp\/v2\/tags?post=8949"}],"curies":[{"name":"wp","href":"https:\/\/api.w.org\/{rel}","templated":true}]}}