{"id":11463,"date":"2025-03-18T14:56:06","date_gmt":"2025-03-18T13:56:06","guid":{"rendered":"https:\/\/serveiseducatius.xtec.cat\/creda-penedes\/?p=11463"},"modified":"2025-06-17T10:08:41","modified_gmt":"2025-06-17T08:08:41","slug":"la-urv-incorpora-recursos-tecnologics-per-facilitar-laprenentatge-dels-estudiants-amb-discapacitat-auditiva","status":"publish","type":"post","link":"https:\/\/serveiseducatius.xtec.cat\/creda-penedes\/als-mitjans\/la-urv-incorpora-recursos-tecnologics-per-facilitar-laprenentatge-dels-estudiants-amb-discapacitat-auditiva\/","title":{"rendered":"La URV implementa noves eines d\u2019accessibilitat pels estudiants amb p\u00e8rdua auditiva"},"content":{"rendered":"<p data-start=\"78\" data-end=\"491\">La Universitat Rovira i Virgili (URV) ha implementat noves tecnologies per facilitar l\u2019aprenentatge de persones amb discapacitat auditiva. Aquesta setmana, s\u2019han provat amb una estudiant del grau en Infermeria (ex alumna del nostre CREDA, a la seu de Vilafranca del Pened\u00e8s). L\u2019experi\u00e8ncia s\u2019ha dut a terme amb el suport del Servei de Recursos Educatius, el Servei d\u2019Atenci\u00f3 a les Diversitats i <a href=\"https:\/\/acapps.org\/web\/\">ACAPPS<\/a>.<\/p>\n<p data-start=\"493\" data-end=\"844\">Entre els dispositius testats hi ha el <strong>bucle magn\u00e8tic;<\/strong>\u00a0que millora l\u2019audici\u00f3 eliminant el soroll de fons i la reverberaci\u00f3 i un <strong>estetoscopi digital;<\/strong>\u00a0que converteix els sons corporals en senyals electr\u00f2nics per facilitar-ne l\u2019an\u00e0lisi. La URV instal\u00b7lar\u00e0 aquests sistemes en diferents espais i tamb\u00e9 en format port\u00e0til per adaptar-se a les necessitats dels estudiants.<\/p>\n<p data-start=\"493\" data-end=\"844\">La universitat incorpora nous dispositius com el bucle magn\u00e8tic i un estetoscopi digital per garantir una doc\u00e8ncia inclusiva.<\/p>\n<p data-start=\"493\" data-end=\"844\"><em>Font: <a href=\"https:\/\/diarideladiscapacitat.cat\/la-urv-incorpora-recursos-tecnologics-per-facilitar-laprenentatge-dels-estudiants-amb-discapacitat-auditiva\/?mc_cid=9303d6029d&amp;mc_eid=753e6485bc\">Diari de la Discapacitat<\/a><\/em><\/p>\n<figure id=\"attachment_11464\" aria-describedby=\"caption-attachment-11464\" style=\"width: 650px\" class=\"wp-caption aligncenter\"><a href=\"https:\/\/serveiseducatius.xtec.cat\/creda-penedes\/wp-content\/uploads\/usu836\/2025\/03\/estudiant-infermeria-2.jpg\"><img loading=\"lazy\" decoding=\"async\" class=\"wp-image-11464 size-full\" src=\"https:\/\/serveiseducatius.xtec.cat\/creda-penedes\/wp-content\/uploads\/usu836\/2025\/03\/estudiant-infermeria-2.jpg\" alt=\"\" width=\"650\" height=\"488\" srcset=\"https:\/\/serveiseducatius.xtec.cat\/creda-penedes\/wp-content\/uploads\/usu836\/2025\/03\/estudiant-infermeria-2.jpg 650w, https:\/\/serveiseducatius.xtec.cat\/creda-penedes\/wp-content\/uploads\/usu836\/2025\/03\/estudiant-infermeria-2-300x225.jpg 300w, https:\/\/serveiseducatius.xtec.cat\/creda-penedes\/wp-content\/uploads\/usu836\/2025\/03\/estudiant-infermeria-2-200x150.jpg 200w\" sizes=\"auto, (max-width: 650px) 100vw, 650px\" \/><\/a><figcaption id=\"caption-attachment-11464\" class=\"wp-caption-text\">Estudiant de segon d\u2019Infermeria que ha provat els dispositius \/\/ Foto: URV<\/figcaption><\/figure>\n","protected":false},"excerpt":{"rendered":"<p>Estudiant de segon d\u2019Infermeria i exalumne del nostre CREDA, ha provat els nous dispositius: el bucle magn\u00e8tic i l&#8217;estetoscopi digital. <\/p>\n","protected":false},"author":1,"featured_media":11464,"comment_status":"open","ping_status":"closed","sticky":false,"template":"","format":"standard","meta":{"_bbp_topic_count":0,"_bbp_reply_count":0,"_bbp_total_topic_count":0,"_bbp_total_reply_count":0,"_bbp_voice_count":0,"_bbp_anonymous_reply_count":0,"_bbp_topic_count_hidden":0,"_bbp_reply_count_hidden":0,"_bbp_forum_subforum_count":0,"site-sidebar-layout":"default","site-content-layout":"","ast-site-content-layout":"default","site-content-style":"default","site-sidebar-style":"default","ast-global-header-display":"","ast-banner-title-visibility":"","ast-main-header-display":"","ast-hfb-above-header-display":"","ast-hfb-below-header-display":"","ast-hfb-mobile-header-display":"","site-post-title":"","ast-breadcrumbs-content":"","ast-featured-img":"","footer-sml-layout":"","theme-transparent-header-meta":"","adv-header-id-meta":"","stick-header-meta":"","header-above-stick-meta":"","header-main-stick-meta":"","header-below-stick-meta":"","astra-migrate-meta-layouts":"set","ast-page-background-enabled":"default","ast-page-background-meta":{"desktop":{"background-color":"var(--ast-global-color-4)","background-image":"","background-repeat":"repeat","background-position":"center center","background-size":"auto","background-attachment":"scroll","background-type":"","background-media":"","overlay-type":"","overlay-color":"","overlay-opacity":"","overlay-gradient":""},"tablet":{"background-color":"","background-image":"","background-repeat":"repeat","background-position":"center center","background-size":"auto","background-attachment":"scroll","background-type":"","background-media":"","overlay-type":"","overlay-color":"","overlay-opacity":"","overlay-gradient":""},"mobile":{"background-color":"","background-image":"","background-repeat":"repeat","background-position":"center center","background-size":"auto","background-attachment":"scroll","background-type":"","background-media":"","overlay-type":"","overlay-color":"","overlay-opacity":"","overlay-gradient":""}},"ast-content-background-meta":{"desktop":{"background-color":"var(--ast-global-color-5)","background-image":"","background-repeat":"repeat","background-position":"center center","background-size":"auto","background-attachment":"scroll","background-type":"","background-media":"","overlay-type":"","overlay-color":"","overlay-opacity":"","overlay-gradient":""},"tablet":{"background-color":"var(--ast-global-color-5)","background-image":"","background-repeat":"repeat","background-position":"center center","background-size":"auto","background-attachment":"scroll","background-type":"","background-media":"","overlay-type":"","overlay-color":"","overlay-opacity":"","overlay-gradient":""},"mobile":{"background-color":"var(--ast-global-color-5)","background-image":"","background-repeat":"repeat","background-position":"center center","background-size":"auto","background-attachment":"scroll","background-type":"","background-media":"","overlay-type":"","overlay-color":"","overlay-opacity":"","overlay-gradient":""}},"footnotes":""},"categories":[287],"tags":[341,402,327,505],"class_list":["post-11463","post","type-post","status-publish","format-standard","has-post-thumbnail","hentry","category-als-mitjans","tag-alumnes","tag-creda","tag-implants-coclears","tag-perdua-auditiva"],"post_mailing_queue_ids":[],"_links":{"self":[{"href":"https:\/\/serveiseducatius.xtec.cat\/creda-penedes\/wp-json\/wp\/v2\/posts\/11463","targetHints":{"allow":["GET"]}}],"collection":[{"href":"https:\/\/serveiseducatius.xtec.cat\/creda-penedes\/wp-json\/wp\/v2\/posts"}],"about":[{"href":"https:\/\/serveiseducatius.xtec.cat\/creda-penedes\/wp-json\/wp\/v2\/types\/post"}],"author":[{"embeddable":true,"href":"https:\/\/serveiseducatius.xtec.cat\/creda-penedes\/wp-json\/wp\/v2\/users\/1"}],"replies":[{"embeddable":true,"href":"https:\/\/serveiseducatius.xtec.cat\/creda-penedes\/wp-json\/wp\/v2\/comments?post=11463"}],"version-history":[{"count":6,"href":"https:\/\/serveiseducatius.xtec.cat\/creda-penedes\/wp-json\/wp\/v2\/posts\/11463\/revisions"}],"predecessor-version":[{"id":11615,"href":"https:\/\/serveiseducatius.xtec.cat\/creda-penedes\/wp-json\/wp\/v2\/posts\/11463\/revisions\/11615"}],"wp:featuredmedia":[{"embeddable":true,"href":"https:\/\/serveiseducatius.xtec.cat\/creda-penedes\/wp-json\/wp\/v2\/media\/11464"}],"wp:attachment":[{"href":"https:\/\/serveiseducatius.xtec.cat\/creda-penedes\/wp-json\/wp\/v2\/media?parent=11463"}],"wp:term":[{"taxonomy":"category","embeddable":true,"href":"https:\/\/serveiseducatius.xtec.cat\/creda-penedes\/wp-json\/wp\/v2\/categories?post=11463"},{"taxonomy":"post_tag","embeddable":true,"href":"https:\/\/serveiseducatius.xtec.cat\/creda-penedes\/wp-json\/wp\/v2\/tags?post=11463"}],"curies":[{"name":"wp","href":"https:\/\/api.w.org\/{rel}","templated":true}]}}