{"id":10059,"date":"2019-02-19T15:43:06","date_gmt":"2019-02-19T14:43:06","guid":{"rendered":"http:\/\/serveiseducatius.xtec.cat\/creda-penedes\/?p=10059"},"modified":"2019-02-19T15:43:33","modified_gmt":"2019-02-19T14:43:33","slug":"el-ginjoler-publica-nou-conte-la-cua-de-sirena","status":"publish","type":"post","link":"https:\/\/serveiseducatius.xtec.cat\/creda-penedes\/portada\/el-ginjoler-publica-nou-conte-la-cua-de-sirena\/","title":{"rendered":"El Ginjoler publica nou conte:  &#8220;La cua de sirena&#8221;"},"content":{"rendered":"<p><a href=\"http:\/\/elcepilanansa.acemlna.com\/lt.php?s=3683d632a9aeab5baa312e1a6dfa8927&amp;i=357A864A5A3492\" target=\"_blank\" rel=\"noopener\" data-saferedirecturl=\"https:\/\/www.google.com\/url?q=http:\/\/elcepilanansa.acemlna.com\/lt.php?s%3D3683d632a9aeab5baa312e1a6dfa8927%26i%3D357A864A5A3492&amp;source=gmail&amp;ust=1550673238861000&amp;usg=AFQjCNFF2mgLFwChxBHNOgH0yH8LC2-vCQ\">La cua de sirena<\/a>, \u00e9s el darrer t\u00edtol del <a href=\"http:\/\/elcepilanansa.acemlna.com\/lt.php?s=3683d632a9aeab5baa312e1a6dfa8927&amp;i=357A864A5A3493\" target=\"_blank\" rel=\"noopener\" data-saferedirecturl=\"https:\/\/www.google.com\/url?q=http:\/\/elcepilanansa.acemlna.com\/lt.php?s%3D3683d632a9aeab5baa312e1a6dfa8927%26i%3D357A864A5A3493&amp;source=gmail&amp;ust=1550673238862000&amp;usg=AFQjCNHyVQm_ApOnFG8mPRJtN2taYhuO9g\">Ginjoler<\/a>, una col\u00b7lecci\u00f3 adaptada de forma gr\u00e0fica i audiovisual a la\u00a0llengua de signes catalana. Una nova producci\u00f3\u00a0 de\u00a0Clara Berenguer\u00a0il\u00b7lustrat per\u00a0C\u00e8sar Barcel\u00f3. un conte que ajuda a reflexionar sobre all\u00f2 que un vol ser i les seves pr\u00f2pies possibilitats.<a href=\"https:\/\/serveiseducatius.xtec.cat\/creda-penedes\/wp-content\/uploads\/usu836\/2019\/02\/sirena.jpg\"><img loading=\"lazy\" decoding=\"async\" class=\"alignnone size-full wp-image-10060\" src=\"https:\/\/serveiseducatius.xtec.cat\/creda-penedes\/wp-content\/uploads\/usu836\/2019\/02\/sirena.jpg\" alt=\"\" width=\"1000\" height=\"752\" srcset=\"https:\/\/serveiseducatius.xtec.cat\/creda-penedes\/wp-content\/uploads\/usu836\/2019\/02\/sirena.jpg 1000w, https:\/\/serveiseducatius.xtec.cat\/creda-penedes\/wp-content\/uploads\/usu836\/2019\/02\/sirena-300x226.jpg 300w, https:\/\/serveiseducatius.xtec.cat\/creda-penedes\/wp-content\/uploads\/usu836\/2019\/02\/sirena-768x578.jpg 768w, https:\/\/serveiseducatius.xtec.cat\/creda-penedes\/wp-content\/uploads\/usu836\/2019\/02\/sirena-200x150.jpg 200w\" sizes=\"auto, (max-width: 1000px) 100vw, 1000px\" \/><\/a><\/p>\n","protected":false},"excerpt":{"rendered":"<p>La cua de sirena, \u00e9s el darrer t\u00edtol del Ginjoler, una col\u00b7lecci\u00f3 adaptada de forma gr\u00e0fica i audiovisual a la\u00a0llengua de signes catalana. Una nova producci\u00f3\u00a0 de\u00a0Clara Berenguer\u00a0il\u00b7lustrat per\u00a0C\u00e8sar Barcel\u00f3. un conte que ajuda a reflexionar sobre all\u00f2 que un vol ser i les seves pr\u00f2pies possibilitats.<\/p>\n","protected":false},"author":1,"featured_media":10060,"comment_status":"open","ping_status":"closed","sticky":false,"template":"","format":"standard","meta":{"_bbp_topic_count":0,"_bbp_reply_count":0,"_bbp_total_topic_count":0,"_bbp_total_reply_count":0,"_bbp_voice_count":0,"_bbp_anonymous_reply_count":0,"_bbp_topic_count_hidden":0,"_bbp_reply_count_hidden":0,"_bbp_forum_subforum_count":0,"site-sidebar-layout":"default","site-content-layout":"","ast-site-content-layout":"","site-content-style":"default","site-sidebar-style":"default","ast-global-header-display":"","ast-banner-title-visibility":"","ast-main-header-display":"","ast-hfb-above-header-display":"","ast-hfb-below-header-display":"","ast-hfb-mobile-header-display":"","site-post-title":"","ast-breadcrumbs-content":"","ast-featured-img":"","footer-sml-layout":"","theme-transparent-header-meta":"","adv-header-id-meta":"","stick-header-meta":"","header-above-stick-meta":"","header-main-stick-meta":"","header-below-stick-meta":"","astra-migrate-meta-layouts":"default","ast-page-background-enabled":"default","ast-page-background-meta":{"desktop":{"background-color":"var(--ast-global-color-4)","background-image":"","background-repeat":"repeat","background-position":"center center","background-size":"auto","background-attachment":"scroll","background-type":"","background-media":"","overlay-type":"","overlay-color":"","overlay-opacity":"","overlay-gradient":""},"tablet":{"background-color":"","background-image":"","background-repeat":"repeat","background-position":"center center","background-size":"auto","background-attachment":"scroll","background-type":"","background-media":"","overlay-type":"","overlay-color":"","overlay-opacity":"","overlay-gradient":""},"mobile":{"background-color":"","background-image":"","background-repeat":"repeat","background-position":"center center","background-size":"auto","background-attachment":"scroll","background-type":"","background-media":"","overlay-type":"","overlay-color":"","overlay-opacity":"","overlay-gradient":""}},"ast-content-background-meta":{"desktop":{"background-color":"var(--ast-global-color-5)","background-image":"","background-repeat":"repeat","background-position":"center center","background-size":"auto","background-attachment":"scroll","background-type":"","background-media":"","overlay-type":"","overlay-color":"","overlay-opacity":"","overlay-gradient":""},"tablet":{"background-color":"var(--ast-global-color-5)","background-image":"","background-repeat":"repeat","background-position":"center center","background-size":"auto","background-attachment":"scroll","background-type":"","background-media":"","overlay-type":"","overlay-color":"","overlay-opacity":"","overlay-gradient":""},"mobile":{"background-color":"var(--ast-global-color-5)","background-image":"","background-repeat":"repeat","background-position":"center center","background-size":"auto","background-attachment":"scroll","background-type":"","background-media":"","overlay-type":"","overlay-color":"","overlay-opacity":"","overlay-gradient":""}},"footnotes":""},"categories":[394,273],"tags":[326],"class_list":["post-10059","post","type-post","status-publish","format-standard","has-post-thumbnail","hentry","category-novetats-mediateca","category-portada","tag-lsc"],"post_mailing_queue_ids":[],"_links":{"self":[{"href":"https:\/\/serveiseducatius.xtec.cat\/creda-penedes\/wp-json\/wp\/v2\/posts\/10059","targetHints":{"allow":["GET"]}}],"collection":[{"href":"https:\/\/serveiseducatius.xtec.cat\/creda-penedes\/wp-json\/wp\/v2\/posts"}],"about":[{"href":"https:\/\/serveiseducatius.xtec.cat\/creda-penedes\/wp-json\/wp\/v2\/types\/post"}],"author":[{"embeddable":true,"href":"https:\/\/serveiseducatius.xtec.cat\/creda-penedes\/wp-json\/wp\/v2\/users\/1"}],"replies":[{"embeddable":true,"href":"https:\/\/serveiseducatius.xtec.cat\/creda-penedes\/wp-json\/wp\/v2\/comments?post=10059"}],"version-history":[{"count":2,"href":"https:\/\/serveiseducatius.xtec.cat\/creda-penedes\/wp-json\/wp\/v2\/posts\/10059\/revisions"}],"predecessor-version":[{"id":10062,"href":"https:\/\/serveiseducatius.xtec.cat\/creda-penedes\/wp-json\/wp\/v2\/posts\/10059\/revisions\/10062"}],"wp:featuredmedia":[{"embeddable":true,"href":"https:\/\/serveiseducatius.xtec.cat\/creda-penedes\/wp-json\/wp\/v2\/media\/10060"}],"wp:attachment":[{"href":"https:\/\/serveiseducatius.xtec.cat\/creda-penedes\/wp-json\/wp\/v2\/media?parent=10059"}],"wp:term":[{"taxonomy":"category","embeddable":true,"href":"https:\/\/serveiseducatius.xtec.cat\/creda-penedes\/wp-json\/wp\/v2\/categories?post=10059"},{"taxonomy":"post_tag","embeddable":true,"href":"https:\/\/serveiseducatius.xtec.cat\/creda-penedes\/wp-json\/wp\/v2\/tags?post=10059"}],"curies":[{"name":"wp","href":"https:\/\/api.w.org\/{rel}","templated":true}]}}