{"id":9955,"date":"2018-05-14T16:37:03","date_gmt":"2018-05-14T14:37:03","guid":{"rendered":"http:\/\/serveiseducatius.xtec.cat\/creda-mvo\/?p=9955"},"modified":"2018-05-14T16:37:03","modified_gmt":"2018-05-14T14:37:03","slug":"campus-inclusivos-campus-sin-limite","status":"publish","type":"post","link":"https:\/\/serveiseducatius.xtec.cat\/creda-mvo\/general\/campus-inclusivos-campus-sin-limite\/","title":{"rendered":"CAMPUS INCLUSIVOS, CAMPUS SIN L\u00cdMITE"},"content":{"rendered":"<p>1- Campamento cient\u00edfico de verano ESCUE-LAB. Se trata de un campamento donde se intenta despertar el inter\u00e9s cient\u00edfico de los ni\u00f1os y ni\u00f1as. Est\u00e1 dirigido y desarrollado por un equipo de cient\u00edficos del CSIC. El campamento se desarrolla en Miraflores del 1 al 7 de julio y est\u00e1 dirigido a ni\u00f1os y ni\u00f1as de entre 7 y 14 a\u00f1os. Las actividades estar\u00e1n adaptadas y ser\u00e1n accesibles para todas las discapacidades. Los que est\u00e9is interesados por favor, pod\u00e9is realizar la inscripci\u00f3n directamente y cualquier consulta pod\u00e9is hablar con Cristina Balb\u00e1s, la coordinadora, cuyos datos est\u00e1n en el folleto adjunto. Desde Fundaci\u00f3n ONCE becar\u00e1n con el coste total de la matr\u00edcula, la participaci\u00f3n de 4 chicos y chicas con discapacidad.<\/p>\n<p>2 &#8211; VII edici\u00f3n del programa \u201cCAMPUS INCLUSIVOS, CAMPUS SIN L\u00cdMITE\u201d. El programa est\u00e1 dirigido a alumnos de \u00faltimos cursos de secundaria, bachiller y ciclos formativos. En este programa, los chicos participan durante una semana en un campus universitario, donde tienen la oportunidad de conocer la universidad por dentro, sus aptitudes y capacidades para cursar estudios superiores y conviven con otros j\u00f3venes durante un encuentro en el que adem\u00e1s desarrollan actividades culturales y de ocio. Pueden participar chicos y chicas con discapacidad de toda Espa\u00f1a en todos los campus que se organizar\u00e1n y que os detallaremos m\u00e1s adelante.<\/p>\n<p>Interessats contactar directament amb: <a href=\"https:\/\/www.fundaciononce.es\/\">Fundaci\u00f3n ONCE<\/a><\/p>\n","protected":false},"excerpt":{"rendered":"<p>V\u00e0ries iniciatives per a nens i nenes amb algun tipus de discapacitat. <\/p>\n","protected":false},"author":3,"featured_media":9956,"comment_status":"open","ping_status":"closed","sticky":false,"template":"","format":"standard","meta":{"_bbp_topic_count":0,"_bbp_reply_count":0,"_bbp_total_topic_count":0,"_bbp_total_reply_count":0,"_bbp_voice_count":0,"_bbp_anonymous_reply_count":0,"_bbp_topic_count_hidden":0,"_bbp_reply_count_hidden":0,"_bbp_forum_subforum_count":0,"site-sidebar-layout":"default","site-content-layout":"","ast-site-content-layout":"","site-content-style":"default","site-sidebar-style":"default","ast-global-header-display":"","ast-banner-title-visibility":"","ast-main-header-display":"","ast-hfb-above-header-display":"","ast-hfb-below-header-display":"","ast-hfb-mobile-header-display":"","site-post-title":"","ast-breadcrumbs-content":"","ast-featured-img":"","footer-sml-layout":"","theme-transparent-header-meta":"","adv-header-id-meta":"","stick-header-meta":"","header-above-stick-meta":"","header-main-stick-meta":"","header-below-stick-meta":"","astra-migrate-meta-layouts":"default","ast-page-background-enabled":"default","ast-page-background-meta":{"desktop":{"background-color":"var(--ast-global-color-4)","background-image":"","background-repeat":"repeat","background-position":"center center","background-size":"auto","background-attachment":"scroll","background-type":"","background-media":"","overlay-type":"","overlay-color":"","overlay-opacity":"","overlay-gradient":""},"tablet":{"background-color":"","background-image":"","background-repeat":"repeat","background-position":"center center","background-size":"auto","background-attachment":"scroll","background-type":"","background-media":"","overlay-type":"","overlay-color":"","overlay-opacity":"","overlay-gradient":""},"mobile":{"background-color":"","background-image":"","background-repeat":"repeat","background-position":"center center","background-size":"auto","background-attachment":"scroll","background-type":"","background-media":"","overlay-type":"","overlay-color":"","overlay-opacity":"","overlay-gradient":""}},"ast-content-background-meta":{"desktop":{"background-color":"var(--ast-global-color-5)","background-image":"","background-repeat":"repeat","background-position":"center center","background-size":"auto","background-attachment":"scroll","background-type":"","background-media":"","overlay-type":"","overlay-color":"","overlay-opacity":"","overlay-gradient":""},"tablet":{"background-color":"var(--ast-global-color-5)","background-image":"","background-repeat":"repeat","background-position":"center center","background-size":"auto","background-attachment":"scroll","background-type":"","background-media":"","overlay-type":"","overlay-color":"","overlay-opacity":"","overlay-gradient":""},"mobile":{"background-color":"var(--ast-global-color-5)","background-image":"","background-repeat":"repeat","background-position":"center center","background-size":"auto","background-attachment":"scroll","background-type":"","background-media":"","overlay-type":"","overlay-color":"","overlay-opacity":"","overlay-gradient":""}},"footnotes":""},"categories":[1,273],"tags":[],"class_list":["post-9955","post","type-post","status-publish","format-standard","has-post-thumbnail","hentry","category-general","category-portada"],"post_mailing_queue_ids":[],"_links":{"self":[{"href":"https:\/\/serveiseducatius.xtec.cat\/creda-mvo\/wp-json\/wp\/v2\/posts\/9955","targetHints":{"allow":["GET"]}}],"collection":[{"href":"https:\/\/serveiseducatius.xtec.cat\/creda-mvo\/wp-json\/wp\/v2\/posts"}],"about":[{"href":"https:\/\/serveiseducatius.xtec.cat\/creda-mvo\/wp-json\/wp\/v2\/types\/post"}],"author":[{"embeddable":true,"href":"https:\/\/serveiseducatius.xtec.cat\/creda-mvo\/wp-json\/wp\/v2\/users\/3"}],"replies":[{"embeddable":true,"href":"https:\/\/serveiseducatius.xtec.cat\/creda-mvo\/wp-json\/wp\/v2\/comments?post=9955"}],"version-history":[{"count":1,"href":"https:\/\/serveiseducatius.xtec.cat\/creda-mvo\/wp-json\/wp\/v2\/posts\/9955\/revisions"}],"predecessor-version":[{"id":9957,"href":"https:\/\/serveiseducatius.xtec.cat\/creda-mvo\/wp-json\/wp\/v2\/posts\/9955\/revisions\/9957"}],"wp:featuredmedia":[{"embeddable":true,"href":"https:\/\/serveiseducatius.xtec.cat\/creda-mvo\/wp-json\/wp\/v2\/media\/9956"}],"wp:attachment":[{"href":"https:\/\/serveiseducatius.xtec.cat\/creda-mvo\/wp-json\/wp\/v2\/media?parent=9955"}],"wp:term":[{"taxonomy":"category","embeddable":true,"href":"https:\/\/serveiseducatius.xtec.cat\/creda-mvo\/wp-json\/wp\/v2\/categories?post=9955"},{"taxonomy":"post_tag","embeddable":true,"href":"https:\/\/serveiseducatius.xtec.cat\/creda-mvo\/wp-json\/wp\/v2\/tags?post=9955"}],"curies":[{"name":"wp","href":"https:\/\/api.w.org\/{rel}","templated":true}]}}