{"id":9953,"date":"2018-05-14T16:30:07","date_gmt":"2018-05-14T14:30:07","guid":{"rendered":"http:\/\/serveiseducatius.xtec.cat\/creda-mvo\/?p=9953"},"modified":"2018-05-14T16:30:07","modified_gmt":"2018-05-14T14:30:07","slug":"laprenentatge-de-la-llengua-de-signes-com-a-segona-llengua-per-part-de-pares-oients-de-nens-sords-actituds-i-experiencies","status":"publish","type":"post","link":"https:\/\/serveiseducatius.xtec.cat\/creda-mvo\/general\/laprenentatge-de-la-llengua-de-signes-com-a-segona-llengua-per-part-de-pares-oients-de-nens-sords-actituds-i-experiencies\/","title":{"rendered":"L\u2019aprenentatge de la llengua de signes com a segona llengua per part de pares oients de nens sords: actituds i experi\u00e8ncies"},"content":{"rendered":"<p><strong>Ponent<\/strong>: Diane Lillo-Martin (University of Connecticut y Haskins Laboratories)<\/p>\n<p><strong>Resum<\/strong>: Alguns pares oients trien aprendre una llengua de signes natural per interactuar amb els seus fills sords, tot i que sovint els professionals de la medicina i l\u2019educaci\u00f3 els desanimen. Qu\u00e8 els porta a prendre aquesta decisi\u00f3? Quina \u00e9s la seva experi\u00e8ncia com aprenents d&#8217;una llengua de signes? Com aborden la tasca de portar la llengua de signes a la seva fam\u00edlia? Aquesta confer\u00e8ncia presentar\u00e0 els resultats d&#8217;algunes entrevistes amb fam\u00edlies oients per aprendre m\u00e9s sobre les seves actituds i experi\u00e8ncies.<\/p>\n<p>Dia: Divendres 18 de maig de 2018<br \/>\nLloc: Sala de confer\u00e8ncies &#8211; Aula 55.309. Edifici T\u00e0nger del Campus de la Comunicaci\u00f3 &#8211; Poblenou UPF<br \/>\nAdre\u00e7a: Carrer T\u00e0nger, 122-140<br \/>\nHora: 16:00<br \/>\nMapa: <a href=\"https:\/\/www.upf.edu\/campus\/comunicacio\/\">https:\/\/www.upf.edu\/campus\/comunicacio\/<\/a><\/p>\n<p>La confer\u00e8ncia ser\u00e0 en angl\u00e8s i amb interpretaci\u00f3 simult\u00e0nia a l\u2019LSC.<\/p>\n","protected":false},"excerpt":{"rendered":"<p>Com aborden la tasca de portar la llengua de signes a la seva fam\u00edlia? Aquesta confer\u00e8ncia presentar\u00e0 els resultats d&#8217;algunes entrevistes amb fam\u00edlies oients per aprendre m\u00e9s sobre les seves actituds i experi\u00e8ncies.<\/p>\n","protected":false},"author":3,"featured_media":9378,"comment_status":"open","ping_status":"closed","sticky":false,"template":"","format":"standard","meta":{"_bbp_topic_count":0,"_bbp_reply_count":0,"_bbp_total_topic_count":0,"_bbp_total_reply_count":0,"_bbp_voice_count":0,"_bbp_anonymous_reply_count":0,"_bbp_topic_count_hidden":0,"_bbp_reply_count_hidden":0,"_bbp_forum_subforum_count":0,"site-sidebar-layout":"default","site-content-layout":"","ast-site-content-layout":"","site-content-style":"default","site-sidebar-style":"default","ast-global-header-display":"","ast-banner-title-visibility":"","ast-main-header-display":"","ast-hfb-above-header-display":"","ast-hfb-below-header-display":"","ast-hfb-mobile-header-display":"","site-post-title":"","ast-breadcrumbs-content":"","ast-featured-img":"","footer-sml-layout":"","theme-transparent-header-meta":"","adv-header-id-meta":"","stick-header-meta":"","header-above-stick-meta":"","header-main-stick-meta":"","header-below-stick-meta":"","astra-migrate-meta-layouts":"default","ast-page-background-enabled":"default","ast-page-background-meta":{"desktop":{"background-color":"var(--ast-global-color-4)","background-image":"","background-repeat":"repeat","background-position":"center center","background-size":"auto","background-attachment":"scroll","background-type":"","background-media":"","overlay-type":"","overlay-color":"","overlay-opacity":"","overlay-gradient":""},"tablet":{"background-color":"","background-image":"","background-repeat":"repeat","background-position":"center center","background-size":"auto","background-attachment":"scroll","background-type":"","background-media":"","overlay-type":"","overlay-color":"","overlay-opacity":"","overlay-gradient":""},"mobile":{"background-color":"","background-image":"","background-repeat":"repeat","background-position":"center center","background-size":"auto","background-attachment":"scroll","background-type":"","background-media":"","overlay-type":"","overlay-color":"","overlay-opacity":"","overlay-gradient":""}},"ast-content-background-meta":{"desktop":{"background-color":"var(--ast-global-color-5)","background-image":"","background-repeat":"repeat","background-position":"center center","background-size":"auto","background-attachment":"scroll","background-type":"","background-media":"","overlay-type":"","overlay-color":"","overlay-opacity":"","overlay-gradient":""},"tablet":{"background-color":"var(--ast-global-color-5)","background-image":"","background-repeat":"repeat","background-position":"center center","background-size":"auto","background-attachment":"scroll","background-type":"","background-media":"","overlay-type":"","overlay-color":"","overlay-opacity":"","overlay-gradient":""},"mobile":{"background-color":"var(--ast-global-color-5)","background-image":"","background-repeat":"repeat","background-position":"center center","background-size":"auto","background-attachment":"scroll","background-type":"","background-media":"","overlay-type":"","overlay-color":"","overlay-opacity":"","overlay-gradient":""}},"footnotes":""},"categories":[271,288,1,273,264],"tags":[],"class_list":["post-9953","post","type-post","status-publish","format-standard","has-post-thumbnail","hentry","category-families","category-formacio","category-general","category-portada","category-professionals"],"post_mailing_queue_ids":[],"_links":{"self":[{"href":"https:\/\/serveiseducatius.xtec.cat\/creda-mvo\/wp-json\/wp\/v2\/posts\/9953","targetHints":{"allow":["GET"]}}],"collection":[{"href":"https:\/\/serveiseducatius.xtec.cat\/creda-mvo\/wp-json\/wp\/v2\/posts"}],"about":[{"href":"https:\/\/serveiseducatius.xtec.cat\/creda-mvo\/wp-json\/wp\/v2\/types\/post"}],"author":[{"embeddable":true,"href":"https:\/\/serveiseducatius.xtec.cat\/creda-mvo\/wp-json\/wp\/v2\/users\/3"}],"replies":[{"embeddable":true,"href":"https:\/\/serveiseducatius.xtec.cat\/creda-mvo\/wp-json\/wp\/v2\/comments?post=9953"}],"version-history":[{"count":1,"href":"https:\/\/serveiseducatius.xtec.cat\/creda-mvo\/wp-json\/wp\/v2\/posts\/9953\/revisions"}],"predecessor-version":[{"id":9954,"href":"https:\/\/serveiseducatius.xtec.cat\/creda-mvo\/wp-json\/wp\/v2\/posts\/9953\/revisions\/9954"}],"wp:featuredmedia":[{"embeddable":true,"href":"https:\/\/serveiseducatius.xtec.cat\/creda-mvo\/wp-json\/wp\/v2\/media\/9378"}],"wp:attachment":[{"href":"https:\/\/serveiseducatius.xtec.cat\/creda-mvo\/wp-json\/wp\/v2\/media?parent=9953"}],"wp:term":[{"taxonomy":"category","embeddable":true,"href":"https:\/\/serveiseducatius.xtec.cat\/creda-mvo\/wp-json\/wp\/v2\/categories?post=9953"},{"taxonomy":"post_tag","embeddable":true,"href":"https:\/\/serveiseducatius.xtec.cat\/creda-mvo\/wp-json\/wp\/v2\/tags?post=9953"}],"curies":[{"name":"wp","href":"https:\/\/api.w.org\/{rel}","templated":true}]}}