{"id":9949,"date":"2018-05-04T11:27:19","date_gmt":"2018-05-04T09:27:19","guid":{"rendered":"http:\/\/serveiseducatius.xtec.cat\/creda-mvo\/?p=9949"},"modified":"2018-05-04T11:27:19","modified_gmt":"2018-05-04T09:27:19","slug":"ladolescencia-i-el-tea","status":"publish","type":"post","link":"https:\/\/serveiseducatius.xtec.cat\/creda-mvo\/general\/ladolescencia-i-el-tea\/","title":{"rendered":"L&#8217;adolesc\u00e8ncia i el TEA"},"content":{"rendered":"<p>L\u2019adolesc\u00e8ncia i el tr\u00e0nsit a la vida adulta s\u00f3n una de les etapes de major canvi i complexitat per a les persones amb trastorn de l\u2019espectre de l\u2019autisme (TEA). Con\u00e8ixer les peculiaritats d\u2019aquest moment vital, anticipar-ho ja des de l\u2019etapa escolar i aplicar estrat\u00e8gies espec\u00edfiques esdevenen essencials per millorar la seva qualitat de vida.<\/p>\n<p>Aquest curs aborda les principals caracter\u00edstiques i necessitats dels adolescents i els joves amb TEA, presenta eines d\u2019intervenci\u00f3 i recursos educatius per afavorir la continu\u00eftat dels aprenentatges, l\u2019adquisici\u00f3 d\u2019habilitats i la prevenci\u00f3 de dificultats concretes amb les que es poden trobar.<\/p>\n<p>La ponent,\u00a0<b>Rosa \u00c1lvarez<\/b>, \u00e9s una autoritat en el camp de l&#8217;autisme. La seva experi\u00e8ncia, sensibilitat i respecte per les persones en l&#8217;espectre autista, la fan una ponent de luxe per a la tem\u00e0tica que presentem en aquest curs que\u00a0 ha dissenyat especialment per a Educatio.<\/p>\n<p>Aquest curs est\u00e0\u00a0<b>reconegut pel Departament d&#8217;Ensenyament<\/b>\u00a0com a activitat de formaci\u00f3 permanent per al professorat i \u00e9s bonificable a trav\u00e9s de la Fundae (gestionat des dels centres).<\/p>\n<p><a href=\"https:\/\/educatiocat.wordpress.com\/2016\/07\/06\/de-la-adolescencia-a-la-vida-adulta-en-el-tea\/\">M\u00e9s informaci\u00f3<\/a><\/p>\n","protected":false},"excerpt":{"rendered":"<p>L\u2019adolesc\u00e8ncia i el tr\u00e0nsit a la vida adulta s\u00f3n una de les etapes de major canvi i complexitat per a [&hellip;]<\/p>\n","protected":false},"author":3,"featured_media":9950,"comment_status":"open","ping_status":"closed","sticky":false,"template":"","format":"standard","meta":{"_bbp_topic_count":0,"_bbp_reply_count":0,"_bbp_total_topic_count":0,"_bbp_total_reply_count":0,"_bbp_voice_count":0,"_bbp_anonymous_reply_count":0,"_bbp_topic_count_hidden":0,"_bbp_reply_count_hidden":0,"_bbp_forum_subforum_count":0,"site-sidebar-layout":"default","site-content-layout":"","ast-site-content-layout":"","site-content-style":"default","site-sidebar-style":"default","ast-global-header-display":"","ast-banner-title-visibility":"","ast-main-header-display":"","ast-hfb-above-header-display":"","ast-hfb-below-header-display":"","ast-hfb-mobile-header-display":"","site-post-title":"","ast-breadcrumbs-content":"","ast-featured-img":"","footer-sml-layout":"","theme-transparent-header-meta":"","adv-header-id-meta":"","stick-header-meta":"","header-above-stick-meta":"","header-main-stick-meta":"","header-below-stick-meta":"","astra-migrate-meta-layouts":"default","ast-page-background-enabled":"default","ast-page-background-meta":{"desktop":{"background-color":"var(--ast-global-color-4)","background-image":"","background-repeat":"repeat","background-position":"center center","background-size":"auto","background-attachment":"scroll","background-type":"","background-media":"","overlay-type":"","overlay-color":"","overlay-opacity":"","overlay-gradient":""},"tablet":{"background-color":"","background-image":"","background-repeat":"repeat","background-position":"center center","background-size":"auto","background-attachment":"scroll","background-type":"","background-media":"","overlay-type":"","overlay-color":"","overlay-opacity":"","overlay-gradient":""},"mobile":{"background-color":"","background-image":"","background-repeat":"repeat","background-position":"center center","background-size":"auto","background-attachment":"scroll","background-type":"","background-media":"","overlay-type":"","overlay-color":"","overlay-opacity":"","overlay-gradient":""}},"ast-content-background-meta":{"desktop":{"background-color":"var(--ast-global-color-5)","background-image":"","background-repeat":"repeat","background-position":"center center","background-size":"auto","background-attachment":"scroll","background-type":"","background-media":"","overlay-type":"","overlay-color":"","overlay-opacity":"","overlay-gradient":""},"tablet":{"background-color":"var(--ast-global-color-5)","background-image":"","background-repeat":"repeat","background-position":"center center","background-size":"auto","background-attachment":"scroll","background-type":"","background-media":"","overlay-type":"","overlay-color":"","overlay-opacity":"","overlay-gradient":""},"mobile":{"background-color":"var(--ast-global-color-5)","background-image":"","background-repeat":"repeat","background-position":"center center","background-size":"auto","background-attachment":"scroll","background-type":"","background-media":"","overlay-type":"","overlay-color":"","overlay-opacity":"","overlay-gradient":""}},"footnotes":""},"categories":[1,273],"tags":[],"class_list":["post-9949","post","type-post","status-publish","format-standard","has-post-thumbnail","hentry","category-general","category-portada"],"post_mailing_queue_ids":[],"_links":{"self":[{"href":"https:\/\/serveiseducatius.xtec.cat\/creda-mvo\/wp-json\/wp\/v2\/posts\/9949","targetHints":{"allow":["GET"]}}],"collection":[{"href":"https:\/\/serveiseducatius.xtec.cat\/creda-mvo\/wp-json\/wp\/v2\/posts"}],"about":[{"href":"https:\/\/serveiseducatius.xtec.cat\/creda-mvo\/wp-json\/wp\/v2\/types\/post"}],"author":[{"embeddable":true,"href":"https:\/\/serveiseducatius.xtec.cat\/creda-mvo\/wp-json\/wp\/v2\/users\/3"}],"replies":[{"embeddable":true,"href":"https:\/\/serveiseducatius.xtec.cat\/creda-mvo\/wp-json\/wp\/v2\/comments?post=9949"}],"version-history":[{"count":1,"href":"https:\/\/serveiseducatius.xtec.cat\/creda-mvo\/wp-json\/wp\/v2\/posts\/9949\/revisions"}],"predecessor-version":[{"id":9951,"href":"https:\/\/serveiseducatius.xtec.cat\/creda-mvo\/wp-json\/wp\/v2\/posts\/9949\/revisions\/9951"}],"wp:featuredmedia":[{"embeddable":true,"href":"https:\/\/serveiseducatius.xtec.cat\/creda-mvo\/wp-json\/wp\/v2\/media\/9950"}],"wp:attachment":[{"href":"https:\/\/serveiseducatius.xtec.cat\/creda-mvo\/wp-json\/wp\/v2\/media?parent=9949"}],"wp:term":[{"taxonomy":"category","embeddable":true,"href":"https:\/\/serveiseducatius.xtec.cat\/creda-mvo\/wp-json\/wp\/v2\/categories?post=9949"},{"taxonomy":"post_tag","embeddable":true,"href":"https:\/\/serveiseducatius.xtec.cat\/creda-mvo\/wp-json\/wp\/v2\/tags?post=9949"}],"curies":[{"name":"wp","href":"https:\/\/api.w.org\/{rel}","templated":true}]}}