{"id":9843,"date":"2018-03-05T09:57:13","date_gmt":"2018-03-05T08:57:13","guid":{"rendered":"http:\/\/serveiseducatius.xtec.cat\/creda-mvo\/?p=9843"},"modified":"2018-03-05T09:57:37","modified_gmt":"2018-03-05T08:57:37","slug":"ii-jornades-valldemia-innova-fem-salut","status":"publish","type":"post","link":"https:\/\/serveiseducatius.xtec.cat\/creda-mvo\/general\/ii-jornades-valldemia-innova-fem-salut\/","title":{"rendered":"II JORNADES VALLDEMIA INNOVA: Fem salut!"},"content":{"rendered":"<p><span lang=\"CA\"><span style=\"color: #000000; font-size: medium;\">L\u2019eix vertebrador de les\u00a0<span id=\"m_-360760993937147228m_53208082857018347210.8019860384031072\" class=\"m_-360760993937147228m_5320808285701834721highlight\">jornades<\/span>\u00a0ser\u00e0\u00a0<b>salut i educaci\u00f3<\/b>,\u00a0\u00a0una tem\u00e0tica que ens permet oferir un ampli ventall d\u2019\u00e0mbits a tractar,\u00a0\u00a0des de la salut f\u00edsica i mental de les persones, a la salut emocional i familiar.\u00a0\u00a0Com sempre, les\u00a0<span id=\"m_-360760993937147228m_53208082857018347210.34046936976609166\" class=\"m_-360760993937147228m_5320808285701834721highlight\">jornades<\/span>\u00a0estaran obertes a l\u2019assist\u00e8ncia, totalment gratu\u00efta, tant de mestres i professors, com de fam\u00edlies i altres membres del m\u00f3n educatiu de Matar\u00f3 i rodalies. \u00a0<\/span><\/span><\/p>\n<p><span lang=\"CA\"><span style=\"color: #000000; font-size: medium;\">El divendres 4 de maig obrirem les\u00a0<span id=\"m_-360760993937147228m_53208082857018347210.7350572000775679\" class=\"m_-360760993937147228m_5320808285701834721highlight\">jornades<\/span>\u00a0amb una pon\u00e8ncia inaugural a c\u00e0rrec d\u2019en\u00a0<b>Juanjo Fern\u00e1ndez<\/b>\u00a0(<b><i>Comunicaci\u00f3 Pares-Fills en l\u2019Adolesc\u00e8ncia\u00a0\u00a0&#8211; 30 Manaments per tractar amb adolescents<\/i>)<\/b>,\u00a0\u00a0i una altra del\u00a0<b>Dr. Eduard Saltor<\/b>, conegut pediatre a la comarca, que ens oferir\u00e0 propostes clau per a la salut dels nostres infants i joves.<\/span><\/span><\/p>\n<p><span lang=\"CA\"><span style=\"color: #000000; font-size: medium;\">El dissabte 5 de maig comen\u00e7arem la sessi\u00f3 amb una pon\u00e8ncia a c\u00e0rrec de l\u2019<b>Esther Del Valle<\/b>, que ens parlar\u00e0 dels diferents estils parentals i la parentalitat positiva. Despr\u00e9s d\u2019esmorzar es desenvoluparan dues sessions de 5 tallers on podrem comptar amb propostes interessants d\u2019educadors i altres professionals de l\u2019ensenyament adre\u00e7ats a educadors, joves i fam\u00edlies.<\/span><\/span><\/p>\n<p><span style=\"font-size: medium;\"><span lang=\"CA\"><span style=\"color: #000000;\">Les\u00a0<span id=\"m_-360760993937147228m_53208082857018347210.13720330562130534\" class=\"m_-360760993937147228m_5320808285701834721highlight\">jornades<\/span>, comptaran amb la\u00a0<b>certificaci\u00f3 de formaci\u00f3 permanent del professorat del Departament d\u2019Ensenyament<\/b>\u00a0per al professorat que ho sol\u00b7liciti, s\u00f3n\u00a0<b>totalment gratu\u00eftes<\/b>.\u00a0\u00a0Les\u00a0<b>inscripcions online<\/b>\u00a0podran fer-se\u00a0\u00a0efectives del 4 d\u2019abril al 2 de maig, al web de l\u2019escola\u00a0<\/span><\/span><span lang=\"CA\"><a id=\"m_-360760993937147228m_5320808285701834721LPlnk540864\" href=\"http:\/\/www.maristesvalldemia.com\/\" target=\"_blank\" rel=\"noopener noreferrer\" data-saferedirecturl=\"https:\/\/www.google.com\/url?hl=ca&amp;q=http:\/\/www.maristesvalldemia.com\/&amp;source=gmail&amp;ust=1520325611283000&amp;usg=AFQjCNEmZ39TpR3Qplj5bCzoWG6PCo_HhA\"><span style=\"color: #0000ff;\">www.maristesvalldemia<wbr \/>.com<\/span><\/a><\/span><span lang=\"CA\"><span style=\"color: #000000;\">, a la secci\u00f3\u00a0<span id=\"m_-360760993937147228m_53208082857018347210.7377546275004856\" class=\"m_-360760993937147228m_5320808285701834721highlight\">JORNADES<\/span>PEDAG\u00d2GIQUES VALLDEMIA INNOVA.<\/span><\/span><\/span><\/p>\n","protected":false},"excerpt":{"rendered":"<p>Jornades sobre la salut f\u00edsica i mental de les persones, salut emocional i familiar<\/p>\n","protected":false},"author":3,"featured_media":9844,"comment_status":"open","ping_status":"closed","sticky":false,"template":"","format":"standard","meta":{"_bbp_topic_count":0,"_bbp_reply_count":0,"_bbp_total_topic_count":0,"_bbp_total_reply_count":0,"_bbp_voice_count":0,"_bbp_anonymous_reply_count":0,"_bbp_topic_count_hidden":0,"_bbp_reply_count_hidden":0,"_bbp_forum_subforum_count":0,"site-sidebar-layout":"default","site-content-layout":"","ast-site-content-layout":"","site-content-style":"default","site-sidebar-style":"default","ast-global-header-display":"","ast-banner-title-visibility":"","ast-main-header-display":"","ast-hfb-above-header-display":"","ast-hfb-below-header-display":"","ast-hfb-mobile-header-display":"","site-post-title":"","ast-breadcrumbs-content":"","ast-featured-img":"","footer-sml-layout":"","theme-transparent-header-meta":"","adv-header-id-meta":"","stick-header-meta":"","header-above-stick-meta":"","header-main-stick-meta":"","header-below-stick-meta":"","astra-migrate-meta-layouts":"default","ast-page-background-enabled":"default","ast-page-background-meta":{"desktop":{"background-color":"var(--ast-global-color-4)","background-image":"","background-repeat":"repeat","background-position":"center center","background-size":"auto","background-attachment":"scroll","background-type":"","background-media":"","overlay-type":"","overlay-color":"","overlay-opacity":"","overlay-gradient":""},"tablet":{"background-color":"","background-image":"","background-repeat":"repeat","background-position":"center center","background-size":"auto","background-attachment":"scroll","background-type":"","background-media":"","overlay-type":"","overlay-color":"","overlay-opacity":"","overlay-gradient":""},"mobile":{"background-color":"","background-image":"","background-repeat":"repeat","background-position":"center center","background-size":"auto","background-attachment":"scroll","background-type":"","background-media":"","overlay-type":"","overlay-color":"","overlay-opacity":"","overlay-gradient":""}},"ast-content-background-meta":{"desktop":{"background-color":"var(--ast-global-color-5)","background-image":"","background-repeat":"repeat","background-position":"center center","background-size":"auto","background-attachment":"scroll","background-type":"","background-media":"","overlay-type":"","overlay-color":"","overlay-opacity":"","overlay-gradient":""},"tablet":{"background-color":"var(--ast-global-color-5)","background-image":"","background-repeat":"repeat","background-position":"center center","background-size":"auto","background-attachment":"scroll","background-type":"","background-media":"","overlay-type":"","overlay-color":"","overlay-opacity":"","overlay-gradient":""},"mobile":{"background-color":"var(--ast-global-color-5)","background-image":"","background-repeat":"repeat","background-position":"center center","background-size":"auto","background-attachment":"scroll","background-type":"","background-media":"","overlay-type":"","overlay-color":"","overlay-opacity":"","overlay-gradient":""}},"footnotes":""},"categories":[288,1,273],"tags":[],"class_list":["post-9843","post","type-post","status-publish","format-standard","has-post-thumbnail","hentry","category-formacio","category-general","category-portada"],"post_mailing_queue_ids":[],"_links":{"self":[{"href":"https:\/\/serveiseducatius.xtec.cat\/creda-mvo\/wp-json\/wp\/v2\/posts\/9843","targetHints":{"allow":["GET"]}}],"collection":[{"href":"https:\/\/serveiseducatius.xtec.cat\/creda-mvo\/wp-json\/wp\/v2\/posts"}],"about":[{"href":"https:\/\/serveiseducatius.xtec.cat\/creda-mvo\/wp-json\/wp\/v2\/types\/post"}],"author":[{"embeddable":true,"href":"https:\/\/serveiseducatius.xtec.cat\/creda-mvo\/wp-json\/wp\/v2\/users\/3"}],"replies":[{"embeddable":true,"href":"https:\/\/serveiseducatius.xtec.cat\/creda-mvo\/wp-json\/wp\/v2\/comments?post=9843"}],"version-history":[{"count":1,"href":"https:\/\/serveiseducatius.xtec.cat\/creda-mvo\/wp-json\/wp\/v2\/posts\/9843\/revisions"}],"predecessor-version":[{"id":9845,"href":"https:\/\/serveiseducatius.xtec.cat\/creda-mvo\/wp-json\/wp\/v2\/posts\/9843\/revisions\/9845"}],"wp:featuredmedia":[{"embeddable":true,"href":"https:\/\/serveiseducatius.xtec.cat\/creda-mvo\/wp-json\/wp\/v2\/media\/9844"}],"wp:attachment":[{"href":"https:\/\/serveiseducatius.xtec.cat\/creda-mvo\/wp-json\/wp\/v2\/media?parent=9843"}],"wp:term":[{"taxonomy":"category","embeddable":true,"href":"https:\/\/serveiseducatius.xtec.cat\/creda-mvo\/wp-json\/wp\/v2\/categories?post=9843"},{"taxonomy":"post_tag","embeddable":true,"href":"https:\/\/serveiseducatius.xtec.cat\/creda-mvo\/wp-json\/wp\/v2\/tags?post=9843"}],"curies":[{"name":"wp","href":"https:\/\/api.w.org\/{rel}","templated":true}]}}