{"id":9838,"date":"2018-02-27T15:58:08","date_gmt":"2018-02-27T14:58:08","guid":{"rendered":"http:\/\/serveiseducatius.xtec.cat\/creda-mvo\/?p=9838"},"modified":"2018-02-27T15:58:08","modified_gmt":"2018-02-27T14:58:08","slug":"taller-deducacio-emocional-illusions-somnis-i-sentiments","status":"publish","type":"post","link":"https:\/\/serveiseducatius.xtec.cat\/creda-mvo\/general\/taller-deducacio-emocional-illusions-somnis-i-sentiments\/","title":{"rendered":"Taller d\u2019EDUCACI\u00d3 EMOCIONAL: il\u00b7lusions, somnis i sentiments"},"content":{"rendered":"<p><span style=\"font-family: Arial; font-size: large;\"><b>Taller d\u2019educaci\u00f3 emocional: il\u00b7lusions, somnis i sentiments,\u00a0<\/b><\/span><span style=\"font-family: Arial; font-size: medium;\">previst per a l\u2019abril i maig, dins l\u2019oferta de taller per a fam\u00edlies de l\u2019Ajuntament de Granollers.<\/span><\/p>\n<p><span style=\"font-family: Arial; font-size: medium;\">S\u2019adre\u00e7a a fam\u00edlies amb responsabilitats educatives amb infants a les escoles de Prim\u00e0ria de Granollers. La metodologia es basa en la millora de les compet\u00e8ncies emocionals i es treballar\u00e0 de manera grupal.\u00a0<\/span><\/p>\n<p><span style=\"font-family: Arial; font-size: medium;\">S\u2019ofereix un conjunt de 5 sessions gratu\u00eftes de 17:00 a 19:00h (12, 19 i 26 d\u2019abril, 3 i 10 de maig de 2018) a la biblioteca de l\u2019Escola Municipal Salvador Llobet.<\/span><br \/>\n<span style=\"font-family: Arial; font-size: medium;\">\u00a0<\/span><br \/>\n<span style=\"font-family: Arial; font-size: medium;\"><b>Preinscripci\u00f3 obligat\u00f2ria fins el 23 de mar\u00e7.<\/b><\/span><br \/>\n<span style=\"font-family: Arial; font-size: medium;\">Places limitades. Inscripcions a\u00a0<\/span><a href=\"http:\/\/www.granollers.cat\/educacioemocional\" target=\"_blank\" rel=\"noopener noreferrer\" data-saferedirecturl=\"https:\/\/www.google.com\/url?hl=ca&amp;q=http:\/\/www.granollers.cat\/educacioemocional&amp;source=gmail&amp;ust=1519829308282000&amp;usg=AFQjCNEngTCfr2DEPCVO_RC3ZrxotTVKNQ\"><span style=\"color: blue; font-family: Arial; font-size: medium;\"><u>http:\/\/www.granollers.cat\/educ<wbr \/>acioemocional<\/u><\/span><\/a><span style=\"font-family: Arial; font-size: medium;\">\u00a0<\/span><\/p>\n","protected":false},"excerpt":{"rendered":"<p>Taller d\u2019educaci\u00f3 emocional: il\u00b7lusions, somnis i sentiments, previst per a l\u2019abril i maig, dins l\u2019oferta de taller per a fam\u00edlies de l\u2019Ajuntament de Granollers. <\/p>\n","protected":false},"author":3,"featured_media":9839,"comment_status":"open","ping_status":"closed","sticky":false,"template":"","format":"standard","meta":{"_bbp_topic_count":0,"_bbp_reply_count":0,"_bbp_total_topic_count":0,"_bbp_total_reply_count":0,"_bbp_voice_count":0,"_bbp_anonymous_reply_count":0,"_bbp_topic_count_hidden":0,"_bbp_reply_count_hidden":0,"_bbp_forum_subforum_count":0,"site-sidebar-layout":"default","site-content-layout":"","ast-site-content-layout":"","site-content-style":"default","site-sidebar-style":"default","ast-global-header-display":"","ast-banner-title-visibility":"","ast-main-header-display":"","ast-hfb-above-header-display":"","ast-hfb-below-header-display":"","ast-hfb-mobile-header-display":"","site-post-title":"","ast-breadcrumbs-content":"","ast-featured-img":"","footer-sml-layout":"","theme-transparent-header-meta":"","adv-header-id-meta":"","stick-header-meta":"","header-above-stick-meta":"","header-main-stick-meta":"","header-below-stick-meta":"","astra-migrate-meta-layouts":"default","ast-page-background-enabled":"default","ast-page-background-meta":{"desktop":{"background-color":"var(--ast-global-color-4)","background-image":"","background-repeat":"repeat","background-position":"center center","background-size":"auto","background-attachment":"scroll","background-type":"","background-media":"","overlay-type":"","overlay-color":"","overlay-opacity":"","overlay-gradient":""},"tablet":{"background-color":"","background-image":"","background-repeat":"repeat","background-position":"center center","background-size":"auto","background-attachment":"scroll","background-type":"","background-media":"","overlay-type":"","overlay-color":"","overlay-opacity":"","overlay-gradient":""},"mobile":{"background-color":"","background-image":"","background-repeat":"repeat","background-position":"center center","background-size":"auto","background-attachment":"scroll","background-type":"","background-media":"","overlay-type":"","overlay-color":"","overlay-opacity":"","overlay-gradient":""}},"ast-content-background-meta":{"desktop":{"background-color":"var(--ast-global-color-5)","background-image":"","background-repeat":"repeat","background-position":"center center","background-size":"auto","background-attachment":"scroll","background-type":"","background-media":"","overlay-type":"","overlay-color":"","overlay-opacity":"","overlay-gradient":""},"tablet":{"background-color":"var(--ast-global-color-5)","background-image":"","background-repeat":"repeat","background-position":"center center","background-size":"auto","background-attachment":"scroll","background-type":"","background-media":"","overlay-type":"","overlay-color":"","overlay-opacity":"","overlay-gradient":""},"mobile":{"background-color":"var(--ast-global-color-5)","background-image":"","background-repeat":"repeat","background-position":"center center","background-size":"auto","background-attachment":"scroll","background-type":"","background-media":"","overlay-type":"","overlay-color":"","overlay-opacity":"","overlay-gradient":""}},"footnotes":""},"categories":[1,273],"tags":[],"class_list":["post-9838","post","type-post","status-publish","format-standard","has-post-thumbnail","hentry","category-general","category-portada"],"post_mailing_queue_ids":[],"_links":{"self":[{"href":"https:\/\/serveiseducatius.xtec.cat\/creda-mvo\/wp-json\/wp\/v2\/posts\/9838","targetHints":{"allow":["GET"]}}],"collection":[{"href":"https:\/\/serveiseducatius.xtec.cat\/creda-mvo\/wp-json\/wp\/v2\/posts"}],"about":[{"href":"https:\/\/serveiseducatius.xtec.cat\/creda-mvo\/wp-json\/wp\/v2\/types\/post"}],"author":[{"embeddable":true,"href":"https:\/\/serveiseducatius.xtec.cat\/creda-mvo\/wp-json\/wp\/v2\/users\/3"}],"replies":[{"embeddable":true,"href":"https:\/\/serveiseducatius.xtec.cat\/creda-mvo\/wp-json\/wp\/v2\/comments?post=9838"}],"version-history":[{"count":1,"href":"https:\/\/serveiseducatius.xtec.cat\/creda-mvo\/wp-json\/wp\/v2\/posts\/9838\/revisions"}],"predecessor-version":[{"id":9840,"href":"https:\/\/serveiseducatius.xtec.cat\/creda-mvo\/wp-json\/wp\/v2\/posts\/9838\/revisions\/9840"}],"wp:featuredmedia":[{"embeddable":true,"href":"https:\/\/serveiseducatius.xtec.cat\/creda-mvo\/wp-json\/wp\/v2\/media\/9839"}],"wp:attachment":[{"href":"https:\/\/serveiseducatius.xtec.cat\/creda-mvo\/wp-json\/wp\/v2\/media?parent=9838"}],"wp:term":[{"taxonomy":"category","embeddable":true,"href":"https:\/\/serveiseducatius.xtec.cat\/creda-mvo\/wp-json\/wp\/v2\/categories?post=9838"},{"taxonomy":"post_tag","embeddable":true,"href":"https:\/\/serveiseducatius.xtec.cat\/creda-mvo\/wp-json\/wp\/v2\/tags?post=9838"}],"curies":[{"name":"wp","href":"https:\/\/api.w.org\/{rel}","templated":true}]}}