{"id":9797,"date":"2018-02-05T16:24:12","date_gmt":"2018-02-05T15:24:12","guid":{"rendered":"http:\/\/serveiseducatius.xtec.cat\/creda-mvo\/?p=9797"},"modified":"2018-12-14T10:36:45","modified_gmt":"2018-12-14T09:36:45","slug":"conferencia-sobre-llengua-de-signes-i-comunitat-sorda-fonologia-i-llengues-de-signes-al-final-tot-es-basa-en-lenergia-articuladora","status":"publish","type":"post","link":"https:\/\/serveiseducatius.xtec.cat\/creda-mvo\/general\/conferencia-sobre-llengua-de-signes-i-comunitat-sorda-fonologia-i-llengues-de-signes-al-final-tot-es-basa-en-lenergia-articuladora\/","title":{"rendered":"Confer\u00e8ncia sobre llengua de signes i comunitat sorda &#8220;Fonologia i lleng\u00fces de signes: al final tot es basa en l\u2019energia articuladora&#8221;"},"content":{"rendered":"<p>Cicle de confer\u00e8ncies sobre llengua de signes i comunitat sorda.<\/p>\n<p><img decoding=\"async\" src=\"https:\/\/www.upf.edu\/documents\/8217493\/8809212\/18.03.02_CLS\/3fcf0a14-dd69-2d30-137d-fea07a94c65f?t=1516964921583\" alt=\"\" \/><\/p>\n<p><strong>T\u00edtol:<\/strong>\u00a0Fonologia i lleng\u00fces de signes:al final tot es basa en l\u2019energia articuladora a c\u00e0rrec de Rub\u00e9n Nogueira Fos, professor de l\u2019IES Infant D. Juan Manuel, int\u00e8rpret i investigador de llengua de signes espanyola<\/p>\n<p><strong>Dia:\u00a0<\/strong>divendres 2 de mar\u00e7 del 2018<\/p>\n<p><strong>Hora:\u00a0<\/strong>12.00 h<\/p>\n<p><strong>Lloc:\u00a0<\/strong>Auditori &#8211; Campus del Poblenou<\/p>\n<p>La confer\u00e8ncia ser\u00e0 en catal\u00e0. L\u2019acte comptar\u00e0 amb la pres\u00e8ncia d\u2019int\u00e8rpret d\u2019LSC.<\/p>\n<p>L\u2019assist\u00e8ncia a la confer\u00e8ncia \u00e9s gratu\u00efta,\u00a0per\u00f2\u00a0cal inscriure-s\u2019hi\u00a0<a href=\"https:\/\/eventum.upf.edu\/event_detail\/16488\/detail\/fonologia-i-llengues-de-signes_-al-final-tot-es-basa-en-land39;energia-articuladora.html\">aqu\u00ed<\/a>.<\/p>\n","protected":false},"excerpt":{"rendered":"<p>Cicle de confer\u00e8ncies sobre llengua de signes i comunitat sorda. T\u00edtol:\u00a0Fonologia i lleng\u00fces de signes:al final tot es basa en [&hellip;]<\/p>\n","protected":false},"author":3,"featured_media":9378,"comment_status":"open","ping_status":"closed","sticky":false,"template":"","format":"standard","meta":{"_bbp_topic_count":0,"_bbp_reply_count":0,"_bbp_total_topic_count":0,"_bbp_total_reply_count":0,"_bbp_voice_count":0,"_bbp_anonymous_reply_count":0,"_bbp_topic_count_hidden":0,"_bbp_reply_count_hidden":0,"_bbp_forum_subforum_count":0,"site-sidebar-layout":"default","site-content-layout":"","ast-site-content-layout":"","site-content-style":"default","site-sidebar-style":"default","ast-global-header-display":"","ast-banner-title-visibility":"","ast-main-header-display":"","ast-hfb-above-header-display":"","ast-hfb-below-header-display":"","ast-hfb-mobile-header-display":"","site-post-title":"","ast-breadcrumbs-content":"","ast-featured-img":"","footer-sml-layout":"","theme-transparent-header-meta":"","adv-header-id-meta":"","stick-header-meta":"","header-above-stick-meta":"","header-main-stick-meta":"","header-below-stick-meta":"","astra-migrate-meta-layouts":"default","ast-page-background-enabled":"default","ast-page-background-meta":{"desktop":{"background-color":"var(--ast-global-color-4)","background-image":"","background-repeat":"repeat","background-position":"center center","background-size":"auto","background-attachment":"scroll","background-type":"","background-media":"","overlay-type":"","overlay-color":"","overlay-opacity":"","overlay-gradient":""},"tablet":{"background-color":"","background-image":"","background-repeat":"repeat","background-position":"center center","background-size":"auto","background-attachment":"scroll","background-type":"","background-media":"","overlay-type":"","overlay-color":"","overlay-opacity":"","overlay-gradient":""},"mobile":{"background-color":"","background-image":"","background-repeat":"repeat","background-position":"center center","background-size":"auto","background-attachment":"scroll","background-type":"","background-media":"","overlay-type":"","overlay-color":"","overlay-opacity":"","overlay-gradient":""}},"ast-content-background-meta":{"desktop":{"background-color":"var(--ast-global-color-5)","background-image":"","background-repeat":"repeat","background-position":"center center","background-size":"auto","background-attachment":"scroll","background-type":"","background-media":"","overlay-type":"","overlay-color":"","overlay-opacity":"","overlay-gradient":""},"tablet":{"background-color":"var(--ast-global-color-5)","background-image":"","background-repeat":"repeat","background-position":"center center","background-size":"auto","background-attachment":"scroll","background-type":"","background-media":"","overlay-type":"","overlay-color":"","overlay-opacity":"","overlay-gradient":""},"mobile":{"background-color":"var(--ast-global-color-5)","background-image":"","background-repeat":"repeat","background-position":"center center","background-size":"auto","background-attachment":"scroll","background-type":"","background-media":"","overlay-type":"","overlay-color":"","overlay-opacity":"","overlay-gradient":""}},"footnotes":""},"categories":[288,1,296,273],"tags":[],"class_list":["post-9797","post","type-post","status-publish","format-standard","has-post-thumbnail","hentry","category-formacio","category-general","category-llengua-de-signes","category-portada"],"post_mailing_queue_ids":[],"_links":{"self":[{"href":"https:\/\/serveiseducatius.xtec.cat\/creda-mvo\/wp-json\/wp\/v2\/posts\/9797","targetHints":{"allow":["GET"]}}],"collection":[{"href":"https:\/\/serveiseducatius.xtec.cat\/creda-mvo\/wp-json\/wp\/v2\/posts"}],"about":[{"href":"https:\/\/serveiseducatius.xtec.cat\/creda-mvo\/wp-json\/wp\/v2\/types\/post"}],"author":[{"embeddable":true,"href":"https:\/\/serveiseducatius.xtec.cat\/creda-mvo\/wp-json\/wp\/v2\/users\/3"}],"replies":[{"embeddable":true,"href":"https:\/\/serveiseducatius.xtec.cat\/creda-mvo\/wp-json\/wp\/v2\/comments?post=9797"}],"version-history":[{"count":1,"href":"https:\/\/serveiseducatius.xtec.cat\/creda-mvo\/wp-json\/wp\/v2\/posts\/9797\/revisions"}],"predecessor-version":[{"id":9798,"href":"https:\/\/serveiseducatius.xtec.cat\/creda-mvo\/wp-json\/wp\/v2\/posts\/9797\/revisions\/9798"}],"wp:featuredmedia":[{"embeddable":true,"href":"https:\/\/serveiseducatius.xtec.cat\/creda-mvo\/wp-json\/wp\/v2\/media\/9378"}],"wp:attachment":[{"href":"https:\/\/serveiseducatius.xtec.cat\/creda-mvo\/wp-json\/wp\/v2\/media?parent=9797"}],"wp:term":[{"taxonomy":"category","embeddable":true,"href":"https:\/\/serveiseducatius.xtec.cat\/creda-mvo\/wp-json\/wp\/v2\/categories?post=9797"},{"taxonomy":"post_tag","embeddable":true,"href":"https:\/\/serveiseducatius.xtec.cat\/creda-mvo\/wp-json\/wp\/v2\/tags?post=9797"}],"curies":[{"name":"wp","href":"https:\/\/api.w.org\/{rel}","templated":true}]}}