{"id":9721,"date":"2017-11-21T09:30:02","date_gmt":"2017-11-21T08:30:02","guid":{"rendered":"http:\/\/serveiseducatius.xtec.cat\/creda-mvo\/?p=9721"},"modified":"2017-11-21T09:31:40","modified_gmt":"2017-11-21T08:31:40","slug":"jornada-la-tecnologia-al-servei-de-lautonomia-i-el-desenvolupament-dels-infants-amb-discapacitat","status":"publish","type":"post","link":"https:\/\/serveiseducatius.xtec.cat\/creda-mvo\/general\/jornada-la-tecnologia-al-servei-de-lautonomia-i-el-desenvolupament-dels-infants-amb-discapacitat\/","title":{"rendered":"Jornada: la tecnologia al servei de l&#8217;autonomia i el desenvolupament dels infants amb discapacitat"},"content":{"rendered":"<p>Els infants amb pluridiscapacitat poden descobrir i gaudir de les seves capacitats a trav\u00e9s del joc, com qualsevol altre infant. En els nens i les nenes de fins a cinc anys, l\u2019\u00fas de la tecnologia, mitjan\u00e7ant el joc, \u00e9s un element essencial que pot incrementar-los les capacitats i millorar-los la qualitat de vida.<\/p>\n<p>Aquest \u00e9s un dels objectius del projecte que avui presentem. Es tracta d\u2019un projecte d\u2019innovaci\u00f3 tecnol\u00f2gica per a la millora del desenvolupament cognitiu i comunicatiu dels infants amb pluridiscapacitat i l\u2019adquisici\u00f3 de noves estrat\u00e8gies per a la intervenci\u00f3. La nova eina tecnol\u00f2gica emprada amb infants de fins a cinc anys \u00e9s un ordinador d\u2019acc\u00e9s amb la mirada. Els ulls de l\u2019infant fan de ratol\u00ed per moure\u2019s per la pantalla i accedir a diversos programes que ajuden els professionals a fer una bona avaluaci\u00f3 de les seves capacitats i a millorar-les, que els permeten entrenar les habilitats cognitives i comunicatives i, finalment, per\u00f2 tan important com les altres, que afavoreixen la seva autonomia.<a href=\"http:\/\/www.nexefundacio.org\/esdeveniments\/jornada-tecnologia-servei-lautonomia-desenvolupament-dels-infants-discapacitat\/\">M\u00e9s informaci\u00f3<\/a><\/p>\n","protected":false},"excerpt":{"rendered":"<p>Els infants amb pluridiscapacitat poden descobrir i gaudir de les seves capacitats a trav\u00e9s del joc, com qualsevol altre infant. [&hellip;]<\/p>\n","protected":false},"author":1,"featured_media":9723,"comment_status":"open","ping_status":"closed","sticky":false,"template":"","format":"standard","meta":{"_bbp_topic_count":0,"_bbp_reply_count":0,"_bbp_total_topic_count":0,"_bbp_total_reply_count":0,"_bbp_voice_count":0,"_bbp_anonymous_reply_count":0,"_bbp_topic_count_hidden":0,"_bbp_reply_count_hidden":0,"_bbp_forum_subforum_count":0,"site-sidebar-layout":"default","site-content-layout":"","ast-site-content-layout":"","site-content-style":"default","site-sidebar-style":"default","ast-global-header-display":"","ast-banner-title-visibility":"","ast-main-header-display":"","ast-hfb-above-header-display":"","ast-hfb-below-header-display":"","ast-hfb-mobile-header-display":"","site-post-title":"","ast-breadcrumbs-content":"","ast-featured-img":"","footer-sml-layout":"","theme-transparent-header-meta":"","adv-header-id-meta":"","stick-header-meta":"","header-above-stick-meta":"","header-main-stick-meta":"","header-below-stick-meta":"","astra-migrate-meta-layouts":"default","ast-page-background-enabled":"default","ast-page-background-meta":{"desktop":{"background-color":"var(--ast-global-color-4)","background-image":"","background-repeat":"repeat","background-position":"center center","background-size":"auto","background-attachment":"scroll","background-type":"","background-media":"","overlay-type":"","overlay-color":"","overlay-opacity":"","overlay-gradient":""},"tablet":{"background-color":"","background-image":"","background-repeat":"repeat","background-position":"center center","background-size":"auto","background-attachment":"scroll","background-type":"","background-media":"","overlay-type":"","overlay-color":"","overlay-opacity":"","overlay-gradient":""},"mobile":{"background-color":"","background-image":"","background-repeat":"repeat","background-position":"center center","background-size":"auto","background-attachment":"scroll","background-type":"","background-media":"","overlay-type":"","overlay-color":"","overlay-opacity":"","overlay-gradient":""}},"ast-content-background-meta":{"desktop":{"background-color":"var(--ast-global-color-5)","background-image":"","background-repeat":"repeat","background-position":"center center","background-size":"auto","background-attachment":"scroll","background-type":"","background-media":"","overlay-type":"","overlay-color":"","overlay-opacity":"","overlay-gradient":""},"tablet":{"background-color":"var(--ast-global-color-5)","background-image":"","background-repeat":"repeat","background-position":"center center","background-size":"auto","background-attachment":"scroll","background-type":"","background-media":"","overlay-type":"","overlay-color":"","overlay-opacity":"","overlay-gradient":""},"mobile":{"background-color":"var(--ast-global-color-5)","background-image":"","background-repeat":"repeat","background-position":"center center","background-size":"auto","background-attachment":"scroll","background-type":"","background-media":"","overlay-type":"","overlay-color":"","overlay-opacity":"","overlay-gradient":""}},"footnotes":""},"categories":[294,1,273],"tags":[],"class_list":["post-9721","post","type-post","status-publish","format-standard","has-post-thumbnail","hentry","category-esdeveniments-families","category-general","category-portada"],"post_mailing_queue_ids":[],"_links":{"self":[{"href":"https:\/\/serveiseducatius.xtec.cat\/creda-mvo\/wp-json\/wp\/v2\/posts\/9721","targetHints":{"allow":["GET"]}}],"collection":[{"href":"https:\/\/serveiseducatius.xtec.cat\/creda-mvo\/wp-json\/wp\/v2\/posts"}],"about":[{"href":"https:\/\/serveiseducatius.xtec.cat\/creda-mvo\/wp-json\/wp\/v2\/types\/post"}],"author":[{"embeddable":true,"href":"https:\/\/serveiseducatius.xtec.cat\/creda-mvo\/wp-json\/wp\/v2\/users\/1"}],"replies":[{"embeddable":true,"href":"https:\/\/serveiseducatius.xtec.cat\/creda-mvo\/wp-json\/wp\/v2\/comments?post=9721"}],"version-history":[{"count":2,"href":"https:\/\/serveiseducatius.xtec.cat\/creda-mvo\/wp-json\/wp\/v2\/posts\/9721\/revisions"}],"predecessor-version":[{"id":9724,"href":"https:\/\/serveiseducatius.xtec.cat\/creda-mvo\/wp-json\/wp\/v2\/posts\/9721\/revisions\/9724"}],"wp:featuredmedia":[{"embeddable":true,"href":"https:\/\/serveiseducatius.xtec.cat\/creda-mvo\/wp-json\/wp\/v2\/media\/9723"}],"wp:attachment":[{"href":"https:\/\/serveiseducatius.xtec.cat\/creda-mvo\/wp-json\/wp\/v2\/media?parent=9721"}],"wp:term":[{"taxonomy":"category","embeddable":true,"href":"https:\/\/serveiseducatius.xtec.cat\/creda-mvo\/wp-json\/wp\/v2\/categories?post=9721"},{"taxonomy":"post_tag","embeddable":true,"href":"https:\/\/serveiseducatius.xtec.cat\/creda-mvo\/wp-json\/wp\/v2\/tags?post=9721"}],"curies":[{"name":"wp","href":"https:\/\/api.w.org\/{rel}","templated":true}]}}