{"id":9689,"date":"2017-11-06T16:16:59","date_gmt":"2017-11-06T15:16:59","guid":{"rendered":"http:\/\/serveiseducatius.xtec.cat\/creda-mvo\/?p=9689"},"modified":"2018-01-26T10:25:13","modified_gmt":"2018-01-26T09:25:13","slug":"la-intervencion-formal-en-el-lenguaje-diseno-de-tareas-utiles","status":"publish","type":"post","link":"https:\/\/serveiseducatius.xtec.cat\/creda-mvo\/general\/la-intervencion-formal-en-el-lenguaje-diseno-de-tareas-utiles\/","title":{"rendered":"La intervenci\u00f3n formal en el lenguaje: dise\u00f1o de tareas \u00fatiles"},"content":{"rendered":"<p>El proper 15 de desembre comptarem amb la Isabelle Monfort per impartir un curs de 5h al CREDA MVO.<\/p>\n<p>Com sabeu \u00e9s\u00a0Psic\u00f3loga en el centre Entender y Hablar i en el Colegio Tres Olivos de Madrid. Professora de la Universidad Camilo Jos\u00e9 Cela i de M\u00e0ster en La Universidad Aut\u00f3noma de Madrid i la Universidad de La Salle.<\/p>\n<p>La Isabelle desenvolupa una intensa tasca docent i\u00a0\u00e9s autora de numbroses publicacions:<\/p>\n<ul>\n<li><a href=\"https:\/\/www.casadellibro.com\/libro-ninos-con-trastornos-pragmaticos-del-lenguaje-y-de-la-comunicacio-n-descripcion-e-intervencion\/9788493362812\/1000429\">Ni\u00f1os con trastornos pragmaticos del lenguaje y de la comunicaci\u00f3n: descripci\u00f3n e intervenci\u00f3n<\/a><\/li>\n<li>En la mente (<a href=\"https:\/\/www.casadellibro.com\/libro-en-la-mente-un-soporte-grafico-para-el-entrenamiento-de-las-habi-lidades-pragmaticas-en-ninos\/9788493201319\/870105\">I<\/a> i <a href=\"https:\/\/www.casadellibro.com\/libro-en-la-mente-2-un-soporte-para-el-entrenamiento-de-habilidades-pr-agmaticas-en-ninos-como-decirlo\/9788493754082\/1946241\">II<\/a>): un soporte grafico para el entrenamiento de las habilidades pragm\u00e1ticas en ni\u00f1os<\/li>\n<li><a href=\"https:\/\/www.casadellibro.com\/libro-mas-alla-de-las-palabras-tareas-para-la-comprension-lectora-y-de-inferencias\/9788493754013\/1895647\">M\u00e1s all\u00e1 de las palabras. Tareas para la comprension lectora y de inferencias<\/a><\/li>\n<li><a href=\"https:\/\/www.casadellibro.com\/libro-la-practica-de-la-comunicacion-bimodal-de-los-signos-a-la-palabr-a\/9788493362867\/1222099\">La pr\u00e1ctica de la comunicacion bimodal: de los signos a la palabra<\/a>.<\/li>\n<\/ul>\n<p>Us compartim <a href=\"http:\/\/serveiseducatius.xtec.cat\/creda-mvo\/wp-content\/uploads\/usu735\/2017\/11\/material-tareas-formales-matar\u00f3.pdf\">el pdf de la xerrada<\/a><\/p>\n","protected":false},"excerpt":{"rendered":"<p>El proper 15 de desembre comptarem amb la Isabelle Monfort per impartir un curs de 5h al CREDA MVO. Com [&hellip;]<\/p>\n","protected":false},"author":1,"featured_media":9692,"comment_status":"open","ping_status":"closed","sticky":false,"template":"","format":"standard","meta":{"_bbp_topic_count":0,"_bbp_reply_count":0,"_bbp_total_topic_count":0,"_bbp_total_reply_count":0,"_bbp_voice_count":0,"_bbp_anonymous_reply_count":0,"_bbp_topic_count_hidden":0,"_bbp_reply_count_hidden":0,"_bbp_forum_subforum_count":0,"site-sidebar-layout":"default","site-content-layout":"","ast-site-content-layout":"","site-content-style":"default","site-sidebar-style":"default","ast-global-header-display":"","ast-banner-title-visibility":"","ast-main-header-display":"","ast-hfb-above-header-display":"","ast-hfb-below-header-display":"","ast-hfb-mobile-header-display":"","site-post-title":"","ast-breadcrumbs-content":"","ast-featured-img":"","footer-sml-layout":"","theme-transparent-header-meta":"","adv-header-id-meta":"","stick-header-meta":"","header-above-stick-meta":"","header-main-stick-meta":"","header-below-stick-meta":"","astra-migrate-meta-layouts":"default","ast-page-background-enabled":"default","ast-page-background-meta":{"desktop":{"background-color":"var(--ast-global-color-4)","background-image":"","background-repeat":"repeat","background-position":"center center","background-size":"auto","background-attachment":"scroll","background-type":"","background-media":"","overlay-type":"","overlay-color":"","overlay-opacity":"","overlay-gradient":""},"tablet":{"background-color":"","background-image":"","background-repeat":"repeat","background-position":"center center","background-size":"auto","background-attachment":"scroll","background-type":"","background-media":"","overlay-type":"","overlay-color":"","overlay-opacity":"","overlay-gradient":""},"mobile":{"background-color":"","background-image":"","background-repeat":"repeat","background-position":"center center","background-size":"auto","background-attachment":"scroll","background-type":"","background-media":"","overlay-type":"","overlay-color":"","overlay-opacity":"","overlay-gradient":""}},"ast-content-background-meta":{"desktop":{"background-color":"var(--ast-global-color-5)","background-image":"","background-repeat":"repeat","background-position":"center center","background-size":"auto","background-attachment":"scroll","background-type":"","background-media":"","overlay-type":"","overlay-color":"","overlay-opacity":"","overlay-gradient":""},"tablet":{"background-color":"var(--ast-global-color-5)","background-image":"","background-repeat":"repeat","background-position":"center center","background-size":"auto","background-attachment":"scroll","background-type":"","background-media":"","overlay-type":"","overlay-color":"","overlay-opacity":"","overlay-gradient":""},"mobile":{"background-color":"var(--ast-global-color-5)","background-image":"","background-repeat":"repeat","background-position":"center center","background-size":"auto","background-attachment":"scroll","background-type":"","background-media":"","overlay-type":"","overlay-color":"","overlay-opacity":"","overlay-gradient":""}},"footnotes":""},"categories":[288,1,273],"tags":[],"class_list":["post-9689","post","type-post","status-publish","format-standard","has-post-thumbnail","hentry","category-formacio","category-general","category-portada"],"post_mailing_queue_ids":[],"_links":{"self":[{"href":"https:\/\/serveiseducatius.xtec.cat\/creda-mvo\/wp-json\/wp\/v2\/posts\/9689","targetHints":{"allow":["GET"]}}],"collection":[{"href":"https:\/\/serveiseducatius.xtec.cat\/creda-mvo\/wp-json\/wp\/v2\/posts"}],"about":[{"href":"https:\/\/serveiseducatius.xtec.cat\/creda-mvo\/wp-json\/wp\/v2\/types\/post"}],"author":[{"embeddable":true,"href":"https:\/\/serveiseducatius.xtec.cat\/creda-mvo\/wp-json\/wp\/v2\/users\/1"}],"replies":[{"embeddable":true,"href":"https:\/\/serveiseducatius.xtec.cat\/creda-mvo\/wp-json\/wp\/v2\/comments?post=9689"}],"version-history":[{"count":2,"href":"https:\/\/serveiseducatius.xtec.cat\/creda-mvo\/wp-json\/wp\/v2\/posts\/9689\/revisions"}],"predecessor-version":[{"id":9775,"href":"https:\/\/serveiseducatius.xtec.cat\/creda-mvo\/wp-json\/wp\/v2\/posts\/9689\/revisions\/9775"}],"wp:featuredmedia":[{"embeddable":true,"href":"https:\/\/serveiseducatius.xtec.cat\/creda-mvo\/wp-json\/wp\/v2\/media\/9692"}],"wp:attachment":[{"href":"https:\/\/serveiseducatius.xtec.cat\/creda-mvo\/wp-json\/wp\/v2\/media?parent=9689"}],"wp:term":[{"taxonomy":"category","embeddable":true,"href":"https:\/\/serveiseducatius.xtec.cat\/creda-mvo\/wp-json\/wp\/v2\/categories?post=9689"},{"taxonomy":"post_tag","embeddable":true,"href":"https:\/\/serveiseducatius.xtec.cat\/creda-mvo\/wp-json\/wp\/v2\/tags?post=9689"}],"curies":[{"name":"wp","href":"https:\/\/api.w.org\/{rel}","templated":true}]}}