{"id":9632,"date":"2017-10-09T13:34:48","date_gmt":"2017-10-09T11:34:48","guid":{"rendered":"http:\/\/serveiseducatius.xtec.cat\/creda-mvo\/?p=9632"},"modified":"2021-10-05T12:10:07","modified_gmt":"2021-10-05T10:10:07","slug":"congres-catala-de-salut-mental-de-la-infancia-i-ladolescencia","status":"publish","type":"post","link":"https:\/\/serveiseducatius.xtec.cat\/creda-mvo\/general\/congres-catala-de-salut-mental-de-la-infancia-i-ladolescencia\/","title":{"rendered":"Congr\u00e9s Catal\u00e0 de Salut Mental de la Inf\u00e0ncia i l\u2019Adolesc\u00e8ncia"},"content":{"rendered":"<p>Els dies\u00a0<strong>23 i 24 de novembre del 2017<\/strong>\u00a0se celebrar\u00e0 la 6a edici\u00f3 del Congr\u00e9s Catal\u00e0 de Salut Mental de la Inf\u00e0ncia i l\u2019Adolesc\u00e8ncia, a l\u2019Auditori del\u00a0<strong>CosmoCaixa de Barcelona<\/strong>. En aquesta edici\u00f3 s\u2019abordar\u00e0 la problem\u00e0tica dels trastorns de conducta des d\u2019una perspectiva multidisciplinar i intersectorial.<\/p>\n<p>El programa est\u00e0 constitu\u00eft per quatre taules: Cl\u00ednica I, Cl\u00ednica II, Intervencions i Recerca. Pr\u00e8viament hi haur\u00e0 una confer\u00e8ncia inaugural que aportar\u00e0 una visi\u00f3 antropol\u00f2gica de la q\u00fcesti\u00f3. El Congr\u00e9s inclour\u00e0 tamb\u00e9 la presentaci\u00f3 de p\u00f2sters centrats en la tem\u00e0tica anunciada.<\/p>\n<p>En aquesta 6a edici\u00f3, l\u2019organitzaci\u00f3 del Congr\u00e9s anir\u00e0 a c\u00e0rrec de la\u00a0<strong>Fundaci\u00f3 Congr\u00e9s Catal\u00e0 de Salut Mental<\/strong>, que juntament amb la participaci\u00f3 d\u2019un ampli col\u00b7lectiu de professionals des del Comit\u00e8 Organitzador i Cient\u00edfic, i el suport de diferents entitats i institucions del sector, treballarem conjuntament per l\u2019\u00e8xit del Congr\u00e9s.<\/p>\n<p><a href=\"http:\/\/www.fccsm.net\/vi-congres-de-la-infancia-i-ladolencencia\/\">M\u00e9s informaci\u00f3<\/a><\/p>\n","protected":false},"excerpt":{"rendered":"<p>Els dies\u00a023 i 24 de novembre del 2017\u00a0se celebrar\u00e0 la 6a edici\u00f3 del Congr\u00e9s Catal\u00e0 de Salut Mental de la [&hellip;]<\/p>\n","protected":false},"author":3,"featured_media":9633,"comment_status":"open","ping_status":"closed","sticky":false,"template":"","format":"standard","meta":{"_bbp_topic_count":0,"_bbp_reply_count":0,"_bbp_total_topic_count":0,"_bbp_total_reply_count":0,"_bbp_voice_count":0,"_bbp_anonymous_reply_count":0,"_bbp_topic_count_hidden":0,"_bbp_reply_count_hidden":0,"_bbp_forum_subforum_count":0,"site-sidebar-layout":"default","site-content-layout":"","ast-site-content-layout":"","site-content-style":"default","site-sidebar-style":"default","ast-global-header-display":"","ast-banner-title-visibility":"","ast-main-header-display":"","ast-hfb-above-header-display":"","ast-hfb-below-header-display":"","ast-hfb-mobile-header-display":"","site-post-title":"","ast-breadcrumbs-content":"","ast-featured-img":"","footer-sml-layout":"","theme-transparent-header-meta":"","adv-header-id-meta":"","stick-header-meta":"","header-above-stick-meta":"","header-main-stick-meta":"","header-below-stick-meta":"","astra-migrate-meta-layouts":"default","ast-page-background-enabled":"default","ast-page-background-meta":{"desktop":{"background-color":"var(--ast-global-color-4)","background-image":"","background-repeat":"repeat","background-position":"center center","background-size":"auto","background-attachment":"scroll","background-type":"","background-media":"","overlay-type":"","overlay-color":"","overlay-opacity":"","overlay-gradient":""},"tablet":{"background-color":"","background-image":"","background-repeat":"repeat","background-position":"center center","background-size":"auto","background-attachment":"scroll","background-type":"","background-media":"","overlay-type":"","overlay-color":"","overlay-opacity":"","overlay-gradient":""},"mobile":{"background-color":"","background-image":"","background-repeat":"repeat","background-position":"center center","background-size":"auto","background-attachment":"scroll","background-type":"","background-media":"","overlay-type":"","overlay-color":"","overlay-opacity":"","overlay-gradient":""}},"ast-content-background-meta":{"desktop":{"background-color":"var(--ast-global-color-5)","background-image":"","background-repeat":"repeat","background-position":"center center","background-size":"auto","background-attachment":"scroll","background-type":"","background-media":"","overlay-type":"","overlay-color":"","overlay-opacity":"","overlay-gradient":""},"tablet":{"background-color":"var(--ast-global-color-5)","background-image":"","background-repeat":"repeat","background-position":"center center","background-size":"auto","background-attachment":"scroll","background-type":"","background-media":"","overlay-type":"","overlay-color":"","overlay-opacity":"","overlay-gradient":""},"mobile":{"background-color":"var(--ast-global-color-5)","background-image":"","background-repeat":"repeat","background-position":"center center","background-size":"auto","background-attachment":"scroll","background-type":"","background-media":"","overlay-type":"","overlay-color":"","overlay-opacity":"","overlay-gradient":""}},"footnotes":""},"categories":[288,1,273],"tags":[302,408,406],"class_list":["post-9632","post","type-post","status-publish","format-standard","has-post-thumbnail","hentry","category-formacio","category-general","category-portada","tag-congres","tag-salut-mental","tag-xerrada"],"post_mailing_queue_ids":[],"_links":{"self":[{"href":"https:\/\/serveiseducatius.xtec.cat\/creda-mvo\/wp-json\/wp\/v2\/posts\/9632","targetHints":{"allow":["GET"]}}],"collection":[{"href":"https:\/\/serveiseducatius.xtec.cat\/creda-mvo\/wp-json\/wp\/v2\/posts"}],"about":[{"href":"https:\/\/serveiseducatius.xtec.cat\/creda-mvo\/wp-json\/wp\/v2\/types\/post"}],"author":[{"embeddable":true,"href":"https:\/\/serveiseducatius.xtec.cat\/creda-mvo\/wp-json\/wp\/v2\/users\/3"}],"replies":[{"embeddable":true,"href":"https:\/\/serveiseducatius.xtec.cat\/creda-mvo\/wp-json\/wp\/v2\/comments?post=9632"}],"version-history":[{"count":1,"href":"https:\/\/serveiseducatius.xtec.cat\/creda-mvo\/wp-json\/wp\/v2\/posts\/9632\/revisions"}],"predecessor-version":[{"id":9634,"href":"https:\/\/serveiseducatius.xtec.cat\/creda-mvo\/wp-json\/wp\/v2\/posts\/9632\/revisions\/9634"}],"wp:featuredmedia":[{"embeddable":true,"href":"https:\/\/serveiseducatius.xtec.cat\/creda-mvo\/wp-json\/wp\/v2\/media\/9633"}],"wp:attachment":[{"href":"https:\/\/serveiseducatius.xtec.cat\/creda-mvo\/wp-json\/wp\/v2\/media?parent=9632"}],"wp:term":[{"taxonomy":"category","embeddable":true,"href":"https:\/\/serveiseducatius.xtec.cat\/creda-mvo\/wp-json\/wp\/v2\/categories?post=9632"},{"taxonomy":"post_tag","embeddable":true,"href":"https:\/\/serveiseducatius.xtec.cat\/creda-mvo\/wp-json\/wp\/v2\/tags?post=9632"}],"curies":[{"name":"wp","href":"https:\/\/api.w.org\/{rel}","templated":true}]}}