{"id":9555,"date":"2017-05-15T09:51:05","date_gmt":"2017-05-15T07:51:05","guid":{"rendered":"http:\/\/serveiseducatius.xtec.cat\/creda-mvo\/?p=9555"},"modified":"2017-05-15T09:52:12","modified_gmt":"2017-05-15T07:52:12","slug":"ii-jornada-de-la-plataforma-volem-signar-i-escoltar-queremos-signar-y-escucharpor-una-educacion-bilingue-real-y-de-calidad-ya","status":"publish","type":"post","link":"https:\/\/serveiseducatius.xtec.cat\/creda-mvo\/general\/ii-jornada-de-la-plataforma-volem-signar-i-escoltar-queremos-signar-y-escucharpor-una-educacion-bilingue-real-y-de-calidad-ya\/","title":{"rendered":"II JORNADA DE LA PLATAFORMA VOLEM SIGNAR I ESCOLTAR (QUEREMOS SIGNAR Y ESCUCHAR):POR UNA EDUCACI\u00d3N BILING\u00dcE REAL Y DE CALIDAD, YA!"},"content":{"rendered":"<p>II JORNADA DE LA PLATAFORMA VOLEM SIGNAR I ESCOLTAR: Por una educaci\u00f3n biling\u00fce real y de calidad, ya!<\/p>\n<p>Barcelona, 20\/05\/2017<\/p>\n<p>PROGRAMA DEL EVENTO<\/p>\n<p>9.00h-9.05h Apertura a cargo de la Sra. Marian Gonzalez, portavoz de la Plataforma Volem Signar i Escoltar.<\/p>\n<p>9.05h-9.15h Presentaci\u00f3n a cargo de la Teniente Alcalde de Barcelona, la Sra. Laia Ortiz.<\/p>\n<p>9.15h-9.30h Presentaci\u00f3n a cargo del Presidente de la FESOCA (Federaci\u00f3n de Personas Sordas de Catalu\u00f1a), el Sr. Antonio Mart\u00ednez.<\/p>\n<p>9.30h-10.00h<em>\u201cHacia una educaci\u00f3n inclusiva de las personas sordas.\u201d<\/em> a cargo de el Sr. Emilio Ferreiro Lago, coordinador del \u00e1rea de formaci\u00f3n de la fundaci\u00f3nCNSE (Confederaci\u00f3n Estatal de Personas Sordas de Espa\u00f1a).<\/p>\n<p>10.00h-10.30h<em>\u201cHacia una nueva ley de educaci\u00f3n inclusiva.\u201d<\/em>a cargo de la Sra. Pilar Lima, Consejera estatal de Podemos. \u00c1rea de derechos humanos, diversidad y ciudadan\u00eda.<\/p>\n<p>10.30h-11.00h<em>\u201cBuenas razones para el derecho a la lengua de signos.\u201d<\/em>A cargo de la Sra. Sara Trovato, profesora en elDepartamento de Ciencias Humanas de Educaci\u00f3n(Mil\u00e0-Bicocca).<\/p>\n<p>11.00h-11.30h Pausa \u2013 caf\u00e9<\/p>\n<p>11.30h-12.00h<em>\u201cPanor\u00e1mica de la educaci\u00f3n biling\u00fce intermodal\u201c.<\/em>a cargo de la Sra. Mar\u00eda Josep Jarque, profesora asociada del Departamento de Cognici\u00f3n, Desarrollo y Psicolog\u00eda de la Educaci\u00f3n, dela UAB.<\/p>\n<p>12.00h-12.30h<em>\u201cNeo-oralismo y biling\u00fcismo, un conflicto sin resolver?\u201d<\/em>a cargo de la Sra. Esperanza Morales, profesora de Ling\u00fc\u00edstica en la Universidad de A Coru\u00f1a y Presidenta de BilinSig.<\/p>\n<p>12.30h-13.30h Mesa Redonda con el tema <em>\u201cServicios que ofrecen los CREDA a los ni\u00f1os sordos durante la atenci\u00f3n temprana y en la educaci\u00f3n postobligatoria\u201c<\/em>, formada por:<\/p>\n<p>&#8211; Directores de CREDA Pere Barnils de Barcelona a cargo de Montse Anglarill y CREDA Jordi Perell\u00f3 del Vall\u00e8s a cargo de Lali Bullich.<\/p>\n<p>&#8211; J\u00f3venes Sordos formado por Mar Nadal, Michael Silva, Daniel Machado y Ervin L\u00f3pez.<\/p>\n<p>&#8211; Raquel Perich, en representaci\u00f3n de APANSCE (Asociaci\u00f3n de padres de ni\u00f1os sordos de Catalu\u00f1a)y presidenta de la misma.<\/p>\n<p>&#8211; Miquel \u00c0ngel Essomba, Pedagogo y profesor agregado del Departamento de Pedagog\u00eda de la UAB y Comisionado de Educaci\u00f3n de Barcelona.<\/p>\n<p>Moderada por:<\/p>\n<p>&#8211; Natalia C\u00e1rdenas, psic\u00f3loga especialista en discapacidad auditiva.<\/p>\n<p>13.30h-14.00h Conclusiones a cargo de la Sra. Mar Cedillo.<\/p>\n<p>14.00h Clausura a cargo de la Sra. Marian Gonzalez, portavoz de la Plataforma Volem signar i Escoltar.<a href=\"https:\/\/www.eventbrite.es\/e\/entradas-ii-jornada-de-la-plataforma-volem-signar-i-escoltar-queremos-signar-y-escucharpor-una-educacion-33023779012?utm-medium=discovery&amp;utm-campaign=social&amp;utm-content=attendeeshare&amp;utm-source=strongmail&amp;utm-term=listing\"><img decoding=\"async\" class=\"alignnone size-full\" src=\"https:\/\/img.evbuc.com\/https%3A%2F%2Fcdn.evbuc.com%2Fimages%2F31327799%2F213184755852%2F1%2Foriginal.jpg?h=230&amp;w=460&amp;rect=0%2C25%2C700%2C350&amp;s=4d89646acf1d6a182b3a2eb97932e1e7\" alt=\"\" \/><\/a><\/p>\n<p>&nbsp;<\/p>\n<p>M\u00e9s informaci\u00f3: <a href=\"https:\/\/www.eventbrite.es\/e\/entradas-ii-jornada-de-la-plataforma-volem-signar-i-escoltar-queremos-signar-y-escucharpor-una-educacion-33023779012\">I<\/a><a href=\"https:\/\/www.eventbrite.es\/e\/entradas-ii-jornada-de-la-plataforma-volem-signar-i-escoltar-queremos-signar-y-escucharpor-una-educacion-33023779012\">I JORNADA DE LA PLATAFORMA VOLEM SIGNAR I ESCOLTAR (QUEREMOS SIGNAR Y ESCUCHAR):POR UNA EDUCACI\u00d3N BILING\u00dcE REAL Y DE CALIDAD, YA! Entradas, S\u00e1b 20 may. 2017 a las 9:00 | Eventbrite<\/a><\/p>\n","protected":false},"excerpt":{"rendered":"<p>II JORNADA DE LA PLATAFORMA VOLEM SIGNAR I ESCOLTAR: Por una educaci\u00f3n biling\u00fce real y de calidad, ya! Barcelona, 20\/05\/2017 [&hellip;]<\/p>\n","protected":false},"author":3,"featured_media":0,"comment_status":"open","ping_status":"open","sticky":false,"template":"","format":"standard","meta":{"_bbp_topic_count":0,"_bbp_reply_count":0,"_bbp_total_topic_count":0,"_bbp_total_reply_count":0,"_bbp_voice_count":0,"_bbp_anonymous_reply_count":0,"_bbp_topic_count_hidden":0,"_bbp_reply_count_hidden":0,"_bbp_forum_subforum_count":0,"site-sidebar-layout":"default","site-content-layout":"","ast-site-content-layout":"","site-content-style":"default","site-sidebar-style":"default","ast-global-header-display":"","ast-banner-title-visibility":"","ast-main-header-display":"","ast-hfb-above-header-display":"","ast-hfb-below-header-display":"","ast-hfb-mobile-header-display":"","site-post-title":"","ast-breadcrumbs-content":"","ast-featured-img":"","footer-sml-layout":"","theme-transparent-header-meta":"","adv-header-id-meta":"","stick-header-meta":"","header-above-stick-meta":"","header-main-stick-meta":"","header-below-stick-meta":"","astra-migrate-meta-layouts":"default","ast-page-background-enabled":"default","ast-page-background-meta":{"desktop":{"background-color":"var(--ast-global-color-4)","background-image":"","background-repeat":"repeat","background-position":"center center","background-size":"auto","background-attachment":"scroll","background-type":"","background-media":"","overlay-type":"","overlay-color":"","overlay-opacity":"","overlay-gradient":""},"tablet":{"background-color":"","background-image":"","background-repeat":"repeat","background-position":"center center","background-size":"auto","background-attachment":"scroll","background-type":"","background-media":"","overlay-type":"","overlay-color":"","overlay-opacity":"","overlay-gradient":""},"mobile":{"background-color":"","background-image":"","background-repeat":"repeat","background-position":"center center","background-size":"auto","background-attachment":"scroll","background-type":"","background-media":"","overlay-type":"","overlay-color":"","overlay-opacity":"","overlay-gradient":""}},"ast-content-background-meta":{"desktop":{"background-color":"var(--ast-global-color-5)","background-image":"","background-repeat":"repeat","background-position":"center center","background-size":"auto","background-attachment":"scroll","background-type":"","background-media":"","overlay-type":"","overlay-color":"","overlay-opacity":"","overlay-gradient":""},"tablet":{"background-color":"var(--ast-global-color-5)","background-image":"","background-repeat":"repeat","background-position":"center center","background-size":"auto","background-attachment":"scroll","background-type":"","background-media":"","overlay-type":"","overlay-color":"","overlay-opacity":"","overlay-gradient":""},"mobile":{"background-color":"var(--ast-global-color-5)","background-image":"","background-repeat":"repeat","background-position":"center center","background-size":"auto","background-attachment":"scroll","background-type":"","background-media":"","overlay-type":"","overlay-color":"","overlay-opacity":"","overlay-gradient":""}},"footnotes":""},"categories":[288,1,273],"tags":[],"class_list":["post-9555","post","type-post","status-publish","format-standard","hentry","category-formacio","category-general","category-portada"],"post_mailing_queue_ids":[],"_links":{"self":[{"href":"https:\/\/serveiseducatius.xtec.cat\/creda-mvo\/wp-json\/wp\/v2\/posts\/9555","targetHints":{"allow":["GET"]}}],"collection":[{"href":"https:\/\/serveiseducatius.xtec.cat\/creda-mvo\/wp-json\/wp\/v2\/posts"}],"about":[{"href":"https:\/\/serveiseducatius.xtec.cat\/creda-mvo\/wp-json\/wp\/v2\/types\/post"}],"author":[{"embeddable":true,"href":"https:\/\/serveiseducatius.xtec.cat\/creda-mvo\/wp-json\/wp\/v2\/users\/3"}],"replies":[{"embeddable":true,"href":"https:\/\/serveiseducatius.xtec.cat\/creda-mvo\/wp-json\/wp\/v2\/comments?post=9555"}],"version-history":[{"count":1,"href":"https:\/\/serveiseducatius.xtec.cat\/creda-mvo\/wp-json\/wp\/v2\/posts\/9555\/revisions"}],"predecessor-version":[{"id":9556,"href":"https:\/\/serveiseducatius.xtec.cat\/creda-mvo\/wp-json\/wp\/v2\/posts\/9555\/revisions\/9556"}],"wp:attachment":[{"href":"https:\/\/serveiseducatius.xtec.cat\/creda-mvo\/wp-json\/wp\/v2\/media?parent=9555"}],"wp:term":[{"taxonomy":"category","embeddable":true,"href":"https:\/\/serveiseducatius.xtec.cat\/creda-mvo\/wp-json\/wp\/v2\/categories?post=9555"},{"taxonomy":"post_tag","embeddable":true,"href":"https:\/\/serveiseducatius.xtec.cat\/creda-mvo\/wp-json\/wp\/v2\/tags?post=9555"}],"curies":[{"name":"wp","href":"https:\/\/api.w.org\/{rel}","templated":true}]}}