{"id":9488,"date":"2017-03-27T10:00:23","date_gmt":"2017-03-27T08:00:23","guid":{"rendered":"http:\/\/serveiseducatius.xtec.cat\/creda-mvo\/?p=9488"},"modified":"2017-03-27T10:02:57","modified_gmt":"2017-03-27T08:02:57","slug":"ii-jornada-de-la-plataforma-volem-signar-i-escoltar-queremos-signar-y-escuchar-por-una-educacion-bilingue-real-y-de-calidad-ya","status":"publish","type":"post","link":"https:\/\/serveiseducatius.xtec.cat\/creda-mvo\/general\/ii-jornada-de-la-plataforma-volem-signar-i-escoltar-queremos-signar-y-escuchar-por-una-educacion-bilingue-real-y-de-calidad-ya\/","title":{"rendered":"II JORNADA DE LA PLATAFORMA VOLEM SIGNAR I ESCOLTAR (QUEREMOS SIGNAR Y ESCUCHAR): POR UNA EDUCACI\u00d3N BILING\u00dcE REAL Y DE CALIDAD, YA!\u00a0"},"content":{"rendered":"<p>9:00-9:15 Apertura y presentaci\u00f3n a cargo de la Teniente Alcalde de Barcelona, la Sra. Laia Ortiz.<\/p>\n<p>9:15-9:30 Presentaci\u00f3n a cargo del Presidente de la FESOCA (Federaci\u00f3n de Personas Sordas de Catalu\u00f1a), el Sr. Antonio Mart\u00ednez.<\/p>\n<p>9:30-10:00 CNSE (Confederaci\u00f3n Estatal de Personas Sordas de Espa\u00f1a) \u201cHacia una educaci\u00f3n inclusiva de las personas sordas.\u201d<\/p>\n<p>10:00-10:30 La Sra. Pilar Lima, Senadora y miembro del Consejo Ciudadano de Podemos Valencia \u201cHacia una nueva ley de educaci\u00f3n inclusiva.\u201d<\/p>\n<p>10:30-11:00 La Sra. Sara Trovato \u201cBuenas razones para el derecho a la lengua de signos.\u201d<\/p>\n<p>11:00-11:30 Pausa \u2013 caf\u00e9<\/p>\n<p>11:30-12:00 La Sra. Maria Josep Jarque con \u201cPanor\u00e1mica de la educaci\u00f3n biling\u00fce intermodal\u201c.<\/p>\n<p>12:00-12:30 La Sra. Esperanza Morales con \u201cNeo-oralismo y biling\u00fcismo, un conflicto sin resolver?\u201d<\/p>\n<p>12:30-13:30 Mesa Redonda de directores de CREDA, j\u00f3venes Sordos y APANSCE (Asociaci\u00f3n de padres de ni\u00f1os sordos de Catalu\u00f1a) con el tema \u201cServicios que ofrecen los CREDA a las familias con hijos sordos y a los estudiantes sordos en general\u201c.<\/p>\n<p>13:30-14:00 Conclusiones y clausura.<\/p>\n<p><a href=\"https:\/\/www.eventbrite.es\/e\/entradas-ii-jornada-de-la-plataforma-volem-signar-i-escoltar-queremos-signar-y-escuchar-por-una-educacion-33023779012?ref=enivte001&amp;invite=MTE3MDY0NTQvdm9sZW1zaWduYXJpZXNjb2x0YXJAZ21haWwuY29tLzA%3D&amp;utm_source=eb_email&amp;utm_medium=email&amp;utm_campaign=invitemodernv2&amp;ref=enivte001&amp;utm_term=attend\">M\u00e9s informaci\u00f3<\/a><\/p>\n","protected":false},"excerpt":{"rendered":"<p>II JORNADA DE LA PLATAFORMA VOLEM SIGNAR I ESCOLTAR: Por una educaci\u00f3n biling\u00fce real y de calidad, ya!<\/p>\n","protected":false},"author":3,"featured_media":0,"comment_status":"open","ping_status":"open","sticky":false,"template":"","format":"standard","meta":{"_bbp_topic_count":0,"_bbp_reply_count":0,"_bbp_total_topic_count":0,"_bbp_total_reply_count":0,"_bbp_voice_count":0,"_bbp_anonymous_reply_count":0,"_bbp_topic_count_hidden":0,"_bbp_reply_count_hidden":0,"_bbp_forum_subforum_count":0,"site-sidebar-layout":"default","site-content-layout":"","ast-site-content-layout":"","site-content-style":"default","site-sidebar-style":"default","ast-global-header-display":"","ast-banner-title-visibility":"","ast-main-header-display":"","ast-hfb-above-header-display":"","ast-hfb-below-header-display":"","ast-hfb-mobile-header-display":"","site-post-title":"","ast-breadcrumbs-content":"","ast-featured-img":"","footer-sml-layout":"","theme-transparent-header-meta":"","adv-header-id-meta":"","stick-header-meta":"","header-above-stick-meta":"","header-main-stick-meta":"","header-below-stick-meta":"","astra-migrate-meta-layouts":"default","ast-page-background-enabled":"default","ast-page-background-meta":{"desktop":{"background-color":"var(--ast-global-color-4)","background-image":"","background-repeat":"repeat","background-position":"center center","background-size":"auto","background-attachment":"scroll","background-type":"","background-media":"","overlay-type":"","overlay-color":"","overlay-opacity":"","overlay-gradient":""},"tablet":{"background-color":"","background-image":"","background-repeat":"repeat","background-position":"center center","background-size":"auto","background-attachment":"scroll","background-type":"","background-media":"","overlay-type":"","overlay-color":"","overlay-opacity":"","overlay-gradient":""},"mobile":{"background-color":"","background-image":"","background-repeat":"repeat","background-position":"center center","background-size":"auto","background-attachment":"scroll","background-type":"","background-media":"","overlay-type":"","overlay-color":"","overlay-opacity":"","overlay-gradient":""}},"ast-content-background-meta":{"desktop":{"background-color":"var(--ast-global-color-5)","background-image":"","background-repeat":"repeat","background-position":"center center","background-size":"auto","background-attachment":"scroll","background-type":"","background-media":"","overlay-type":"","overlay-color":"","overlay-opacity":"","overlay-gradient":""},"tablet":{"background-color":"var(--ast-global-color-5)","background-image":"","background-repeat":"repeat","background-position":"center center","background-size":"auto","background-attachment":"scroll","background-type":"","background-media":"","overlay-type":"","overlay-color":"","overlay-opacity":"","overlay-gradient":""},"mobile":{"background-color":"var(--ast-global-color-5)","background-image":"","background-repeat":"repeat","background-position":"center center","background-size":"auto","background-attachment":"scroll","background-type":"","background-media":"","overlay-type":"","overlay-color":"","overlay-opacity":"","overlay-gradient":""}},"footnotes":""},"categories":[288,1,273],"tags":[],"class_list":["post-9488","post","type-post","status-publish","format-standard","hentry","category-formacio","category-general","category-portada"],"post_mailing_queue_ids":[],"_links":{"self":[{"href":"https:\/\/serveiseducatius.xtec.cat\/creda-mvo\/wp-json\/wp\/v2\/posts\/9488","targetHints":{"allow":["GET"]}}],"collection":[{"href":"https:\/\/serveiseducatius.xtec.cat\/creda-mvo\/wp-json\/wp\/v2\/posts"}],"about":[{"href":"https:\/\/serveiseducatius.xtec.cat\/creda-mvo\/wp-json\/wp\/v2\/types\/post"}],"author":[{"embeddable":true,"href":"https:\/\/serveiseducatius.xtec.cat\/creda-mvo\/wp-json\/wp\/v2\/users\/3"}],"replies":[{"embeddable":true,"href":"https:\/\/serveiseducatius.xtec.cat\/creda-mvo\/wp-json\/wp\/v2\/comments?post=9488"}],"version-history":[{"count":2,"href":"https:\/\/serveiseducatius.xtec.cat\/creda-mvo\/wp-json\/wp\/v2\/posts\/9488\/revisions"}],"predecessor-version":[{"id":9490,"href":"https:\/\/serveiseducatius.xtec.cat\/creda-mvo\/wp-json\/wp\/v2\/posts\/9488\/revisions\/9490"}],"wp:attachment":[{"href":"https:\/\/serveiseducatius.xtec.cat\/creda-mvo\/wp-json\/wp\/v2\/media?parent=9488"}],"wp:term":[{"taxonomy":"category","embeddable":true,"href":"https:\/\/serveiseducatius.xtec.cat\/creda-mvo\/wp-json\/wp\/v2\/categories?post=9488"},{"taxonomy":"post_tag","embeddable":true,"href":"https:\/\/serveiseducatius.xtec.cat\/creda-mvo\/wp-json\/wp\/v2\/tags?post=9488"}],"curies":[{"name":"wp","href":"https:\/\/api.w.org\/{rel}","templated":true}]}}