{"id":9417,"date":"2017-03-06T12:16:07","date_gmt":"2017-03-06T11:16:07","guid":{"rendered":"http:\/\/serveiseducatius.xtec.cat\/creda-mvo\/?p=9417"},"modified":"2017-03-06T12:16:07","modified_gmt":"2017-03-06T11:16:07","slug":"jornada-sobre-desarrollo-de-lenguaje-comunicacion-y-habilidades-sociales-en-el-autismo","status":"publish","type":"post","link":"https:\/\/serveiseducatius.xtec.cat\/creda-mvo\/general\/jornada-sobre-desarrollo-de-lenguaje-comunicacion-y-habilidades-sociales-en-el-autismo\/","title":{"rendered":"Jornada sobre desarrollo de lenguaje, comunicaci\u00f3n y habilidades sociales en el autismo"},"content":{"rendered":"<p>El pr\u00f3ximo 18 de marzo se llevar\u00e1 a cabo en Cornell\u00e0 de Llobregat \u2013 Barcelona, una Jornada sobre desarrollo de lenguaje, comunicaci\u00f3n y habilidades sociales en el autismo. En esta jornada se presentar\u00e1 la metodolog\u00eda que la Fundaci\u00f3n Autismo Diario ha utilizado en su programa de investigaci\u00f3n. As\u00ed mismo se presentar\u00e1n los resultados obtenidos en este programa de investigaci\u00f3n. El evento se realizar\u00e1 en L\u2019Auditori de Cornell\u00e0, c\/ Albert Einstein, 51, 08940 Cornell\u00e0 de Llobregat, Barcelona.<\/p>\n<p>Los aspectos que m\u00e1s complican el desarrollo de las personas con autismo suelen estar relacionados con la comunicaci\u00f3n y la interacci\u00f3n social, y es en este aspecto en el que hemos estado trabajando, hasta el momento con resultados muy significativos. Una visi\u00f3n diferente de la intervenci\u00f3n, basada en la implicaci\u00f3n de todos, en el trabajo en contextos naturales, atendiendo a los posibles desordenes sensoriales, y sobre todo, haciendo que la calidad de vida de la familia aumente de forma importante.<\/p>\n<p>Y sobre ese aspecto va a versar la Jornada formativa sobre desarrollo de lenguaje, comunicaci\u00f3n y habilidades sociales en el autismo. Enfocada a transmitir a familiares, profesionales y personas con autismo una visi\u00f3n diferente (que no nueva) de la intervenci\u00f3n.<\/p>\n<p>En esta jornada pretendemos que no queden dudas de que estamos ante un cambio de paradigma en la intervenci\u00f3n en el autismo. Que para obtener nuevos y mejores resultados debemos enfrentar la intervenci\u00f3n desde un punto de vista distinto, punto de vista m\u00e1s adecuado y cercano a los deseos y realidades de las personas con autismo. Trabajamos para que ellos mejoren su calidad de vida, para asegurarnos que su futuro sea mejor. Pero sobre todo, trabajamos para intentar demostrar que se puede hacer.<\/p>\n<p><a href=\"https:\/\/autismodiario.org\/2017\/01\/19\/jornada-formativa-sobre-desarrollo-de-lenguaje-comunicacion-y-habilidades-sociales-en-el-autismo-2\/?utm_source=ReviveOldPost&amp;utm_medium=social&amp;utm_campaign=ReviveOldPost\">M\u00e9s informaci\u00f3<\/a><\/p>\n","protected":false},"excerpt":{"rendered":"<p>El pr\u00f3ximo 18 de marzo se llevar\u00e1 a cabo en Cornell\u00e0 de Llobregat \u2013 Barcelona, una Jornada sobre desarrollo de lenguaje, comunicaci\u00f3n y habilidades sociales en el autismo. En esta jornada se presentar\u00e1 la metodolog\u00eda que la Fundaci\u00f3n Autismo Diario ha utilizado en su programa de investigaci\u00f3n. As\u00ed mismo se presentar\u00e1n los resultados obtenidos en este programa de investigaci\u00f3n. El evento se realizar\u00e1 en L\u2019Auditori de Cornell\u00e0, c\/ Albert Einstein, 51, 08940 Cornell\u00e0 de Llobregat, Barcelona.<\/p>\n","protected":false},"author":3,"featured_media":9418,"comment_status":"open","ping_status":"open","sticky":false,"template":"","format":"standard","meta":{"_bbp_topic_count":0,"_bbp_reply_count":0,"_bbp_total_topic_count":0,"_bbp_total_reply_count":0,"_bbp_voice_count":0,"_bbp_anonymous_reply_count":0,"_bbp_topic_count_hidden":0,"_bbp_reply_count_hidden":0,"_bbp_forum_subforum_count":0,"site-sidebar-layout":"default","site-content-layout":"","ast-site-content-layout":"","site-content-style":"default","site-sidebar-style":"default","ast-global-header-display":"","ast-banner-title-visibility":"","ast-main-header-display":"","ast-hfb-above-header-display":"","ast-hfb-below-header-display":"","ast-hfb-mobile-header-display":"","site-post-title":"","ast-breadcrumbs-content":"","ast-featured-img":"","footer-sml-layout":"","theme-transparent-header-meta":"","adv-header-id-meta":"","stick-header-meta":"","header-above-stick-meta":"","header-main-stick-meta":"","header-below-stick-meta":"","astra-migrate-meta-layouts":"default","ast-page-background-enabled":"default","ast-page-background-meta":{"desktop":{"background-color":"var(--ast-global-color-4)","background-image":"","background-repeat":"repeat","background-position":"center center","background-size":"auto","background-attachment":"scroll","background-type":"","background-media":"","overlay-type":"","overlay-color":"","overlay-opacity":"","overlay-gradient":""},"tablet":{"background-color":"","background-image":"","background-repeat":"repeat","background-position":"center center","background-size":"auto","background-attachment":"scroll","background-type":"","background-media":"","overlay-type":"","overlay-color":"","overlay-opacity":"","overlay-gradient":""},"mobile":{"background-color":"","background-image":"","background-repeat":"repeat","background-position":"center center","background-size":"auto","background-attachment":"scroll","background-type":"","background-media":"","overlay-type":"","overlay-color":"","overlay-opacity":"","overlay-gradient":""}},"ast-content-background-meta":{"desktop":{"background-color":"var(--ast-global-color-5)","background-image":"","background-repeat":"repeat","background-position":"center center","background-size":"auto","background-attachment":"scroll","background-type":"","background-media":"","overlay-type":"","overlay-color":"","overlay-opacity":"","overlay-gradient":""},"tablet":{"background-color":"var(--ast-global-color-5)","background-image":"","background-repeat":"repeat","background-position":"center center","background-size":"auto","background-attachment":"scroll","background-type":"","background-media":"","overlay-type":"","overlay-color":"","overlay-opacity":"","overlay-gradient":""},"mobile":{"background-color":"var(--ast-global-color-5)","background-image":"","background-repeat":"repeat","background-position":"center center","background-size":"auto","background-attachment":"scroll","background-type":"","background-media":"","overlay-type":"","overlay-color":"","overlay-opacity":"","overlay-gradient":""}},"footnotes":""},"categories":[288,1,273],"tags":[370],"class_list":["post-9417","post","type-post","status-publish","format-standard","has-post-thumbnail","hentry","category-formacio","category-general","category-portada","tag-autisme"],"post_mailing_queue_ids":[],"_links":{"self":[{"href":"https:\/\/serveiseducatius.xtec.cat\/creda-mvo\/wp-json\/wp\/v2\/posts\/9417","targetHints":{"allow":["GET"]}}],"collection":[{"href":"https:\/\/serveiseducatius.xtec.cat\/creda-mvo\/wp-json\/wp\/v2\/posts"}],"about":[{"href":"https:\/\/serveiseducatius.xtec.cat\/creda-mvo\/wp-json\/wp\/v2\/types\/post"}],"author":[{"embeddable":true,"href":"https:\/\/serveiseducatius.xtec.cat\/creda-mvo\/wp-json\/wp\/v2\/users\/3"}],"replies":[{"embeddable":true,"href":"https:\/\/serveiseducatius.xtec.cat\/creda-mvo\/wp-json\/wp\/v2\/comments?post=9417"}],"version-history":[{"count":1,"href":"https:\/\/serveiseducatius.xtec.cat\/creda-mvo\/wp-json\/wp\/v2\/posts\/9417\/revisions"}],"predecessor-version":[{"id":9419,"href":"https:\/\/serveiseducatius.xtec.cat\/creda-mvo\/wp-json\/wp\/v2\/posts\/9417\/revisions\/9419"}],"wp:featuredmedia":[{"embeddable":true,"href":"https:\/\/serveiseducatius.xtec.cat\/creda-mvo\/wp-json\/wp\/v2\/media\/9418"}],"wp:attachment":[{"href":"https:\/\/serveiseducatius.xtec.cat\/creda-mvo\/wp-json\/wp\/v2\/media?parent=9417"}],"wp:term":[{"taxonomy":"category","embeddable":true,"href":"https:\/\/serveiseducatius.xtec.cat\/creda-mvo\/wp-json\/wp\/v2\/categories?post=9417"},{"taxonomy":"post_tag","embeddable":true,"href":"https:\/\/serveiseducatius.xtec.cat\/creda-mvo\/wp-json\/wp\/v2\/tags?post=9417"}],"curies":[{"name":"wp","href":"https:\/\/api.w.org\/{rel}","templated":true}]}}