{"id":8923,"date":"2016-11-11T09:47:30","date_gmt":"2016-11-11T08:47:30","guid":{"rendered":"http:\/\/serveiseducatius.xtec.cat\/creda-mvo\/?p=8923"},"modified":"2016-11-11T09:49:21","modified_gmt":"2016-11-11T08:49:21","slug":"es-posa-en-marxa-al-cee-pont-del-drago-una-app-per-a-persones-amb-dificultats-per-comunicar-se","status":"publish","type":"post","link":"https:\/\/serveiseducatius.xtec.cat\/creda-mvo\/general\/es-posa-en-marxa-al-cee-pont-del-drago-una-app-per-a-persones-amb-dificultats-per-comunicar-se\/","title":{"rendered":"Es posa en marxa al CEE Pont del Drag\u00f3 una app per a persones amb dificultats per comunicar-se"},"content":{"rendered":"<p>El Consorci d\u2019Educaci\u00f3 de Barcelona, la companyia d\u2019Israel Voiceitt i la Universitat Aut\u00f2noma de Barcelona llancen una innovadora aplicaci\u00f3 m\u00f2bil per traduir i fer comprensible el discurs intel\u00b7ligible de persones amb dificultats de comunicaci\u00f3 en catal\u00e0 i castell\u00e0.<\/p>\n<p>L\u2019objectiu d\u2019aquest producte de tecnologia de veu, que ha estat impulsat per la companyia Voiceitt, \u00e9s crear un producte de tecnologia de veu adaptat a cada cas particular i a la vegada contribuir en la creaci\u00f3 i promoci\u00f3 d\u2019una comunitat de professionals, investigadors i usuaris.<\/p>\n<p>La col\u00b7laboraci\u00f3 entre les tres institucions dels \u00e0mbits de la recerca, la tecnologia i l\u2019educaci\u00f3 permetr\u00e0 intercanviar dades per poder crear patrons de desenvolupament de la tecnologia, i es beneficiar\u00e0 de l\u2019experi\u00e8ncia internacional de Voiceitt i del seu contacte amb les xarxes de professionals de la salut i les seves connexions d\u2019investigaci\u00f3 i comercials als Estats Units i Israel.<\/p>\n<p>Un programa personalitzat que s&#8217;adapta a la pron\u00fancia de cada persona<\/p>\n<p>El projecte es portar\u00e0 a terme amb la col\u00b7laboraci\u00f3 de la Universitat Aut\u00f2noma de Barcelona al CEE Pont del Drag\u00f3, on els estudiants amb diferents discapacitats experimentaran les diverses funcions de l\u2019eina i el seu potencial.<\/p>\n<p>A partir d\u2019ara el CEE Pont del Drag\u00f3 treballar\u00e0 per traduir i adaptar els protocols i el programa de l\u2019aplicaci\u00f3 a la llengua catalana i castellana. En ser un programa personalitzat, l\u2019aplicaci\u00f3 s\u2019adaptar\u00e0 de forma individual a cada pronunciaci\u00f3 i generar\u00e0 uns codis de mem\u00f2ria per recon\u00e8ixer cada individu. M\u00e9s de 500 persones amb diferents diagn\u00f2stics m\u00e8dics i lleng\u00fces han contribu\u00eft amb la seva veu a desenvolupar el programa i ara gr\u00e0cies a la signatura del Conveni i la col\u00b7laboraci\u00f3 amb el Pont del Drag\u00f3 seguiran analitzant m\u00e9s dades per convertir-se en una aplicaci\u00f3 encara m\u00e9s competitiva.<\/p>\n<p>L\u2019aplicaci\u00f3 m\u00f2bil ha estat presentada aquest mat\u00ed en el marc de l\u2019acte de signatura del conveni que permetr\u00e0 el seu desenvolupament. Hi han assistit representants de les totes les institucions implicades: Merc\u00e8 Massa, gerent del Consorci d\u2019Educaci\u00f3; Jordi Escoin, director del CEE Pont del Drago-SEEM; Danny Weissberg, director gerent de l\u2019empresa Technologies of Voice Interface (VOICEITT) i tes Estrat\u00e8gics de la Universitat Aut\u00f2noma de Barcelona i Melissa Moyer, responsable del projecte a la Universitat Aut\u00f2noma de Barcelona<\/p>\n<p>Eina potent per facilitar l&#8217;acc\u00e9s a l&#8217;aprenentatge<\/p>\n<p>El director del centre, Jordi Esco\u00edn, ha destacat que aquesta aplicaci\u00f3 \u00e9s clau per trencar la barrera de marginaci\u00f3 social i ajudar a millorar la inclusi\u00f3 social d\u2019aquestes persones. Tamb\u00e9 ha remarcat el seu potencial com a eina que facilitar\u00e0 l\u2019acc\u00e9s a l\u2019aprenentatge a tothom, tant als usuaris del CEE Pont del Drag\u00f3 com a l\u2019alumnat amb discapacitats dels centres ordinaris als quals fa seguiment el Servei Educatiu Espec\u00edfic de Mot\u00f2rics (SEEM) del Pont del Drag\u00f3<\/p>\n<blockquote><p><a href=\"http:\/\/www.edubcn.cat\/ca\/noticies\/detall?48011\"><img decoding=\"async\" class=\"alignnone size-full\" src=\"http:\/\/serveiseducatius.xtec.cat\/creda-mvo\/wp-content\/uploads\/usu735\/2016\/11\/conveni_pont_drago_web01_4.jpg\" alt=\"\" \/><\/a><a href=\"http:\/\/www.edubcn.cat\/ca\/noticies\/detall?48011\"><img decoding=\"async\" class=\"alignnone size-full\" src=\"http:\/\/serveiseducatius.xtec.cat\/creda-mvo\/wp-content\/uploads\/usu735\/2016\/11\/conveni_pont_drago_web01_5.jpg\" alt=\"\" \/><\/a><a href=\"http:\/\/www.edubcn.cat\/ca\/noticies\/detall?48011\"><img decoding=\"async\" class=\"alignnone size-full\" src=\"http:\/\/serveiseducatius.xtec.cat\/creda-mvo\/wp-content\/uploads\/usu735\/2016\/11\/conveni_pont_drago_web01_7.jpg\" alt=\"\" \/><\/a><a href=\"http:\/\/www.edubcn.cat\/ca\/noticies\/detall?48011\"><img decoding=\"async\" class=\"alignnone size-full\" src=\"http:\/\/serveiseducatius.xtec.cat\/creda-mvo\/wp-content\/uploads\/usu735\/2016\/11\/conveni_pont_drago_web01_6.jpg\" alt=\"\" \/><\/a><a href=\"http:\/\/www.edubcn.cat\/ca\/noticies\/detall?48011\"><img decoding=\"async\" class=\"alignnone size-full\" src=\"http:\/\/serveiseducatius.xtec.cat\/creda-mvo\/wp-content\/uploads\/usu735\/2016\/11\/conveni_pont_drago_web01_3.jpg\" alt=\"\" \/>http:\/\/www.edubcn.cat\/ca\/noticies\/detall?48011<\/a><\/p><\/blockquote>\n","protected":false},"excerpt":{"rendered":"<p>El Consorci d\u2019Educaci\u00f3, l\u2019empresa Voiceitt i la Universitat Aut\u00f2noma de Barcelona han signat un conveni per posar en marxa en catal\u00e0 i castell\u00e0 el projecte Talkitt, una aplicaci\u00f3 m\u00f2bil que permet comunicar-se en temps real a les persones que tenen dificultats per parlar.<\/p>\n","protected":false},"author":3,"featured_media":8930,"comment_status":"open","ping_status":"open","sticky":false,"template":"","format":"standard","meta":{"_bbp_topic_count":0,"_bbp_reply_count":0,"_bbp_total_topic_count":0,"_bbp_total_reply_count":0,"_bbp_voice_count":0,"_bbp_anonymous_reply_count":0,"_bbp_topic_count_hidden":0,"_bbp_reply_count_hidden":0,"_bbp_forum_subforum_count":0,"site-sidebar-layout":"default","site-content-layout":"","ast-site-content-layout":"","site-content-style":"default","site-sidebar-style":"default","ast-global-header-display":"","ast-banner-title-visibility":"","ast-main-header-display":"","ast-hfb-above-header-display":"","ast-hfb-below-header-display":"","ast-hfb-mobile-header-display":"","site-post-title":"","ast-breadcrumbs-content":"","ast-featured-img":"","footer-sml-layout":"","theme-transparent-header-meta":"","adv-header-id-meta":"","stick-header-meta":"","header-above-stick-meta":"","header-main-stick-meta":"","header-below-stick-meta":"","astra-migrate-meta-layouts":"default","ast-page-background-enabled":"default","ast-page-background-meta":{"desktop":{"background-color":"var(--ast-global-color-4)","background-image":"","background-repeat":"repeat","background-position":"center center","background-size":"auto","background-attachment":"scroll","background-type":"","background-media":"","overlay-type":"","overlay-color":"","overlay-opacity":"","overlay-gradient":""},"tablet":{"background-color":"","background-image":"","background-repeat":"repeat","background-position":"center center","background-size":"auto","background-attachment":"scroll","background-type":"","background-media":"","overlay-type":"","overlay-color":"","overlay-opacity":"","overlay-gradient":""},"mobile":{"background-color":"","background-image":"","background-repeat":"repeat","background-position":"center center","background-size":"auto","background-attachment":"scroll","background-type":"","background-media":"","overlay-type":"","overlay-color":"","overlay-opacity":"","overlay-gradient":""}},"ast-content-background-meta":{"desktop":{"background-color":"var(--ast-global-color-5)","background-image":"","background-repeat":"repeat","background-position":"center center","background-size":"auto","background-attachment":"scroll","background-type":"","background-media":"","overlay-type":"","overlay-color":"","overlay-opacity":"","overlay-gradient":""},"tablet":{"background-color":"var(--ast-global-color-5)","background-image":"","background-repeat":"repeat","background-position":"center center","background-size":"auto","background-attachment":"scroll","background-type":"","background-media":"","overlay-type":"","overlay-color":"","overlay-opacity":"","overlay-gradient":""},"mobile":{"background-color":"var(--ast-global-color-5)","background-image":"","background-repeat":"repeat","background-position":"center center","background-size":"auto","background-attachment":"scroll","background-type":"","background-media":"","overlay-type":"","overlay-color":"","overlay-opacity":"","overlay-gradient":""}},"footnotes":""},"categories":[289,1,273],"tags":[339,337,340],"class_list":["post-8923","post","type-post","status-publish","format-standard","has-post-thumbnail","hentry","category-apps","category-general","category-portada","tag-app","tag-comunicacio","tag-tic-tac"],"post_mailing_queue_ids":[],"_links":{"self":[{"href":"https:\/\/serveiseducatius.xtec.cat\/creda-mvo\/wp-json\/wp\/v2\/posts\/8923","targetHints":{"allow":["GET"]}}],"collection":[{"href":"https:\/\/serveiseducatius.xtec.cat\/creda-mvo\/wp-json\/wp\/v2\/posts"}],"about":[{"href":"https:\/\/serveiseducatius.xtec.cat\/creda-mvo\/wp-json\/wp\/v2\/types\/post"}],"author":[{"embeddable":true,"href":"https:\/\/serveiseducatius.xtec.cat\/creda-mvo\/wp-json\/wp\/v2\/users\/3"}],"replies":[{"embeddable":true,"href":"https:\/\/serveiseducatius.xtec.cat\/creda-mvo\/wp-json\/wp\/v2\/comments?post=8923"}],"version-history":[{"count":2,"href":"https:\/\/serveiseducatius.xtec.cat\/creda-mvo\/wp-json\/wp\/v2\/posts\/8923\/revisions"}],"predecessor-version":[{"id":8931,"href":"https:\/\/serveiseducatius.xtec.cat\/creda-mvo\/wp-json\/wp\/v2\/posts\/8923\/revisions\/8931"}],"wp:featuredmedia":[{"embeddable":true,"href":"https:\/\/serveiseducatius.xtec.cat\/creda-mvo\/wp-json\/wp\/v2\/media\/8930"}],"wp:attachment":[{"href":"https:\/\/serveiseducatius.xtec.cat\/creda-mvo\/wp-json\/wp\/v2\/media?parent=8923"}],"wp:term":[{"taxonomy":"category","embeddable":true,"href":"https:\/\/serveiseducatius.xtec.cat\/creda-mvo\/wp-json\/wp\/v2\/categories?post=8923"},{"taxonomy":"post_tag","embeddable":true,"href":"https:\/\/serveiseducatius.xtec.cat\/creda-mvo\/wp-json\/wp\/v2\/tags?post=8923"}],"curies":[{"name":"wp","href":"https:\/\/api.w.org\/{rel}","templated":true}]}}