{"id":8859,"date":"2016-10-17T10:28:09","date_gmt":"2016-10-17T09:28:09","guid":{"rendered":"http:\/\/serveiseducatius.xtec.cat\/creda-mvo\/?p=8859"},"modified":"2016-10-17T10:28:09","modified_gmt":"2016-10-17T09:28:09","slug":"ii-jornada-cientifica-de-reflexion-estudios-sobre-la-situacion-del-alumnado-con-sordera-en-espana","status":"publish","type":"post","link":"https:\/\/serveiseducatius.xtec.cat\/creda-mvo\/portada\/ii-jornada-cientifica-de-reflexion-estudios-sobre-la-situacion-del-alumnado-con-sordera-en-espana\/","title":{"rendered":"II Jornada Cient\u00edfica de Reflexi\u00f3n: Estudios sobre la situaci\u00f3n del alumnado con sordera en Espa\u00f1a."},"content":{"rendered":"<p>La Confederaci\u00f3n Espa\u00f1ola de Familias de Personas Sordas \u2013 FIAPAS celebrar\u00e1, los pr\u00f3ximos d\u00edas <strong>25 y 26 de noviembre<\/strong>, la <strong>II<\/strong> <strong>Jornada Cient\u00edfica de Reflexi\u00f3n<\/strong>:<strong> <em>Estudios sobre la situaci\u00f3n del alumnado con sordera en Espa\u00f1a<\/em><\/strong><em>.<\/em><\/p>\n<p>Esta Jornada, que se enmarca en el Convenio de Colaboraci\u00f3n firmado con el Ministerio de Educaci\u00f3n, Cultura y Deporte, tendr\u00e1 lugar en el <strong>Sal\u00f3n de actos del Ministerio de Educaci\u00f3n, en su sede de la calle Torrelaguna 58, en Madrid.<\/strong><\/p>\n<p>Como puede ver en el Programa que se adjunta, en esta Jornada, se presentar\u00e1n estudios e investigaciones recientes realizados en nuestro pa\u00eds, en relaci\u00f3n con la educaci\u00f3n, recursos, metodolog\u00edas, avances m\u00e9dicos y tecnol\u00f3gicos vinculados con las personas sordas.<\/p>\n<p>Confiamos en que esta Jornada sirva como punto de encuentro y reflexi\u00f3n que permita afrontar los nuevos retos que demandan la educaci\u00f3n y la preparaci\u00f3n del alumnado con sordera de hoy.<\/p>\n<p>Estar\u00edamos muy satisfechos de contar con su participaci\u00f3n en esta Jornada y le agradeceremos que pueda dar la mayor difusi\u00f3n a la celebraci\u00f3n de la misma.<\/p>\n<p>Las inscripciones se realizan desde la web de FIAPAS: <a href=\"http:\/\/www.fiapas.es\/\" data-saferedirecturl=\"https:\/\/www.google.com\/url?hl=ca&amp;q=http:\/\/www.fiapas.es&amp;source=gmail&amp;ust=1476782539745000&amp;usg=AFQjCNGQ6HNkjYDQCpU6zSVUG0ZfEc4qsQ\">www.fiapas.es<\/a> o en el enlace: <a href=\"http:\/\/bit.ly\/Jornada_Cientifica_de_Reflexion_FIAPAS\" data-saferedirecturl=\"https:\/\/www.google.com\/url?hl=ca&amp;q=http:\/\/bit.ly\/Jornada_Cientifica_de_Reflexion_FIAPAS&amp;source=gmail&amp;ust=1476782539746000&amp;usg=AFQjCNHYbAQ3dBCmqYvHWt2_eBUUPVHH3Q\">http:\/\/bit.ly\/Jornada_Cientifica_de_Reflexion_FIAPAS<\/a><\/p>\n<p><a href=\"http:\/\/serveiseducatius.xtec.cat\/creda-mvo\/wp-content\/uploads\/usu735\/2016\/10\/PROGRAMA_JORNADA_CIENTIFICA_2016.pdf\">programa_jornada_cientifica_2016<\/a><\/p>\n","protected":false},"excerpt":{"rendered":"<p>En el Sal\u00f3n de actos del Ministerio de Educaci\u00f3n, en su sede de la calle Torrelaguna 58, en Madrid.<\/p>\n","protected":false},"author":3,"featured_media":8861,"comment_status":"open","ping_status":"open","sticky":false,"template":"","format":"standard","meta":{"_bbp_topic_count":0,"_bbp_reply_count":0,"_bbp_total_topic_count":0,"_bbp_total_reply_count":0,"_bbp_voice_count":0,"_bbp_anonymous_reply_count":0,"_bbp_topic_count_hidden":0,"_bbp_reply_count_hidden":0,"_bbp_forum_subforum_count":0,"site-sidebar-layout":"default","site-content-layout":"","ast-site-content-layout":"","site-content-style":"default","site-sidebar-style":"default","ast-global-header-display":"","ast-banner-title-visibility":"","ast-main-header-display":"","ast-hfb-above-header-display":"","ast-hfb-below-header-display":"","ast-hfb-mobile-header-display":"","site-post-title":"","ast-breadcrumbs-content":"","ast-featured-img":"","footer-sml-layout":"","theme-transparent-header-meta":"","adv-header-id-meta":"","stick-header-meta":"","header-above-stick-meta":"","header-main-stick-meta":"","header-below-stick-meta":"","astra-migrate-meta-layouts":"default","ast-page-background-enabled":"default","ast-page-background-meta":{"desktop":{"background-color":"var(--ast-global-color-4)","background-image":"","background-repeat":"repeat","background-position":"center center","background-size":"auto","background-attachment":"scroll","background-type":"","background-media":"","overlay-type":"","overlay-color":"","overlay-opacity":"","overlay-gradient":""},"tablet":{"background-color":"","background-image":"","background-repeat":"repeat","background-position":"center center","background-size":"auto","background-attachment":"scroll","background-type":"","background-media":"","overlay-type":"","overlay-color":"","overlay-opacity":"","overlay-gradient":""},"mobile":{"background-color":"","background-image":"","background-repeat":"repeat","background-position":"center center","background-size":"auto","background-attachment":"scroll","background-type":"","background-media":"","overlay-type":"","overlay-color":"","overlay-opacity":"","overlay-gradient":""}},"ast-content-background-meta":{"desktop":{"background-color":"var(--ast-global-color-5)","background-image":"","background-repeat":"repeat","background-position":"center center","background-size":"auto","background-attachment":"scroll","background-type":"","background-media":"","overlay-type":"","overlay-color":"","overlay-opacity":"","overlay-gradient":""},"tablet":{"background-color":"var(--ast-global-color-5)","background-image":"","background-repeat":"repeat","background-position":"center center","background-size":"auto","background-attachment":"scroll","background-type":"","background-media":"","overlay-type":"","overlay-color":"","overlay-opacity":"","overlay-gradient":""},"mobile":{"background-color":"var(--ast-global-color-5)","background-image":"","background-repeat":"repeat","background-position":"center center","background-size":"auto","background-attachment":"scroll","background-type":"","background-media":"","overlay-type":"","overlay-color":"","overlay-opacity":"","overlay-gradient":""}},"footnotes":""},"categories":[288,273],"tags":[],"class_list":["post-8859","post","type-post","status-publish","format-standard","has-post-thumbnail","hentry","category-formacio","category-portada"],"post_mailing_queue_ids":[],"_links":{"self":[{"href":"https:\/\/serveiseducatius.xtec.cat\/creda-mvo\/wp-json\/wp\/v2\/posts\/8859","targetHints":{"allow":["GET"]}}],"collection":[{"href":"https:\/\/serveiseducatius.xtec.cat\/creda-mvo\/wp-json\/wp\/v2\/posts"}],"about":[{"href":"https:\/\/serveiseducatius.xtec.cat\/creda-mvo\/wp-json\/wp\/v2\/types\/post"}],"author":[{"embeddable":true,"href":"https:\/\/serveiseducatius.xtec.cat\/creda-mvo\/wp-json\/wp\/v2\/users\/3"}],"replies":[{"embeddable":true,"href":"https:\/\/serveiseducatius.xtec.cat\/creda-mvo\/wp-json\/wp\/v2\/comments?post=8859"}],"version-history":[{"count":1,"href":"https:\/\/serveiseducatius.xtec.cat\/creda-mvo\/wp-json\/wp\/v2\/posts\/8859\/revisions"}],"predecessor-version":[{"id":8862,"href":"https:\/\/serveiseducatius.xtec.cat\/creda-mvo\/wp-json\/wp\/v2\/posts\/8859\/revisions\/8862"}],"wp:featuredmedia":[{"embeddable":true,"href":"https:\/\/serveiseducatius.xtec.cat\/creda-mvo\/wp-json\/wp\/v2\/media\/8861"}],"wp:attachment":[{"href":"https:\/\/serveiseducatius.xtec.cat\/creda-mvo\/wp-json\/wp\/v2\/media?parent=8859"}],"wp:term":[{"taxonomy":"category","embeddable":true,"href":"https:\/\/serveiseducatius.xtec.cat\/creda-mvo\/wp-json\/wp\/v2\/categories?post=8859"},{"taxonomy":"post_tag","embeddable":true,"href":"https:\/\/serveiseducatius.xtec.cat\/creda-mvo\/wp-json\/wp\/v2\/tags?post=8859"}],"curies":[{"name":"wp","href":"https:\/\/api.w.org\/{rel}","templated":true}]}}