{"id":8854,"date":"2016-10-17T09:15:19","date_gmt":"2016-10-17T08:15:19","guid":{"rendered":"http:\/\/serveiseducatius.xtec.cat\/creda-mvo\/?p=8854"},"modified":"2016-10-17T09:16:44","modified_gmt":"2016-10-17T08:16:44","slug":"ciclo-seminarios-de-educacion","status":"publish","type":"post","link":"https:\/\/serveiseducatius.xtec.cat\/creda-mvo\/portada\/ciclo-seminarios-de-educacion\/","title":{"rendered":"Ciclo &#8220;Seminarios de Educaci\u00f3n&#8221;"},"content":{"rendered":"<blockquote><p><a href=\"http:\/\/symposium.uoc.edu\/event_detail\/6320\/detail\/cicle-andquot;seminaris-dreducacioandquot;.html\"><img decoding=\"async\" class=\"alignnone size-full\" src=\"http:\/\/serveiseducatius.xtec.cat\/creda-mvo\/wp-content\/uploads\/usu735\/2016\/10\/lectura.jpg\" alt=\"\" \/><\/a><\/p><\/blockquote>\n<p><em><a href=\"http:\/\/symposium.uoc.edu\/event_detail\/6320\/detail\/cicle-andquot;seminaris-dreducacioandquot;.html\">Ciclo &#8220;Seminarios de Educaci\u00f3n&#8221;<\/a>, UOC<\/em><\/p>\n<ul>\n<li>26 de octubre de 2016 a las 18.30 h. &#8220;TDAH&#8221;. A cargo de Katy Garcia Nonell . Ser\u00e1 en la Biblioteca Pompeu Fabra de Matar\u00f3 ( Sala de actos &#8211; Plaza Occitania, s\/n). Inscripci\u00f3n abierta.<br \/>\n23 de noviembre de 2016 a las 18.30 h. &#8220;Dislexia&#8221;. A cargo de Javier Rodr\u00edguez Ferreiro. Lleida. Inscripci\u00f3n abierta a a partir del 2 de noviembre.<\/li>\n<li>[Pendiente] de noviembre de 2016 a las 18.30 h. &#8220;Redes sociales e Internet, h\u00e1bitos y pr\u00e1cticas&#8221;. A cargo de Josep Cobars\u00ed, profesor de los Estudios de Ciencias de la Informaci\u00f3n y la Comunicaci\u00f3n de la UOC. Sede de la UOC a Salt, c. de Sant Antoni, 1, 17190 Salt. Inscripci\u00f3n abierta a a partir de [pendiente].<\/li>\n<li>15 de diciembre de 2016 a las 18.30 h. &#8220;Repercusiones escolares del TEL&#8221;. A cargo de Encarna P\u00e9rez P\u00e9rez. Vic. Inscripci\u00f3n abierta a partir del 24 de noviembre.<\/li>\n<li>[Pendiente] de marzo de 2017 a las 18.30 h. &#8220;Detecci\u00f3n precoz de los trastornos infantiles&#8221;. A cargo de Mar\u00eda Jos\u00e9 Buj Pereda. Castell\u00f3n. Inscripci\u00f3n abierta a partir de [pendiente].<\/li>\n<li>[Pendiente] mayo de 2017 a las 18.30 h. &#8220;TEL&#8221;. A cargo de Gerardo Aguado. Bilbao. Inscripci\u00f3n abierta a partir de [pendiente].<\/li>\n<\/ul>\n","protected":false},"excerpt":{"rendered":"<p>Ciclo &#8220;Seminarios de Educaci\u00f3n&#8221;, UOC 26 de octubre de 2016 a las 18.30 h. &#8220;TDAH&#8221;. A cargo de Katy Garcia [&hellip;]<\/p>\n","protected":false},"author":3,"featured_media":8857,"comment_status":"open","ping_status":"open","sticky":false,"template":"","format":"standard","meta":{"_bbp_topic_count":0,"_bbp_reply_count":0,"_bbp_total_topic_count":0,"_bbp_total_reply_count":0,"_bbp_voice_count":0,"_bbp_anonymous_reply_count":0,"_bbp_topic_count_hidden":0,"_bbp_reply_count_hidden":0,"_bbp_forum_subforum_count":0,"site-sidebar-layout":"default","site-content-layout":"","ast-site-content-layout":"","site-content-style":"default","site-sidebar-style":"default","ast-global-header-display":"","ast-banner-title-visibility":"","ast-main-header-display":"","ast-hfb-above-header-display":"","ast-hfb-below-header-display":"","ast-hfb-mobile-header-display":"","site-post-title":"","ast-breadcrumbs-content":"","ast-featured-img":"","footer-sml-layout":"","theme-transparent-header-meta":"","adv-header-id-meta":"","stick-header-meta":"","header-above-stick-meta":"","header-main-stick-meta":"","header-below-stick-meta":"","astra-migrate-meta-layouts":"default","ast-page-background-enabled":"default","ast-page-background-meta":{"desktop":{"background-color":"var(--ast-global-color-4)","background-image":"","background-repeat":"repeat","background-position":"center center","background-size":"auto","background-attachment":"scroll","background-type":"","background-media":"","overlay-type":"","overlay-color":"","overlay-opacity":"","overlay-gradient":""},"tablet":{"background-color":"","background-image":"","background-repeat":"repeat","background-position":"center center","background-size":"auto","background-attachment":"scroll","background-type":"","background-media":"","overlay-type":"","overlay-color":"","overlay-opacity":"","overlay-gradient":""},"mobile":{"background-color":"","background-image":"","background-repeat":"repeat","background-position":"center center","background-size":"auto","background-attachment":"scroll","background-type":"","background-media":"","overlay-type":"","overlay-color":"","overlay-opacity":"","overlay-gradient":""}},"ast-content-background-meta":{"desktop":{"background-color":"var(--ast-global-color-5)","background-image":"","background-repeat":"repeat","background-position":"center center","background-size":"auto","background-attachment":"scroll","background-type":"","background-media":"","overlay-type":"","overlay-color":"","overlay-opacity":"","overlay-gradient":""},"tablet":{"background-color":"var(--ast-global-color-5)","background-image":"","background-repeat":"repeat","background-position":"center center","background-size":"auto","background-attachment":"scroll","background-type":"","background-media":"","overlay-type":"","overlay-color":"","overlay-opacity":"","overlay-gradient":""},"mobile":{"background-color":"var(--ast-global-color-5)","background-image":"","background-repeat":"repeat","background-position":"center center","background-size":"auto","background-attachment":"scroll","background-type":"","background-media":"","overlay-type":"","overlay-color":"","overlay-opacity":"","overlay-gradient":""}},"footnotes":""},"categories":[288,273],"tags":[],"class_list":["post-8854","post","type-post","status-publish","format-standard","has-post-thumbnail","hentry","category-formacio","category-portada"],"post_mailing_queue_ids":[],"_links":{"self":[{"href":"https:\/\/serveiseducatius.xtec.cat\/creda-mvo\/wp-json\/wp\/v2\/posts\/8854","targetHints":{"allow":["GET"]}}],"collection":[{"href":"https:\/\/serveiseducatius.xtec.cat\/creda-mvo\/wp-json\/wp\/v2\/posts"}],"about":[{"href":"https:\/\/serveiseducatius.xtec.cat\/creda-mvo\/wp-json\/wp\/v2\/types\/post"}],"author":[{"embeddable":true,"href":"https:\/\/serveiseducatius.xtec.cat\/creda-mvo\/wp-json\/wp\/v2\/users\/3"}],"replies":[{"embeddable":true,"href":"https:\/\/serveiseducatius.xtec.cat\/creda-mvo\/wp-json\/wp\/v2\/comments?post=8854"}],"version-history":[{"count":1,"href":"https:\/\/serveiseducatius.xtec.cat\/creda-mvo\/wp-json\/wp\/v2\/posts\/8854\/revisions"}],"predecessor-version":[{"id":8856,"href":"https:\/\/serveiseducatius.xtec.cat\/creda-mvo\/wp-json\/wp\/v2\/posts\/8854\/revisions\/8856"}],"wp:featuredmedia":[{"embeddable":true,"href":"https:\/\/serveiseducatius.xtec.cat\/creda-mvo\/wp-json\/wp\/v2\/media\/8857"}],"wp:attachment":[{"href":"https:\/\/serveiseducatius.xtec.cat\/creda-mvo\/wp-json\/wp\/v2\/media?parent=8854"}],"wp:term":[{"taxonomy":"category","embeddable":true,"href":"https:\/\/serveiseducatius.xtec.cat\/creda-mvo\/wp-json\/wp\/v2\/categories?post=8854"},{"taxonomy":"post_tag","embeddable":true,"href":"https:\/\/serveiseducatius.xtec.cat\/creda-mvo\/wp-json\/wp\/v2\/tags?post=8854"}],"curies":[{"name":"wp","href":"https:\/\/api.w.org\/{rel}","templated":true}]}}