{"id":8734,"date":"2016-09-26T14:20:18","date_gmt":"2016-09-26T13:20:18","guid":{"rendered":"http:\/\/serveiseducatius.xtec.cat\/creda-mvo\/?p=8734"},"modified":"2016-09-26T14:20:18","modified_gmt":"2016-09-26T13:20:18","slug":"hi-ha-pares-i-mares-perfectes-com-ser-un-bon-guia-per-als-nostres-fills-i-filles","status":"publish","type":"post","link":"https:\/\/serveiseducatius.xtec.cat\/creda-mvo\/portada\/hi-ha-pares-i-mares-perfectes-com-ser-un-bon-guia-per-als-nostres-fills-i-filles\/","title":{"rendered":"Hi ha pares i mares perfectes? Com ser un bon guia per als nostres fills i filles"},"content":{"rendered":"<p><span style=\"font-family: Verdana; font-size: small;\">L&#8217;Ajuntament de Granollers amb el suport de la Diputaci\u00f3 de Barcelona organitza el <b>taller &#8220;Hi ha pares i mares perfectes? Com ser un bon guia per als nostres fills i filles&#8221;.\u00a0<\/b><\/span><br \/>\n<span style=\"font-family: Verdana; font-size: small;\">Una sessi\u00f3 de 3 hores, vivencial i experiencial, que mitjan\u00e7ant les din\u00e0miques de grup i la metodologia del &#8220;coaching&#8221; pret\u00e9n recon\u00e8ixer i desenvolupar el model de fam\u00edlia i donar eines per superar moments de dificultat a la fam\u00edlia.<\/span><\/p>\n<p><span style=\"font-family: Verdana; font-size: small;\">Per a pares i mares amb fills i filles de 0 a 18 anys.\u00a0<\/span><\/p>\n<p><span style=\"font-family: Verdana; font-size: small;\">A c\u00e0rrec de Pura Serena i Bea Casanovas, terapeutes gestalt i coachs<\/span><br \/>\n<span style=\"font-family: Verdana; font-size: small;\">\u00a0<\/span><br \/>\n<span style=\"font-family: Verdana; font-size: small;\"><b>DIMARTS 18 D&#8217;OCTUBRE. \u00a0<\/b><\/span><br \/>\n<span style=\"font-family: Verdana; font-size: small;\"><b>DE 18H A 21H<\/b><\/span><br \/>\n<span style=\"font-family: Verdana; font-size: small;\"><b>A LA SALA D&#8217;ACTES DE LA BIBLIOTECA ROCA UMBERT (Av. Enric Prat de la Riba, 77)<\/b><\/span><\/p>\n<p><span style=\"font-family: Verdana; font-size: small;\">Inscripcons a: <\/span><a href=\"http:\/\/www.granollers.cat\/eduquemenfamilia\" target=\"_blank\" data-saferedirecturl=\"https:\/\/www.google.com\/url?hl=ca&amp;q=http:\/\/www.granollers.cat\/eduquemenfamilia&amp;source=gmail&amp;ust=1474982233401000&amp;usg=AFQjCNE_IzZX4_ZfLPhexjcq5a9aIG8NsA\"><span style=\"color: blue; font-family: Verdana; font-size: small;\"><b><u>www.granollers.cat\/eduquemenfa<wbr \/>milia<\/u><\/b><\/span><\/a><\/p>\n","protected":false},"excerpt":{"rendered":"<p>Una sessi\u00f3 de 3 hores, vivencial i experiencial, que mitjan\u00e7ant les din\u00e0miques de grup i la metodologia del &#8220;coaching&#8221; pret\u00e9n recon\u00e8ixer i desenvolupar el model de fam\u00edlia i donar eines per superar moments de dificultat a la fam\u00edlia<\/p>\n","protected":false},"author":3,"featured_media":8735,"comment_status":"open","ping_status":"open","sticky":false,"template":"","format":"standard","meta":{"_bbp_topic_count":0,"_bbp_reply_count":0,"_bbp_total_topic_count":0,"_bbp_total_reply_count":0,"_bbp_voice_count":0,"_bbp_anonymous_reply_count":0,"_bbp_topic_count_hidden":0,"_bbp_reply_count_hidden":0,"_bbp_forum_subforum_count":0,"site-sidebar-layout":"default","site-content-layout":"","ast-site-content-layout":"","site-content-style":"default","site-sidebar-style":"default","ast-global-header-display":"","ast-banner-title-visibility":"","ast-main-header-display":"","ast-hfb-above-header-display":"","ast-hfb-below-header-display":"","ast-hfb-mobile-header-display":"","site-post-title":"","ast-breadcrumbs-content":"","ast-featured-img":"","footer-sml-layout":"","theme-transparent-header-meta":"","adv-header-id-meta":"","stick-header-meta":"","header-above-stick-meta":"","header-main-stick-meta":"","header-below-stick-meta":"","astra-migrate-meta-layouts":"default","ast-page-background-enabled":"default","ast-page-background-meta":{"desktop":{"background-color":"var(--ast-global-color-4)","background-image":"","background-repeat":"repeat","background-position":"center center","background-size":"auto","background-attachment":"scroll","background-type":"","background-media":"","overlay-type":"","overlay-color":"","overlay-opacity":"","overlay-gradient":""},"tablet":{"background-color":"","background-image":"","background-repeat":"repeat","background-position":"center center","background-size":"auto","background-attachment":"scroll","background-type":"","background-media":"","overlay-type":"","overlay-color":"","overlay-opacity":"","overlay-gradient":""},"mobile":{"background-color":"","background-image":"","background-repeat":"repeat","background-position":"center center","background-size":"auto","background-attachment":"scroll","background-type":"","background-media":"","overlay-type":"","overlay-color":"","overlay-opacity":"","overlay-gradient":""}},"ast-content-background-meta":{"desktop":{"background-color":"var(--ast-global-color-5)","background-image":"","background-repeat":"repeat","background-position":"center center","background-size":"auto","background-attachment":"scroll","background-type":"","background-media":"","overlay-type":"","overlay-color":"","overlay-opacity":"","overlay-gradient":""},"tablet":{"background-color":"var(--ast-global-color-5)","background-image":"","background-repeat":"repeat","background-position":"center center","background-size":"auto","background-attachment":"scroll","background-type":"","background-media":"","overlay-type":"","overlay-color":"","overlay-opacity":"","overlay-gradient":""},"mobile":{"background-color":"var(--ast-global-color-5)","background-image":"","background-repeat":"repeat","background-position":"center center","background-size":"auto","background-attachment":"scroll","background-type":"","background-media":"","overlay-type":"","overlay-color":"","overlay-opacity":"","overlay-gradient":""}},"footnotes":""},"categories":[288,273],"tags":[328,303],"class_list":["post-8734","post","type-post","status-publish","format-standard","has-post-thumbnail","hentry","category-formacio","category-portada","tag-familia","tag-formacio"],"post_mailing_queue_ids":[],"_links":{"self":[{"href":"https:\/\/serveiseducatius.xtec.cat\/creda-mvo\/wp-json\/wp\/v2\/posts\/8734","targetHints":{"allow":["GET"]}}],"collection":[{"href":"https:\/\/serveiseducatius.xtec.cat\/creda-mvo\/wp-json\/wp\/v2\/posts"}],"about":[{"href":"https:\/\/serveiseducatius.xtec.cat\/creda-mvo\/wp-json\/wp\/v2\/types\/post"}],"author":[{"embeddable":true,"href":"https:\/\/serveiseducatius.xtec.cat\/creda-mvo\/wp-json\/wp\/v2\/users\/3"}],"replies":[{"embeddable":true,"href":"https:\/\/serveiseducatius.xtec.cat\/creda-mvo\/wp-json\/wp\/v2\/comments?post=8734"}],"version-history":[{"count":1,"href":"https:\/\/serveiseducatius.xtec.cat\/creda-mvo\/wp-json\/wp\/v2\/posts\/8734\/revisions"}],"predecessor-version":[{"id":8736,"href":"https:\/\/serveiseducatius.xtec.cat\/creda-mvo\/wp-json\/wp\/v2\/posts\/8734\/revisions\/8736"}],"wp:featuredmedia":[{"embeddable":true,"href":"https:\/\/serveiseducatius.xtec.cat\/creda-mvo\/wp-json\/wp\/v2\/media\/8735"}],"wp:attachment":[{"href":"https:\/\/serveiseducatius.xtec.cat\/creda-mvo\/wp-json\/wp\/v2\/media?parent=8734"}],"wp:term":[{"taxonomy":"category","embeddable":true,"href":"https:\/\/serveiseducatius.xtec.cat\/creda-mvo\/wp-json\/wp\/v2\/categories?post=8734"},{"taxonomy":"post_tag","embeddable":true,"href":"https:\/\/serveiseducatius.xtec.cat\/creda-mvo\/wp-json\/wp\/v2\/tags?post=8734"}],"curies":[{"name":"wp","href":"https:\/\/api.w.org\/{rel}","templated":true}]}}