{"id":8723,"date":"2016-09-26T12:30:40","date_gmt":"2016-09-26T11:30:40","guid":{"rendered":"http:\/\/serveiseducatius.xtec.cat\/creda-mvo\/?p=8723"},"modified":"2016-09-26T12:51:40","modified_gmt":"2016-09-26T11:51:40","slug":"bases-metodologicas-y-estrategias-para-el-uso-de-sistemas-aumentativos-de-comunicacion-y-ayudas-tecnicas-para-el-alumnado-con-discapacidad-auditiva","status":"publish","type":"post","link":"https:\/\/serveiseducatius.xtec.cat\/creda-mvo\/portada\/bases-metodologicas-y-estrategias-para-el-uso-de-sistemas-aumentativos-de-comunicacion-y-ayudas-tecnicas-para-el-alumnado-con-discapacidad-auditiva\/","title":{"rendered":"Bases metodol\u00f3gicas y estrategias para el uso de sistemas aumentativos de comunicaci\u00f3n y ayudas t\u00e9cnicas para el alumnado con discapacidad auditiva"},"content":{"rendered":"<p>OBJETIVOS DEL CURSO<\/p>\n<ul style=\"list-style-type: circle;\">\n<li>Adquirir conocimientos b\u00e1sicos sobre los fundamentos te\u00f3ricos del desarrollo auditivo-ling\u00fc\u00edstico del alumnado con discapacidad auditiva, con objeto de identificar sus posibles necesidades para el acceso al curr\u00edculo.<\/li>\n<li>Adquirir conocimientos te\u00f3ricos b\u00e1sicos y habilidades para la realizaci\u00f3n de adaptaciones curriculares, metodol\u00f3gicas e instrumentales, que facilitan al alumnado con discapacidad auditiva el acceso al curr\u00edculo ordinario.<\/li>\n<li>Desarrollar competencias necesarias para favorecer la inclusi\u00f3n educativa del alumnado con discapacidad auditiva.<\/li>\n<\/ul>\n<p><a href=\"http:\/\/serveiseducatius.xtec.cat\/creda-mvo\/wp-content\/uploads\/usu735\/2016\/09\/CURSOI-2016PROGRAMA.pdf\">cursoi-2016programa<\/a><\/p>\n<p><a href=\"http:\/\/serveiseducatius.xtec.cat\/creda-mvo\/wp-content\/uploads\/usu735\/2016\/09\/Doc.infoe-maiMadridCursoI2016.doc\">doc-infoe-maimadridcursoi2016<\/a><\/p>\n","protected":false},"excerpt":{"rendered":"<p>Adquirir conocimientos b\u00e1sicos sobre los fundamentos te\u00f3ricos del desarrollo auditivo-ling\u00fc\u00edstico del alumnado con discapacidad auditiva<\/p>\n","protected":false},"author":3,"featured_media":8549,"comment_status":"open","ping_status":"open","sticky":false,"template":"","format":"standard","meta":{"_bbp_topic_count":0,"_bbp_reply_count":0,"_bbp_total_topic_count":0,"_bbp_total_reply_count":0,"_bbp_voice_count":0,"_bbp_anonymous_reply_count":0,"_bbp_topic_count_hidden":0,"_bbp_reply_count_hidden":0,"_bbp_forum_subforum_count":0,"site-sidebar-layout":"default","site-content-layout":"","ast-site-content-layout":"","site-content-style":"default","site-sidebar-style":"default","ast-global-header-display":"","ast-banner-title-visibility":"","ast-main-header-display":"","ast-hfb-above-header-display":"","ast-hfb-below-header-display":"","ast-hfb-mobile-header-display":"","site-post-title":"","ast-breadcrumbs-content":"","ast-featured-img":"","footer-sml-layout":"","theme-transparent-header-meta":"","adv-header-id-meta":"","stick-header-meta":"","header-above-stick-meta":"","header-main-stick-meta":"","header-below-stick-meta":"","astra-migrate-meta-layouts":"default","ast-page-background-enabled":"default","ast-page-background-meta":{"desktop":{"background-color":"var(--ast-global-color-4)","background-image":"","background-repeat":"repeat","background-position":"center center","background-size":"auto","background-attachment":"scroll","background-type":"","background-media":"","overlay-type":"","overlay-color":"","overlay-opacity":"","overlay-gradient":""},"tablet":{"background-color":"","background-image":"","background-repeat":"repeat","background-position":"center center","background-size":"auto","background-attachment":"scroll","background-type":"","background-media":"","overlay-type":"","overlay-color":"","overlay-opacity":"","overlay-gradient":""},"mobile":{"background-color":"","background-image":"","background-repeat":"repeat","background-position":"center center","background-size":"auto","background-attachment":"scroll","background-type":"","background-media":"","overlay-type":"","overlay-color":"","overlay-opacity":"","overlay-gradient":""}},"ast-content-background-meta":{"desktop":{"background-color":"var(--ast-global-color-5)","background-image":"","background-repeat":"repeat","background-position":"center center","background-size":"auto","background-attachment":"scroll","background-type":"","background-media":"","overlay-type":"","overlay-color":"","overlay-opacity":"","overlay-gradient":""},"tablet":{"background-color":"var(--ast-global-color-5)","background-image":"","background-repeat":"repeat","background-position":"center center","background-size":"auto","background-attachment":"scroll","background-type":"","background-media":"","overlay-type":"","overlay-color":"","overlay-opacity":"","overlay-gradient":""},"mobile":{"background-color":"var(--ast-global-color-5)","background-image":"","background-repeat":"repeat","background-position":"center center","background-size":"auto","background-attachment":"scroll","background-type":"","background-media":"","overlay-type":"","overlay-color":"","overlay-opacity":"","overlay-gradient":""}},"footnotes":""},"categories":[297,288,273],"tags":[303,308],"class_list":["post-8723","post","type-post","status-publish","format-standard","has-post-thumbnail","hentry","category-audiologia","category-formacio","category-portada","tag-formacio","tag-sord"],"post_mailing_queue_ids":[],"_links":{"self":[{"href":"https:\/\/serveiseducatius.xtec.cat\/creda-mvo\/wp-json\/wp\/v2\/posts\/8723","targetHints":{"allow":["GET"]}}],"collection":[{"href":"https:\/\/serveiseducatius.xtec.cat\/creda-mvo\/wp-json\/wp\/v2\/posts"}],"about":[{"href":"https:\/\/serveiseducatius.xtec.cat\/creda-mvo\/wp-json\/wp\/v2\/types\/post"}],"author":[{"embeddable":true,"href":"https:\/\/serveiseducatius.xtec.cat\/creda-mvo\/wp-json\/wp\/v2\/users\/3"}],"replies":[{"embeddable":true,"href":"https:\/\/serveiseducatius.xtec.cat\/creda-mvo\/wp-json\/wp\/v2\/comments?post=8723"}],"version-history":[{"count":2,"href":"https:\/\/serveiseducatius.xtec.cat\/creda-mvo\/wp-json\/wp\/v2\/posts\/8723\/revisions"}],"predecessor-version":[{"id":8730,"href":"https:\/\/serveiseducatius.xtec.cat\/creda-mvo\/wp-json\/wp\/v2\/posts\/8723\/revisions\/8730"}],"wp:featuredmedia":[{"embeddable":true,"href":"https:\/\/serveiseducatius.xtec.cat\/creda-mvo\/wp-json\/wp\/v2\/media\/8549"}],"wp:attachment":[{"href":"https:\/\/serveiseducatius.xtec.cat\/creda-mvo\/wp-json\/wp\/v2\/media?parent=8723"}],"wp:term":[{"taxonomy":"category","embeddable":true,"href":"https:\/\/serveiseducatius.xtec.cat\/creda-mvo\/wp-json\/wp\/v2\/categories?post=8723"},{"taxonomy":"post_tag","embeddable":true,"href":"https:\/\/serveiseducatius.xtec.cat\/creda-mvo\/wp-json\/wp\/v2\/tags?post=8723"}],"curies":[{"name":"wp","href":"https:\/\/api.w.org\/{rel}","templated":true}]}}