{"id":12592,"date":"2024-02-16T11:12:57","date_gmt":"2024-02-16T10:12:57","guid":{"rendered":"https:\/\/serveiseducatius.xtec.cat\/creda-mvo\/?p=12592"},"modified":"2024-02-16T11:12:57","modified_gmt":"2024-02-16T10:12:57","slug":"nese-lideratge-de-tutories-per-a-la-col%c2%b7laboracio-familia-escola-en-alumnat-nese","status":"publish","type":"post","link":"https:\/\/serveiseducatius.xtec.cat\/creda-mvo\/general\/nese-lideratge-de-tutories-per-a-la-col%c2%b7laboracio-familia-escola-en-alumnat-nese\/","title":{"rendered":"NESE-LIDERATGE DE TUTORIES PER A LA COL\u00b7LABORACI\u00d3 FAM\u00cdLIA-ESCOLA EN ALUMNAT NESE"},"content":{"rendered":"<p><strong>Presentaci\u00f3 \u00a0\u00a0<\/strong>En aquest webinar revisarem les\u00a0<strong>estrat\u00e8gies de col\u00b7laboraci\u00f3, coordinaci\u00f3 i comunicaci\u00f3<\/strong>\u00a0entre diferents components de\u00a0<strong>l\u2019equip educatiu i la fam\u00edlia<\/strong>. S\u2019hi mostraran ajudes per a poder generar una\u00a0<strong>comunicaci\u00f3 efica\u00e7<\/strong>\u00a0amb l\u2019entorn familiar i dinamitzar els recursos que tenim per a treballar en col\u00b7laboraci\u00f3 (principalment les\u00a0<strong>tutories<\/strong>).<\/p>\n<p><strong>El model de col\u00b7laborci\u00f3<\/strong>\u00a0(basat en la\u00a0<strong>Planificaci\u00f3 Centrada en la Fam\u00edlia<\/strong>), suposa un pas m\u00e9s enll\u00e0 en el nivell d\u2019implicaci\u00f3 familiar de l\u2019alumnat on els i les professionals de l\u2019educaci\u00f3 han d\u2019assumir el rol de \u201ccol\u00b7laboradors\/es\u201d per a enfortir la capacitat de la fam\u00edlia i mobilitzar els recursos necessaris per tal que millori el seu funcionament com a cuidadors principals. S\u2019estableix aix\u00ed un equilibri de poder en les\u00a0<strong>relacions fam\u00edlia-professional<\/strong>\u00a0que suposa considerar m\u00e9s un model d\u2019enfortiment i capacitaci\u00f3 que d\u2019ajuda (Rappaport, 1981).<\/p>\n<p>Els professionals requereixen d\u2019una\u00a0<strong>formaci\u00f3 espec\u00edfica per a treballar amb fam\u00edlies<\/strong>\u00a0i\u202fabandonar el rol d\u2019experts que aconsellen o prescriuen intervencions des dels centres educatius. Si volem capacitar a la fam\u00edlia com a agent de canvi en el desenvolupament del seu fill o filla i que puguin exercir plenament el seu rol, hem de\u202fpartir d\u2019aquest model.<\/p>\n<p>Per aix\u00f2, hem de posar en marxa noves eines per a poder complir aquest objectiu i assolir una relaci\u00f3 professional efectiva\u202famb les fam\u00edlies a trav\u00e9s de les tutories. Aquest webinar mostrar\u00e0\u00a0<strong>estrat\u00e8gies imprescindibles<\/strong>\u00a0com s\u00f3n:<\/p>\n<ol>\n<li>La influ\u00e8ncia interpersonal.<\/li>\n<li>El\u202fconeixement de la comunicaci\u00f3.<\/li>\n<li>Les respostes d\u2019escolta.<\/li>\n<li>Les respostes d\u2019acci\u00f3-reacci\u00f3.<\/li>\n<\/ol>\n<p>Exposarem un document de suport amb\u00a0<strong>exemples<\/strong>\u00a0d\u2019aquestes estrat\u00e8gies i les\u00a0<strong>explicarem amb detall<\/strong>.<\/p>\n<p>A partir d\u2019aquest punt, un cop establerta la relaci\u00f3 professional efectiva, iniciarem\u00a0<strong>l\u2019avaluaci\u00f3 de necessitats<\/strong>\u00a0(en aquest cas, familiar), per a definir clarament els resultats esperats en\u00a0<strong>l\u2019atenci\u00f3 educativa a l\u2019alumnat amb NESE<\/strong>.<strong>\u00a0<\/strong><\/p>\n<p>Aquest webinar\u00a0<strong>no es grava<\/strong>\u00a0per protecci\u00f3 de les dades personals dels assistents i de la propietat intel\u00b7lectual del ponent. Un cop finalitzat el webinar\u00a0<strong>es compartir\u00e0 la presentaci\u00f3<\/strong>\u00a0exposada. Es lliurar\u00e0 un\u00a0<strong>certificat d\u2019assist\u00e8ncia<\/strong>. El curs\u00a0<strong>s\u2019impartir\u00e0 en castell\u00e0.\u00a0\u00a0<\/strong><\/p>\n<p><strong>On, quan i quant<\/strong><\/p>\n<p><strong>Dia<\/strong><\/p>\n<p>Dimecres\u00a0<strong>6 de mar\u00e7 de 2024<\/strong><\/p>\n<p>De 18,30 a 20,30 hores<\/p>\n<p><strong>Lloc<\/strong><\/p>\n<p>Online en directe a trav\u00e9s de la plataforma Zoom<\/p>\n<p><strong>Preu net<\/strong><\/p>\n<p>25 \u20ac<\/p>\n<p><a href=\"https:\/\/docs.google.com\/forms\/d\/e\/1FAIpQLScBUhNJhGkkGiXTaQe2yoJKR-iURvFgJoqI5kApVeM5RLVflw\/viewform?pli=1\">M\u00e9s informaci\u00f3<\/a><\/p>\n","protected":false},"excerpt":{"rendered":"<p>Presentaci\u00f3 \u00a0\u00a0En aquest webinar revisarem les\u00a0estrat\u00e8gies de col\u00b7laboraci\u00f3, coordinaci\u00f3 i comunicaci\u00f3\u00a0entre diferents components de\u00a0l\u2019equip educatiu i la fam\u00edlia. S\u2019hi mostraran [&hellip;]<\/p>\n","protected":false},"author":3,"featured_media":12593,"comment_status":"open","ping_status":"closed","sticky":false,"template":"","format":"standard","meta":{"_bbp_topic_count":0,"_bbp_reply_count":0,"_bbp_total_topic_count":0,"_bbp_total_reply_count":0,"_bbp_voice_count":0,"_bbp_anonymous_reply_count":0,"_bbp_topic_count_hidden":0,"_bbp_reply_count_hidden":0,"_bbp_forum_subforum_count":0,"site-sidebar-layout":"default","site-content-layout":"","ast-site-content-layout":"","site-content-style":"default","site-sidebar-style":"default","ast-global-header-display":"","ast-banner-title-visibility":"","ast-main-header-display":"","ast-hfb-above-header-display":"","ast-hfb-below-header-display":"","ast-hfb-mobile-header-display":"","site-post-title":"","ast-breadcrumbs-content":"","ast-featured-img":"","footer-sml-layout":"","theme-transparent-header-meta":"","adv-header-id-meta":"","stick-header-meta":"","header-above-stick-meta":"","header-main-stick-meta":"","header-below-stick-meta":"","astra-migrate-meta-layouts":"default","ast-page-background-enabled":"default","ast-page-background-meta":{"desktop":{"background-color":"var(--ast-global-color-4)","background-image":"","background-repeat":"repeat","background-position":"center center","background-size":"auto","background-attachment":"scroll","background-type":"","background-media":"","overlay-type":"","overlay-color":"","overlay-opacity":"","overlay-gradient":""},"tablet":{"background-color":"","background-image":"","background-repeat":"repeat","background-position":"center center","background-size":"auto","background-attachment":"scroll","background-type":"","background-media":"","overlay-type":"","overlay-color":"","overlay-opacity":"","overlay-gradient":""},"mobile":{"background-color":"","background-image":"","background-repeat":"repeat","background-position":"center center","background-size":"auto","background-attachment":"scroll","background-type":"","background-media":"","overlay-type":"","overlay-color":"","overlay-opacity":"","overlay-gradient":""}},"ast-content-background-meta":{"desktop":{"background-color":"var(--ast-global-color-5)","background-image":"","background-repeat":"repeat","background-position":"center center","background-size":"auto","background-attachment":"scroll","background-type":"","background-media":"","overlay-type":"","overlay-color":"","overlay-opacity":"","overlay-gradient":""},"tablet":{"background-color":"var(--ast-global-color-5)","background-image":"","background-repeat":"repeat","background-position":"center center","background-size":"auto","background-attachment":"scroll","background-type":"","background-media":"","overlay-type":"","overlay-color":"","overlay-opacity":"","overlay-gradient":""},"mobile":{"background-color":"var(--ast-global-color-5)","background-image":"","background-repeat":"repeat","background-position":"center center","background-size":"auto","background-attachment":"scroll","background-type":"","background-media":"","overlay-type":"","overlay-color":"","overlay-opacity":"","overlay-gradient":""}},"footnotes":""},"categories":[288,1,273],"tags":[],"class_list":["post-12592","post","type-post","status-publish","format-standard","has-post-thumbnail","hentry","category-formacio","category-general","category-portada"],"post_mailing_queue_ids":[],"_links":{"self":[{"href":"https:\/\/serveiseducatius.xtec.cat\/creda-mvo\/wp-json\/wp\/v2\/posts\/12592","targetHints":{"allow":["GET"]}}],"collection":[{"href":"https:\/\/serveiseducatius.xtec.cat\/creda-mvo\/wp-json\/wp\/v2\/posts"}],"about":[{"href":"https:\/\/serveiseducatius.xtec.cat\/creda-mvo\/wp-json\/wp\/v2\/types\/post"}],"author":[{"embeddable":true,"href":"https:\/\/serveiseducatius.xtec.cat\/creda-mvo\/wp-json\/wp\/v2\/users\/3"}],"replies":[{"embeddable":true,"href":"https:\/\/serveiseducatius.xtec.cat\/creda-mvo\/wp-json\/wp\/v2\/comments?post=12592"}],"version-history":[{"count":1,"href":"https:\/\/serveiseducatius.xtec.cat\/creda-mvo\/wp-json\/wp\/v2\/posts\/12592\/revisions"}],"predecessor-version":[{"id":12594,"href":"https:\/\/serveiseducatius.xtec.cat\/creda-mvo\/wp-json\/wp\/v2\/posts\/12592\/revisions\/12594"}],"wp:featuredmedia":[{"embeddable":true,"href":"https:\/\/serveiseducatius.xtec.cat\/creda-mvo\/wp-json\/wp\/v2\/media\/12593"}],"wp:attachment":[{"href":"https:\/\/serveiseducatius.xtec.cat\/creda-mvo\/wp-json\/wp\/v2\/media?parent=12592"}],"wp:term":[{"taxonomy":"category","embeddable":true,"href":"https:\/\/serveiseducatius.xtec.cat\/creda-mvo\/wp-json\/wp\/v2\/categories?post=12592"},{"taxonomy":"post_tag","embeddable":true,"href":"https:\/\/serveiseducatius.xtec.cat\/creda-mvo\/wp-json\/wp\/v2\/tags?post=12592"}],"curies":[{"name":"wp","href":"https:\/\/api.w.org\/{rel}","templated":true}]}}