{"id":12574,"date":"2024-01-29T09:30:30","date_gmt":"2024-01-29T08:30:30","guid":{"rendered":"https:\/\/serveiseducatius.xtec.cat\/creda-mvo\/?p=12574"},"modified":"2024-01-29T09:30:30","modified_gmt":"2024-01-29T08:30:30","slug":"vi-jornades-de-formacio-acpcreda","status":"publish","type":"post","link":"https:\/\/serveiseducatius.xtec.cat\/creda-mvo\/general\/vi-jornades-de-formacio-acpcreda\/","title":{"rendered":"VI Jornades de formaci\u00f3 ACPCREDA"},"content":{"rendered":"<p dir=\"ltr\">Des de l\u2019ACPCREDA estem preparant les VI Jornades de formaci\u00f3 que es realitzaran els dies 15 i 16 de mar\u00e7 de 2024 al Campus de la Ciutadella de la Universitat Pompeu Fabra de Barcelona. Com sempre, aquestes jornades seran obertes tant a socis com a no socis. <span style=\"font-family: Arial, sans-serif;\">Aquestes dates han estat pactades amb el Departament d&#8217;educaci\u00f3 i Direcci\u00f3 General d&#8217;Educaci\u00f3 Inclusiva, de manera que no hi haur\u00e0 inconvenient per asistir el divendres a les Jornades ni caldr\u00e0 demanar un perm\u00eds especial per formaci\u00f3<\/span><span class=\"gmail_default\">.\u00a0<\/span><\/p>\n<p dir=\"ltr\">El proc\u00e9s d\u2019inscripci\u00f3 ser\u00e0 del\u00a03 al 25 de febrer\u00a0(ambd\u00f3s inclosos) o fins esgotar les places i es far\u00e0\u00a0exclusivament\u00a0a trav\u00e9s de la nostra p\u00e0gina web\u00a0<a href=\"http:\/\/www.acpcreda.org\/\" target=\"_blank\" rel=\"noopener\" data-saferedirecturl=\"https:\/\/www.google.com\/url?q=http:\/\/www.acpcreda.org&amp;source=gmail&amp;ust=1706601323020000&amp;usg=AOvVaw2gkteXuu2KIjo7H7Y417B7\">www.acpcreda.org<\/a>. Caldr\u00e0 entrar a l\u2019\u00e0rea privada per beneficiar-se del preu redu\u00eft de s\u00f2cia.<\/p>\n<p dir=\"ltr\">Adjunt aquest email us fem arribar un document amb la informaci\u00f3 del programa, els ponents i les diferents confer\u00e8ncies i tallers que enguany oferim. Tamb\u00e9 un document resum de la informaci\u00f3 b\u00e0sica.<\/p>\n<p dir=\"ltr\"><a href=\"https:\/\/serveiseducatius.xtec.cat\/creda-mvo\/wp-content\/uploads\/usu735\/2024\/01\/PROGRAMA-extens-VI-JORNADES-ACPCREDA.pdf\">PROGRAMA (extens) VI JORNADES ACPCREDA<\/a><\/p>\n","protected":false},"excerpt":{"rendered":"<p>Des de l\u2019ACPCREDA estem preparant les VI Jornades de formaci\u00f3 que es realitzaran els dies 15 i 16 de mar\u00e7 [&hellip;]<\/p>\n","protected":false},"author":3,"featured_media":8911,"comment_status":"open","ping_status":"closed","sticky":false,"template":"","format":"standard","meta":{"_bbp_topic_count":0,"_bbp_reply_count":0,"_bbp_total_topic_count":0,"_bbp_total_reply_count":0,"_bbp_voice_count":0,"_bbp_anonymous_reply_count":0,"_bbp_topic_count_hidden":0,"_bbp_reply_count_hidden":0,"_bbp_forum_subforum_count":0,"site-sidebar-layout":"default","site-content-layout":"","ast-site-content-layout":"","site-content-style":"default","site-sidebar-style":"default","ast-global-header-display":"","ast-banner-title-visibility":"","ast-main-header-display":"","ast-hfb-above-header-display":"","ast-hfb-below-header-display":"","ast-hfb-mobile-header-display":"","site-post-title":"","ast-breadcrumbs-content":"","ast-featured-img":"","footer-sml-layout":"","theme-transparent-header-meta":"","adv-header-id-meta":"","stick-header-meta":"","header-above-stick-meta":"","header-main-stick-meta":"","header-below-stick-meta":"","astra-migrate-meta-layouts":"default","ast-page-background-enabled":"default","ast-page-background-meta":{"desktop":{"background-color":"var(--ast-global-color-4)","background-image":"","background-repeat":"repeat","background-position":"center center","background-size":"auto","background-attachment":"scroll","background-type":"","background-media":"","overlay-type":"","overlay-color":"","overlay-opacity":"","overlay-gradient":""},"tablet":{"background-color":"","background-image":"","background-repeat":"repeat","background-position":"center center","background-size":"auto","background-attachment":"scroll","background-type":"","background-media":"","overlay-type":"","overlay-color":"","overlay-opacity":"","overlay-gradient":""},"mobile":{"background-color":"","background-image":"","background-repeat":"repeat","background-position":"center center","background-size":"auto","background-attachment":"scroll","background-type":"","background-media":"","overlay-type":"","overlay-color":"","overlay-opacity":"","overlay-gradient":""}},"ast-content-background-meta":{"desktop":{"background-color":"var(--ast-global-color-5)","background-image":"","background-repeat":"repeat","background-position":"center center","background-size":"auto","background-attachment":"scroll","background-type":"","background-media":"","overlay-type":"","overlay-color":"","overlay-opacity":"","overlay-gradient":""},"tablet":{"background-color":"var(--ast-global-color-5)","background-image":"","background-repeat":"repeat","background-position":"center center","background-size":"auto","background-attachment":"scroll","background-type":"","background-media":"","overlay-type":"","overlay-color":"","overlay-opacity":"","overlay-gradient":""},"mobile":{"background-color":"var(--ast-global-color-5)","background-image":"","background-repeat":"repeat","background-position":"center center","background-size":"auto","background-attachment":"scroll","background-type":"","background-media":"","overlay-type":"","overlay-color":"","overlay-opacity":"","overlay-gradient":""}},"footnotes":""},"categories":[288,1,273],"tags":[],"class_list":["post-12574","post","type-post","status-publish","format-standard","has-post-thumbnail","hentry","category-formacio","category-general","category-portada"],"post_mailing_queue_ids":[],"_links":{"self":[{"href":"https:\/\/serveiseducatius.xtec.cat\/creda-mvo\/wp-json\/wp\/v2\/posts\/12574","targetHints":{"allow":["GET"]}}],"collection":[{"href":"https:\/\/serveiseducatius.xtec.cat\/creda-mvo\/wp-json\/wp\/v2\/posts"}],"about":[{"href":"https:\/\/serveiseducatius.xtec.cat\/creda-mvo\/wp-json\/wp\/v2\/types\/post"}],"author":[{"embeddable":true,"href":"https:\/\/serveiseducatius.xtec.cat\/creda-mvo\/wp-json\/wp\/v2\/users\/3"}],"replies":[{"embeddable":true,"href":"https:\/\/serveiseducatius.xtec.cat\/creda-mvo\/wp-json\/wp\/v2\/comments?post=12574"}],"version-history":[{"count":1,"href":"https:\/\/serveiseducatius.xtec.cat\/creda-mvo\/wp-json\/wp\/v2\/posts\/12574\/revisions"}],"predecessor-version":[{"id":12576,"href":"https:\/\/serveiseducatius.xtec.cat\/creda-mvo\/wp-json\/wp\/v2\/posts\/12574\/revisions\/12576"}],"wp:featuredmedia":[{"embeddable":true,"href":"https:\/\/serveiseducatius.xtec.cat\/creda-mvo\/wp-json\/wp\/v2\/media\/8911"}],"wp:attachment":[{"href":"https:\/\/serveiseducatius.xtec.cat\/creda-mvo\/wp-json\/wp\/v2\/media?parent=12574"}],"wp:term":[{"taxonomy":"category","embeddable":true,"href":"https:\/\/serveiseducatius.xtec.cat\/creda-mvo\/wp-json\/wp\/v2\/categories?post=12574"},{"taxonomy":"post_tag","embeddable":true,"href":"https:\/\/serveiseducatius.xtec.cat\/creda-mvo\/wp-json\/wp\/v2\/tags?post=12574"}],"curies":[{"name":"wp","href":"https:\/\/api.w.org\/{rel}","templated":true}]}}