{"id":12424,"date":"2023-05-12T11:01:36","date_gmt":"2023-05-12T09:01:36","guid":{"rendered":"https:\/\/serveiseducatius.xtec.cat\/creda-mvo\/?p=12424"},"modified":"2025-02-24T10:59:35","modified_gmt":"2025-02-24T09:59:35","slug":"la-importancia-de-ensenar-comunicacion-oral-o-por-que-en-la-clase-de-lengua-no-solo-hay-que-aprender-de-gramatica","status":"publish","type":"post","link":"https:\/\/serveiseducatius.xtec.cat\/creda-mvo\/general\/la-importancia-de-ensenar-comunicacion-oral-o-por-que-en-la-clase-de-lengua-no-solo-hay-que-aprender-de-gramatica\/","title":{"rendered":"Per qu\u00e8 ensenyar comunicaci\u00f3 oral?"},"content":{"rendered":"<header class=\"a_e _g _g-xs\">\n<div class=\"a_e_txt _df\">\n<h1 class=\"a_t\">La importancia de ense\u00f1ar comunicaci\u00f3n oral o por qu\u00e9 en la clase de Lengua no solo hay que aprender de gram\u00e1tica<\/h1>\n<h2 class=\"a_st\">Para que los ni\u00f1os aprendan a expresarse con fluidez es importante ense\u00f1arles desde edades tempranas, una competencia que hay que desarrollar tanto en la escuela gracias a actividades espec\u00edficas como en el entorno familiar<\/h2>\n<\/div>\n<div class=\"a_e_m\">\n<figure class=\"a_m a_m-h \"><span class=\"a_m_w _db\"><img loading=\"lazy\" decoding=\"async\" class=\"_re  a_m-h\" src=\"https:\/\/imagenes.elpais.com\/resizer\/930ZZhfHU1MHcnmgGgYbvRou6Kw=\/414x0\/cloudfront-eu-central-1.images.arcpublishing.com\/prisa\/IJB62LXLFBFYNPVLQMQHFOS4N4.jpg\" sizes=\"auto, (min-width:1199px)1155px,(min-width:1001px)95vw,(min-width:768px)767px,100vw\" srcset=\"https:\/\/imagenes.elpais.com\/resizer\/930ZZhfHU1MHcnmgGgYbvRou6Kw=\/414x0\/cloudfront-eu-central-1.images.arcpublishing.com\/prisa\/IJB62LXLFBFYNPVLQMQHFOS4N4.jpg 414w,https:\/\/imagenes.elpais.com\/resizer\/bz3MSGmEDkXVM8uHehuTj_6rTUg=\/828x0\/cloudfront-eu-central-1.images.arcpublishing.com\/prisa\/IJB62LXLFBFYNPVLQMQHFOS4N4.jpg 640w,https:\/\/imagenes.elpais.com\/resizer\/ex3aPXrFeG00u0PHFmGe41Ez3jM=\/980x0\/cloudfront-eu-central-1.images.arcpublishing.com\/prisa\/IJB62LXLFBFYNPVLQMQHFOS4N4.jpg 1000w,https:\/\/imagenes.elpais.com\/resizer\/Rg52YE_FRDhEW1rZ4KdvUudbj7E=\/1200x0\/cloudfront-eu-central-1.images.arcpublishing.com\/prisa\/IJB62LXLFBFYNPVLQMQHFOS4N4.jpg 1200w\" alt=\"Si bien la escuela es importante a la hora de trabajar la competencia oral, el hogar es el otro entorno en el que se debe hacer hincapi\u00e9.\" width=\"414\" height=\"286\" \/><\/span><figcaption class=\"a_m_p\">Si bien la escuela es importante a la hora de trabajar la competencia oral, el hogar es el otro entorno en el que se debe hacer hincapi\u00e9.<span class=\"a_m_m\">JONATHAN KIRN (GETTY IMAGES)<\/span><\/figcaption><\/figure>\n<\/div>\n<\/header>\n<div class=\"a_md _g _g-xs ni\">\n<div class=\"a_md_txt\">\n<div class=\"a_md_a\" data-dtm-region=\"articulo_firma\"><a class=\"a_md_a_n\" title=\"Ver todas las noticias de Ana Camarero\" href=\"https:\/\/elpais.com\/autor\/ana-maria-camarero-gomez\/#?rel=author_top\">ANA CAMARERO<\/a><\/div>\n<div class=\"a_md_f\">Madrid &#8211;\u00a0<time datetime=\"2023-05-11T03:35:00.287Z\" data-date=\"2023-05-11T03:35:00.287Z\"><a id=\"article_date_p\" href=\"https:\/\/elpais.com\/hemeroteca\/2023-05-11\/\" data-date=\"2023-05-11T03:35:00.287Z\">11\u00a0<abbr title=\"mayo\">MAY<\/abbr>\u00a02023 &#8211; 05:35<abbr title=\" Central European Summer Time\">\u00a0CEST<\/abbr><\/a><\/time><\/div>\n<div class=\"w_rs\" data-dtm-region=\"articulo_botonera-social\">\n<div class=\"w_rs_i\"><\/div>\n<div class=\"w_rs_i\"><\/div>\n<\/div>\n<\/div>\n<\/div>\n<div class=\"a_c clearfix\" data-dtm-region=\"articulo_cuerpo\">\n<p class=\"\">Son las nueve de la ma\u00f1ana y hay asamblea. Tras colocar sus pertenencias en las taquillas, cada uno de los alumnos de una clase de segundo de Educaci\u00f3n Infantil se sienta al lado de otro hasta conformar un c\u00edrculo del que tambi\u00e9n forma parte el profesor. Despu\u00e9s de un par de minutos, y a la espera de que vuelva la calma, el tutor les anima a que levanten la mano, de manera ordenada, y cuenten al resto de sus compa\u00f1eros qu\u00e9 han hecho durante el fin de semana. Esta es una pr\u00e1ctica que realizan los docentes de manera habitual en el aula para fomentar entre su alumnado la comunicaci\u00f3n oral. Una competencia en la que los estudiantes espa\u00f1oles sobresalen por sus carencias. De ah\u00ed la importancia de darle una mayor relevancia en el curr\u00edculum escolar, pero\u00a0<a href=\"https:\/\/elpais.com\/elpais\/2020\/02\/04\/mamas_papas\/1580815500_046495.html\" data-link-track-dtm=\"\">tambi\u00e9n en el entorno familiar<\/a>.<\/p>\n<p class=\"\">Uno de los motivos que provoca que<a href=\"https:\/\/elpais.com\/economia\/2019\/10\/30\/actualidad\/1572444807_591501.html\" target=\"_blank\" rel=\"noopener\" data-link-track-dtm=\"\">\u00a0los espa\u00f1oles sean especialmente deficitarios en comunicaci\u00f3n oral<\/a>\u00a0se debe a que el sistema educativo se ha centrado m\u00e1s en la dimensi\u00f3n metaling\u00fc\u00edstica del estudio de la lengua que en la expresiva y en la pragm\u00e1tica. \u201cA costa de aprender a analizar y describir el sistema ling\u00fc\u00edstico, actividad muy necesaria, hemos desatendido el uso real de la lengua, muy especialmente en la oralidad\u201d, explica Santiago L\u00f3pez Navia, director acad\u00e9mico del m\u00e1ster universitario en Ret\u00f3rica y Oratoria de la Universidad Internacional de La Rioja (UNIR). La consecuencia de esta decisi\u00f3n educativa provoca que el espa\u00f1ol medio no se exprese con la necesaria fluidez cuando habla. \u201cPor eso, hay que compensar esa deficiencia mediante una formaci\u00f3n especializada, que a veces se adquiere de forma tard\u00eda y no siempre con las garant\u00edas necesarias de rigor y calidad. La autoayuda, en este sentido, ha sido en ocasiones verdaderamente perniciosa\u201d, sostiene este experto.<\/p>\n<aside class=\"a_ei\">\n<header class=\"a_ei_h _db\">M\u00c1S INFORMACI\u00d3N<\/header>\n<div class=\"a_ei_r _g _g-xs a_ei_r-i\">\n<figure class=\"a_ei_m a_m-h c_m--nf\"><a class=\"_db _pr\" href=\"https:\/\/elpais.com\/mamas-papas\/familia\/2023-05-04\/a-que-edad-puedo-dejar-a-mi-hijo-solo-en-casa-pautas-para-otorgarle-su-propio-espacio-sin-adultos.html?activate-overlay=true\" data-link-track-dtm=\"\"><img loading=\"lazy\" decoding=\"async\" class=\"_re lazyload a_m-h\" src=\"https:\/\/imagenes.elpais.com\/resizer\/cpbQfYIRIhhw66TuGabd7l3vTUk=\/414x311\/filters:focal(3438x1514:3448x1524)\/cloudfront-eu-central-1.images.arcpublishing.com\/prisa\/L5WIF5DKS5GE5OFYI4ZURK324Y.jpg\" alt=\"Children must be able to feel safe and competent in order to regulate their emotions when there are no adults at home.\" width=\"414\" height=\"311\" \/><\/a><\/figure>\n<p><a class=\"a_ei_t\" href=\"https:\/\/elpais.com\/mamas-papas\/familia\/2023-05-04\/a-que-edad-puedo-dejar-a-mi-hijo-solo-en-casa-pautas-para-otorgarle-su-propio-espacio-sin-adultos.html?activate-overlay=true#&amp;rel=mas_sumario\" data-link-track-dtm=\"\">\u00bfA qu\u00e9 edad puedo dejar a mi hijo solo en casa? Pautas para otorgarle su propio espacio sin adultos<\/a><\/div>\n<\/aside>\n<div id=\"elpais_gpt-INTEXT\"><\/div>\n<p class=\"\">Para evitar esta carencia durante la etapa adulta es imprescindible la estimulaci\u00f3n de la oralidad en la escuela desde etapas tempranas. \u201cPorque es una herramienta central\u00a0<a href=\"https:\/\/elpais.com\/mamas-papas\/familia\/2022-03-18\/mi-hijo-tarda-en-hablar-que-puedo-hacer.html\" data-link-track-dtm=\"\">que ayuda a comprender el mundo y a relacionarse con los dem\u00e1s<\/a>\u201d, asegura Silvia Eva Agosto Riera, profesora asociada del departamento de Did\u00e1ctica de las Lenguas, Artes y Educaci\u00f3n F\u00edsica de la Facultad de Educaci\u00f3n en la Universidad Complutense de Madrid (UCM). En los primeros a\u00f1os de Educaci\u00f3n Infantil, los colegios promueven actividades de experimentaci\u00f3n, de juego, que generan contextos de interacci\u00f3n que permiten\u00a0<a href=\"https:\/\/elpais.com\/mamas-papas\/2020-12-29\/mantener-el-contacto-con-los-padres-clave-en-el-desarrollo-del-lenguaje-de-los-prematuros.html\" data-link-track-dtm=\"\">el desarrollo del lenguaje<\/a>. Seg\u00fan detalla Montserrat Bigas, profesora em\u00e9rita del departamento de Did\u00e1ctica de la Lengua y la Literatura de la Universidad Aut\u00f3noma de Barcelona, el lenguaje tiene tres funciones centrales: la comunicativa \u2014lo usamos para transmitir ideas, sentimientos, emociones\u2014; la l\u00fadica \u2014jugamos con las palabras a trav\u00e9s de las canciones, los trabalenguas, las canciones de corro, de ronda\u2014; y la representativa \u2014categorizamos, analizamos, describimos el mundo\u2014: \u201cAs\u00ed, los docentes crean situaciones de aprendizaje para desarrollar las diferentes funciones de la lengua en todas las etapas educativas\u201d.<\/p>\n<p class=\"\">El hecho de privilegiar las\u00a0<a href=\"https:\/\/elpais.com\/mamas-papas\/2022-06-07\/el-abandono-de-la-escritura-a-mano-perjudica-el-aprendizaje-en-los-ninos-y-el-lapiz-digital-puede-ser-un-aliado.html\" data-link-track-dtm=\"\">pr\u00e1cticas escritas<\/a>\u00a0sobre las orales al ense\u00f1ar Lengua a los ni\u00f1os y ni\u00f1as ha provocado que algunos lleguen a desarrollar p\u00e1nico esc\u00e9nico. \u201cUna consecuencia de pensar que, al contrario que la escritura, la oralidad se adquiere de forma espont\u00e1nea y no necesita ser ense\u00f1ada\u201d, opina por su parte Francisco J. Rodr\u00edguez Mu\u00f1oz, profesor titular de Did\u00e1ctica de la Lengua en la Universidad de Almer\u00eda. Trabajar la comunicaci\u00f3n oral en el aula va m\u00e1s all\u00e1 de la presentaci\u00f3n de un tema. \u201cSu pr\u00e1ctica continuada, no excepcional, en cualquier \u00e1rea del curr\u00edculo permite naturalizar los usos de la lengua oral en las distintas situaciones comunicativas a las que tendr\u00e1n que hacer frente los alumnos en su vida diaria\u201d, afirma este profesor.<\/p>\n<p class=\"\">La labor del docente en el aula, para que los estudiantes en Infantil adquieran esta habilidad con solvencia y soltura, es fundamental. Un trabajo que debe apoyarse en\u00a0<a href=\"https:\/\/elpais.com\/educacion\/2022-11-08\/el-pedagogo-javier-valle-el-profesorado-se-siente-muy-abandonado-en-el-cambio-al-enfoque-competencial.html\" data-link-track-dtm=\"\">un curr\u00edculo competente<\/a>\u00a0en esta materia. \u201cLa mejora de la oralidad necesita una actividad concreta, real, deliberada y convenientemente regulada y sistematizada en la programaci\u00f3n did\u00e1ctica\u201d, subraya L\u00f3pez Navia. Adem\u00e1s, esta pr\u00e1ctica debe ser transversal y no exclusiva de la asignatura de Lengua Castellana y Literatura, seg\u00fan este experto. Y pone como ejemplo que el compromiso con el empleo correcto del espa\u00f1ol hablado debe ser tambi\u00e9n asumido por los docentes de Educaci\u00f3n F\u00edsica o Pl\u00e1stica.<\/p>\n<figure class=\"a_m a_m-h \"><span class=\"_db a_m_w _pr lb_btn\"><img loading=\"lazy\" decoding=\"async\" class=\"_re lazyload a_m-h\" src=\"https:\/\/imagenes.elpais.com\/resizer\/QcA8-4oqEmgCEuR72CClHqSZ9ng=\/414x0\/cloudfront-eu-central-1.images.arcpublishing.com\/prisa\/7QKFUBAYVFBMPGMTBN7LHASBOU.jpg\" srcset=\"https:\/\/imagenes.elpais.com\/resizer\/QcA8-4oqEmgCEuR72CClHqSZ9ng=\/414x0\/cloudfront-eu-central-1.images.arcpublishing.com\/prisa\/7QKFUBAYVFBMPGMTBN7LHASBOU.jpg 414w,https:\/\/imagenes.elpais.com\/resizer\/w1sTwDhK_0PdQikQBQICaCKVCoE=\/828x0\/cloudfront-eu-central-1.images.arcpublishing.com\/prisa\/7QKFUBAYVFBMPGMTBN7LHASBOU.jpg 640w,https:\/\/imagenes.elpais.com\/resizer\/ggNSTwaFB49yjVebTcU8cBFwc_0=\/980x0\/cloudfront-eu-central-1.images.arcpublishing.com\/prisa\/7QKFUBAYVFBMPGMTBN7LHASBOU.jpg 1000w,https:\/\/imagenes.elpais.com\/resizer\/tLYm-EiEJO0PoFd5Ux0j-XaoMTM=\/1960x0\/cloudfront-eu-central-1.images.arcpublishing.com\/prisa\/7QKFUBAYVFBMPGMTBN7LHASBOU.jpg 1960w\" alt=\"El lenguaje tiene tres funciones centrales: la comunicativa, la l\u00fadica y la representativa.\" width=\"414\" height=\"276\" \/><\/span><figcaption class=\"a_m_p\">El lenguaje tiene tres funciones centrales: la comunicativa, la l\u00fadica y la representativa.<span class=\"a_m_m\">TIM PLATT (GETTY IMAGES)<\/span><\/figcaption><\/figure>\n<p class=\"\">Para conseguir una buena oralidad del alumnado, Pilar N\u00fa\u00f1ez Delgado, profesora titular del Departamento de Did\u00e1ctica de la Lengua y Literatura en la Universidad de Granada, considera precisas dos cosas: \u201cUna, que el docente tenga formaci\u00f3n sobre en qu\u00e9 consiste la competencia oral y c\u00f3mo dise\u00f1ar o seleccionar aquellas actividades que cuadran con su manera de trabajar; y dos, que los centros tengan un plan de oralidad, igual que est\u00e1n obligados a tener un plan lector\u201d. Para la docente, este plan de oralidad tiene que desarrollarse teniendo en cuenta el criterio de variedad (que no solo aprendan a contar cuentos), de progresi\u00f3n y de dificultad: \u201cEs decir, que la toma de la palabra sea m\u00e1s larga y m\u00e1s compleja en cada curso.\u00a0<a href=\"https:\/\/elpais.com\/elpais\/2018\/03\/27\/mamas_papas\/1522138723_609321.html\" data-link-track-dtm=\"\">Aprender a hablar es un proceso largo<\/a>\u201d.<\/p>\n<p class=\"\">Si bien la escuela es importante a la hora de trabajar la competencia oral de los m\u00e1s peque\u00f1os, el hogar es el otro entorno en el que se debe hacer hincapi\u00e9. \u201cEs fundamental que los padres hablen con sus hijos desde el momento mismo del nacimiento, ya que, adem\u00e1s de fortalecer su competencia oral, promueve el conocimiento de uno mismo y de su entorno. Buscar momentos para el juego, el di\u00e1logo, la escucha activa y el intercambio de ideas permite, adem\u00e1s,\u00a0<a href=\"https:\/\/elpais.com\/mamas-papas\/expertos\/2023-04-05\/besar-y-abrazar-a-tu-hijo-no-es-malcriarle-es-apostar-por-un-modelo-de-crianza-basado-en-el-afecto.html\" data-link-track-dtm=\"\">fortalecer los lazos de amor entre padres e hijos<\/a>\u201d, se\u00f1ala la profesora Silvia Eva Agosto Riera.<\/p>\n<p class=\"\">El entorno ling\u00fc\u00edstico del ni\u00f1o cobra una importancia capital en el desarrollo de sus habilidades comunicativas orales. La escuela y el hogar son los dos contextos principales en los que se desenvuelve. \u201cDesde el hogar, se debe promover la conciencia sobre el propio lenguaje; esto es, sobre su estructura, su funcionamiento y su uso en las distintas situaciones comunicativas en las que participa\u201d, incide Rodr\u00edguez Mu\u00f1oz. Y, sobre todo, a\u00f1ade Delgado, los padres deben hablar, cantar y ense\u00f1ar juegos a sus hijos: \u201cExiste una manera de corregir los errores ling\u00fc\u00edsticos que se conoce como\u00a0<i>corregir como una madre.<\/i>\u00a0Consiste en que cuando tu hijo est\u00e1 aprendiendo a hablar y dice algo mal, de manera natural, recoges la palabra que ha dicho de manera incorrecta y se repite bien\u201d.<\/p>\n<p class=\"\"><i>Puedes seguir Mamas &amp; Papas en\u00a0<\/i><a href=\"https:\/\/www.facebook.com\/mamaspapas.elpais\" data-link-track-dtm=\"\"><i>Facebook<\/i><\/a><i>,\u00a0<\/i><a href=\"https:\/\/twitter.com\/demamasdepapas\" data-link-track-dtm=\"\"><i>Twitter<\/i><\/a><i>\u00a0o apuntarte aqu\u00ed para recibir\u00a0<\/i><a href=\"https:\/\/plus.elpais.com\/newsletters\/lnp\/1\/341\" data-link-track-dtm=\"\"><i>nuestra newsletter quincenal<\/i><\/a><i>.<\/i><\/p>\n<\/div>\n<p><a href=\"https:\/\/elpais.com\/mamas-papas\/actualidad\/2023-05-11\/la-importancia-de-ensenar-comunicacion-oral-o-por-que-en-la-clase-de-lengua-no-solo-hay-que-aprender-de-gramatica.html\">Article en prensa, El Pa\u00eds<\/a><\/p>\n","protected":false},"excerpt":{"rendered":"<p>La importancia de ense\u00f1ar comunicaci\u00f3n oral o por qu\u00e9 en la clase de Lengua no solo hay que aprender de [&hellip;]<\/p>\n","protected":false},"author":3,"featured_media":12425,"comment_status":"open","ping_status":"closed","sticky":false,"template":"","format":"standard","meta":{"_bbp_topic_count":0,"_bbp_reply_count":0,"_bbp_total_topic_count":0,"_bbp_total_reply_count":0,"_bbp_voice_count":0,"_bbp_anonymous_reply_count":0,"_bbp_topic_count_hidden":0,"_bbp_reply_count_hidden":0,"_bbp_forum_subforum_count":0,"site-sidebar-layout":"default","site-content-layout":"","ast-site-content-layout":"","site-content-style":"default","site-sidebar-style":"default","ast-global-header-display":"","ast-banner-title-visibility":"","ast-main-header-display":"","ast-hfb-above-header-display":"","ast-hfb-below-header-display":"","ast-hfb-mobile-header-display":"","site-post-title":"","ast-breadcrumbs-content":"","ast-featured-img":"","footer-sml-layout":"","theme-transparent-header-meta":"","adv-header-id-meta":"","stick-header-meta":"","header-above-stick-meta":"","header-main-stick-meta":"","header-below-stick-meta":"","astra-migrate-meta-layouts":"default","ast-page-background-enabled":"default","ast-page-background-meta":{"desktop":{"background-color":"var(--ast-global-color-4)","background-image":"","background-repeat":"repeat","background-position":"center center","background-size":"auto","background-attachment":"scroll","background-type":"","background-media":"","overlay-type":"","overlay-color":"","overlay-opacity":"","overlay-gradient":""},"tablet":{"background-color":"","background-image":"","background-repeat":"repeat","background-position":"center center","background-size":"auto","background-attachment":"scroll","background-type":"","background-media":"","overlay-type":"","overlay-color":"","overlay-opacity":"","overlay-gradient":""},"mobile":{"background-color":"","background-image":"","background-repeat":"repeat","background-position":"center center","background-size":"auto","background-attachment":"scroll","background-type":"","background-media":"","overlay-type":"","overlay-color":"","overlay-opacity":"","overlay-gradient":""}},"ast-content-background-meta":{"desktop":{"background-color":"var(--ast-global-color-5)","background-image":"","background-repeat":"repeat","background-position":"center center","background-size":"auto","background-attachment":"scroll","background-type":"","background-media":"","overlay-type":"","overlay-color":"","overlay-opacity":"","overlay-gradient":""},"tablet":{"background-color":"var(--ast-global-color-5)","background-image":"","background-repeat":"repeat","background-position":"center center","background-size":"auto","background-attachment":"scroll","background-type":"","background-media":"","overlay-type":"","overlay-color":"","overlay-opacity":"","overlay-gradient":""},"mobile":{"background-color":"var(--ast-global-color-5)","background-image":"","background-repeat":"repeat","background-position":"center center","background-size":"auto","background-attachment":"scroll","background-type":"","background-media":"","overlay-type":"","overlay-color":"","overlay-opacity":"","overlay-gradient":""}},"footnotes":""},"categories":[1,273],"tags":[],"class_list":["post-12424","post","type-post","status-publish","format-standard","has-post-thumbnail","hentry","category-general","category-portada"],"post_mailing_queue_ids":[],"_links":{"self":[{"href":"https:\/\/serveiseducatius.xtec.cat\/creda-mvo\/wp-json\/wp\/v2\/posts\/12424","targetHints":{"allow":["GET"]}}],"collection":[{"href":"https:\/\/serveiseducatius.xtec.cat\/creda-mvo\/wp-json\/wp\/v2\/posts"}],"about":[{"href":"https:\/\/serveiseducatius.xtec.cat\/creda-mvo\/wp-json\/wp\/v2\/types\/post"}],"author":[{"embeddable":true,"href":"https:\/\/serveiseducatius.xtec.cat\/creda-mvo\/wp-json\/wp\/v2\/users\/3"}],"replies":[{"embeddable":true,"href":"https:\/\/serveiseducatius.xtec.cat\/creda-mvo\/wp-json\/wp\/v2\/comments?post=12424"}],"version-history":[{"count":2,"href":"https:\/\/serveiseducatius.xtec.cat\/creda-mvo\/wp-json\/wp\/v2\/posts\/12424\/revisions"}],"predecessor-version":[{"id":12996,"href":"https:\/\/serveiseducatius.xtec.cat\/creda-mvo\/wp-json\/wp\/v2\/posts\/12424\/revisions\/12996"}],"wp:featuredmedia":[{"embeddable":true,"href":"https:\/\/serveiseducatius.xtec.cat\/creda-mvo\/wp-json\/wp\/v2\/media\/12425"}],"wp:attachment":[{"href":"https:\/\/serveiseducatius.xtec.cat\/creda-mvo\/wp-json\/wp\/v2\/media?parent=12424"}],"wp:term":[{"taxonomy":"category","embeddable":true,"href":"https:\/\/serveiseducatius.xtec.cat\/creda-mvo\/wp-json\/wp\/v2\/categories?post=12424"},{"taxonomy":"post_tag","embeddable":true,"href":"https:\/\/serveiseducatius.xtec.cat\/creda-mvo\/wp-json\/wp\/v2\/tags?post=12424"}],"curies":[{"name":"wp","href":"https:\/\/api.w.org\/{rel}","templated":true}]}}