{"id":12366,"date":"2023-04-25T10:18:35","date_gmt":"2023-04-25T08:18:35","guid":{"rendered":"https:\/\/serveiseducatius.xtec.cat\/creda-mvo\/?p=12366"},"modified":"2025-02-24T11:00:25","modified_gmt":"2025-02-24T10:00:25","slug":"chitel-2023-ii-congreso-hispanohablante-sobre-el-trastorno-especifico-del-desarrollo-del-lenguaje","status":"publish","type":"post","link":"https:\/\/serveiseducatius.xtec.cat\/creda-mvo\/general\/chitel-2023-ii-congreso-hispanohablante-sobre-el-trastorno-especifico-del-desarrollo-del-lenguaje\/","title":{"rendered":"CHITEL 2023 II Congr\u00e8s"},"content":{"rendered":"<p class=\"font_7 wixui-rich-text__text\"><span class=\"color_20 wixui-rich-text__text\">El\u00a0<strong><span class=\"wixui-rich-text__text\">II Congreso Hispanohablante sobre el Trastorno Espec\u00edfico\/del desarrollo del Lenguaje<\/span>\u00a0(CHITEL 2023)<\/strong> se celebrar\u00e1 en el auditorio Alfonso L\u00f3pez Pumarejo de <strong>Universidad Nacional de Colombia (Bogot\u00e1)<\/strong> entre los d\u00edas <strong>24, 25 y 26 de julio de 2023.<\/strong><br class=\"wixui-rich-text__text\" \/><br class=\"wixui-rich-text__text\" \/>El Congreso est\u00e1 organizado\u00a0<span class=\"wixui-rich-text__text\">conjuntamente por la Universidad Nacional de Colombia y por la Asociaci\u00f3n Hispanohablante para el Estudio del Trastorno del Lenguaje (AHITL)\u00a0<\/span>y tiene como objetivo ser el punto de encuentro de todos los investigadores del \u00e1mbito hispanohablante que se dedican al estudio de los ni\u00f1os con Trastorno Espec\u00edfico del Lenguaje (TEL), tambi\u00e9n llamado Trastorno del Desarrollo del Lenguaje (TDL), que tienen como primera, segunda o lengua extranjera el espa\u00f1ol.<\/span><\/p>\n<p class=\"font_7 wixui-rich-text__text\"><br class=\"wixui-rich-text__text\" \/><span class=\"color_20 wixui-rich-text__text\">Esperamos que este II Congreso CHITEL 2023 sea de nuevo un lugar de encuentro y colaboraci\u00f3n para seguir profundizando en el conocimiento del TEL\/TDL.<\/span><\/p>\n<p class=\"font_7 wixui-rich-text__text\"><span class=\"wixGuard wixui-rich-text__text\">\u200b<\/span><\/p>\n<p class=\"font_7 wixui-rich-text__text\"><strong><span class=\"color_20 wixui-rich-text__text\"><span class=\"wixui-rich-text__text\">\u00c1reas tem\u00e1ticas<\/span><\/span><\/strong><\/p>\n<ul class=\"font_8 wixui-rich-text__text\">\n<li class=\"wixui-rich-text__text\">\n<p class=\"font_8 wixui-rich-text__text\">Identificaci\u00f3n, prevalencia y desarrollo<\/p>\n<\/li>\n<li class=\"wixui-rich-text__text\">\n<p class=\"font_8 wixui-rich-text__text\">Fon\u00e9tica &#8211; fonolog\u00eda<\/p>\n<\/li>\n<li class=\"wixui-rich-text__text\">\n<p class=\"font_8 wixui-rich-text__text\">L\u00e9xico y Sem\u00e1ntica<\/p>\n<\/li>\n<li class=\"wixui-rich-text__text\">\n<p class=\"font_8 wixui-rich-text__text\">Morfosintaxis y narrativa<\/p>\n<\/li>\n<li class=\"wixui-rich-text__text\">\n<p class=\"font_8 wixui-rich-text__text\">Pragm\u00e1tica y habilidades sociales<\/p>\n<\/li>\n<li class=\"wixui-rich-text__text\">\n<p class=\"font_8 wixui-rich-text__text\">Lectura y escritura<\/p>\n<\/li>\n<li class=\"wixui-rich-text__text\">\n<p class=\"font_8 wixui-rich-text__text\">Biling\u00fcismo<\/p>\n<\/li>\n<li class=\"wixui-rich-text__text\">\n<p class=\"font_8 wixui-rich-text__text\">Uso de la tecnolog\u00eda para la evaluaci\u00f3n e intervenci\u00f3n<\/p>\n<\/li>\n<li class=\"wixui-rich-text__text\">\n<p class=\"font_8 wixui-rich-text__text\">Patolog\u00eda del lenguaje<\/p>\n<\/li>\n<\/ul>\n<p class=\"font_8 wixui-rich-text__text\"><span class=\"inherit-font-size wixui-rich-text__text\"><span class=\"wixGuard wixui-rich-text__text\">\u200b<\/span><\/span><\/p>\n<p class=\"font_8 wixui-rich-text__text\"><strong><span class=\"wixui-rich-text__text\">Modalidades<\/span><\/strong><\/p>\n<ul class=\"font_8 wixui-rich-text__text\">\n<li class=\"wixui-rich-text__text\">\n<p class=\"font_8 wixui-rich-text__text\">Talleres previos<\/p>\n<\/li>\n<li class=\"wixui-rich-text__text\">\n<p class=\"font_8 wixui-rich-text__text\">Conferencias especiales<\/p>\n<\/li>\n<li class=\"wixui-rich-text__text\">\n<p class=\"font_8 wixui-rich-text__text\">Presentaciones orales<\/p>\n<\/li>\n<li class=\"wixui-rich-text__text\">\n<p class=\"font_8 wixui-rich-text__text\">Posters \/ subir en p\u00e1gina web del evento.<\/p>\n<\/li>\n<\/ul>\n<p>&nbsp;<\/p>\n<p><a href=\"https:\/\/www.chitel2023.com\/\">M\u00e9s informaci\u00f3<\/a><\/p>\n","protected":false},"excerpt":{"rendered":"<p>El\u00a0II Congreso Hispanohablante sobre el Trastorno Espec\u00edfico\/del desarrollo del Lenguaje\u00a0(CHITEL 2023) se celebrar\u00e1 en el auditorio Alfonso L\u00f3pez Pumarejo de [&hellip;]<\/p>\n","protected":false},"author":3,"featured_media":12367,"comment_status":"open","ping_status":"closed","sticky":false,"template":"","format":"standard","meta":{"_bbp_topic_count":0,"_bbp_reply_count":0,"_bbp_total_topic_count":0,"_bbp_total_reply_count":0,"_bbp_voice_count":0,"_bbp_anonymous_reply_count":0,"_bbp_topic_count_hidden":0,"_bbp_reply_count_hidden":0,"_bbp_forum_subforum_count":0,"site-sidebar-layout":"default","site-content-layout":"","ast-site-content-layout":"","site-content-style":"default","site-sidebar-style":"default","ast-global-header-display":"","ast-banner-title-visibility":"","ast-main-header-display":"","ast-hfb-above-header-display":"","ast-hfb-below-header-display":"","ast-hfb-mobile-header-display":"","site-post-title":"","ast-breadcrumbs-content":"","ast-featured-img":"","footer-sml-layout":"","theme-transparent-header-meta":"","adv-header-id-meta":"","stick-header-meta":"","header-above-stick-meta":"","header-main-stick-meta":"","header-below-stick-meta":"","astra-migrate-meta-layouts":"default","ast-page-background-enabled":"default","ast-page-background-meta":{"desktop":{"background-color":"var(--ast-global-color-4)","background-image":"","background-repeat":"repeat","background-position":"center center","background-size":"auto","background-attachment":"scroll","background-type":"","background-media":"","overlay-type":"","overlay-color":"","overlay-opacity":"","overlay-gradient":""},"tablet":{"background-color":"","background-image":"","background-repeat":"repeat","background-position":"center center","background-size":"auto","background-attachment":"scroll","background-type":"","background-media":"","overlay-type":"","overlay-color":"","overlay-opacity":"","overlay-gradient":""},"mobile":{"background-color":"","background-image":"","background-repeat":"repeat","background-position":"center center","background-size":"auto","background-attachment":"scroll","background-type":"","background-media":"","overlay-type":"","overlay-color":"","overlay-opacity":"","overlay-gradient":""}},"ast-content-background-meta":{"desktop":{"background-color":"var(--ast-global-color-5)","background-image":"","background-repeat":"repeat","background-position":"center center","background-size":"auto","background-attachment":"scroll","background-type":"","background-media":"","overlay-type":"","overlay-color":"","overlay-opacity":"","overlay-gradient":""},"tablet":{"background-color":"var(--ast-global-color-5)","background-image":"","background-repeat":"repeat","background-position":"center center","background-size":"auto","background-attachment":"scroll","background-type":"","background-media":"","overlay-type":"","overlay-color":"","overlay-opacity":"","overlay-gradient":""},"mobile":{"background-color":"var(--ast-global-color-5)","background-image":"","background-repeat":"repeat","background-position":"center center","background-size":"auto","background-attachment":"scroll","background-type":"","background-media":"","overlay-type":"","overlay-color":"","overlay-opacity":"","overlay-gradient":""}},"footnotes":""},"categories":[288,1,273],"tags":[],"class_list":["post-12366","post","type-post","status-publish","format-standard","has-post-thumbnail","hentry","category-formacio","category-general","category-portada"],"post_mailing_queue_ids":[],"_links":{"self":[{"href":"https:\/\/serveiseducatius.xtec.cat\/creda-mvo\/wp-json\/wp\/v2\/posts\/12366","targetHints":{"allow":["GET"]}}],"collection":[{"href":"https:\/\/serveiseducatius.xtec.cat\/creda-mvo\/wp-json\/wp\/v2\/posts"}],"about":[{"href":"https:\/\/serveiseducatius.xtec.cat\/creda-mvo\/wp-json\/wp\/v2\/types\/post"}],"author":[{"embeddable":true,"href":"https:\/\/serveiseducatius.xtec.cat\/creda-mvo\/wp-json\/wp\/v2\/users\/3"}],"replies":[{"embeddable":true,"href":"https:\/\/serveiseducatius.xtec.cat\/creda-mvo\/wp-json\/wp\/v2\/comments?post=12366"}],"version-history":[{"count":2,"href":"https:\/\/serveiseducatius.xtec.cat\/creda-mvo\/wp-json\/wp\/v2\/posts\/12366\/revisions"}],"predecessor-version":[{"id":12999,"href":"https:\/\/serveiseducatius.xtec.cat\/creda-mvo\/wp-json\/wp\/v2\/posts\/12366\/revisions\/12999"}],"wp:featuredmedia":[{"embeddable":true,"href":"https:\/\/serveiseducatius.xtec.cat\/creda-mvo\/wp-json\/wp\/v2\/media\/12367"}],"wp:attachment":[{"href":"https:\/\/serveiseducatius.xtec.cat\/creda-mvo\/wp-json\/wp\/v2\/media?parent=12366"}],"wp:term":[{"taxonomy":"category","embeddable":true,"href":"https:\/\/serveiseducatius.xtec.cat\/creda-mvo\/wp-json\/wp\/v2\/categories?post=12366"},{"taxonomy":"post_tag","embeddable":true,"href":"https:\/\/serveiseducatius.xtec.cat\/creda-mvo\/wp-json\/wp\/v2\/tags?post=12366"}],"curies":[{"name":"wp","href":"https:\/\/api.w.org\/{rel}","templated":true}]}}