{"id":12352,"date":"2023-04-18T10:59:34","date_gmt":"2023-04-18T08:59:34","guid":{"rendered":"https:\/\/serveiseducatius.xtec.cat\/creda-mvo\/?p=12352"},"modified":"2025-02-24T11:00:45","modified_gmt":"2025-02-24T10:00:45","slug":"programa-para-la-promocion-de-la-vida-independiente-y-la-inclusion-en-la-comunidad-de-las-personas-con-discapacidad-auditiva-2023","status":"publish","type":"post","link":"https:\/\/serveiseducatius.xtec.cat\/creda-mvo\/general\/programa-para-la-promocion-de-la-vida-independiente-y-la-inclusion-en-la-comunidad-de-las-personas-con-discapacidad-auditiva-2023\/","title":{"rendered":"Us recomanem el seg\u00fcent programa"},"content":{"rendered":"<div class=\"bloque_borde_b\">\n<div class=\"bloque_left\">\n<h2>Descripci\u00f3n:<\/h2>\n<p>En el marco de\u00a0la Red de Infancia y Adolescencia\u00a0hemos previsto realizar la<\/p>\n<p><strong>ACCI\u00d3N PARTICIPATIVA 2023-WEBINARIO<\/strong>, destinado a adolescentes con sordera de 11 a 18 a\u00f1os.<\/p>\n<p>&nbsp;<\/p>\n<\/div>\n<div class=\"bloque_right\">\n<h2>Dirigido a:<\/h2>\n<p>Entidades confederadas FIAPAS.<\/p>\n<p>J\u00f3venes adolescentes con sordera de las entidades miembro de FIAPAS, en principio sin l\u00edmites de plazas.<\/p>\n<p>&nbsp;<\/p>\n<\/div>\n<\/div>\n<div class=\"bloque_borde_b\">\n<div class=\"bloque_left\">\n<h2>Requisitos:<\/h2>\n<p>La inscripci\u00f3n se har\u00e1 online a trav\u00e9s de este enlace en el apartado asistentes,\u00a0<strong>antes del 13 de abril incluido.<\/strong>\u00a0Una vez realizada la inscripci\u00f3n online recibir\u00e9is una\u00a0<strong>confirmaci\u00f3n por email<\/strong>\u00a0con el resumen de la cumplimentaci\u00f3n, que deber\u00e9is revisar por si hubiese alg\u00fan error.<\/p>\n<p>En tipo de asistente\u00a0<strong>seleccionar la opci\u00f3n joven<\/strong>.<\/p>\n<p>ES IMPRESCINDIBLE PARA PODER ACCEDER AL WEBINAR ENVIAR A FIAPAS LA AUTORIZACI\u00d3N FIRMADA POR PADRE, MADRE O TUTOR LEGAL DEL MENOR ANTES DEL D\u00cdA 13.<\/p>\n<p>Recibir\u00e9is un enlace de acceso a zoom a la sesi\u00f3n posteriormente.<\/p>\n<p>&nbsp;<\/p>\n<\/div>\n<\/div>\n<div class=\"bloque\">\n<div class=\"bloque_left\">\n<h2>Condiciones Generales:<\/h2>\n<p>Acceso a trav\u00e9s de plataforma zoom, mediante enlace que os remitiremos con anterioridad.<\/p>\n<\/div>\n<\/div>\n<p>&nbsp;<\/p>\n<p><a href=\"https:\/\/saaf.yunbit.es\/CURSOS\/webinarjovenes2023.html?id=cw64253afb92958\">M\u00e9s informaci\u00f3<\/a><\/p>\n<p>&nbsp;<\/p>\n","protected":false},"excerpt":{"rendered":"<p>Descripci\u00f3n: En el marco de\u00a0la Red de Infancia y Adolescencia\u00a0hemos previsto realizar la ACCI\u00d3N PARTICIPATIVA 2023-WEBINARIO, destinado a adolescentes con [&hellip;]<\/p>\n","protected":false},"author":3,"featured_media":8689,"comment_status":"open","ping_status":"closed","sticky":false,"template":"","format":"standard","meta":{"_bbp_topic_count":0,"_bbp_reply_count":0,"_bbp_total_topic_count":0,"_bbp_total_reply_count":0,"_bbp_voice_count":0,"_bbp_anonymous_reply_count":0,"_bbp_topic_count_hidden":0,"_bbp_reply_count_hidden":0,"_bbp_forum_subforum_count":0,"site-sidebar-layout":"default","site-content-layout":"","ast-site-content-layout":"","site-content-style":"default","site-sidebar-style":"default","ast-global-header-display":"","ast-banner-title-visibility":"","ast-main-header-display":"","ast-hfb-above-header-display":"","ast-hfb-below-header-display":"","ast-hfb-mobile-header-display":"","site-post-title":"","ast-breadcrumbs-content":"","ast-featured-img":"","footer-sml-layout":"","theme-transparent-header-meta":"","adv-header-id-meta":"","stick-header-meta":"","header-above-stick-meta":"","header-main-stick-meta":"","header-below-stick-meta":"","astra-migrate-meta-layouts":"default","ast-page-background-enabled":"default","ast-page-background-meta":{"desktop":{"background-color":"var(--ast-global-color-4)","background-image":"","background-repeat":"repeat","background-position":"center center","background-size":"auto","background-attachment":"scroll","background-type":"","background-media":"","overlay-type":"","overlay-color":"","overlay-opacity":"","overlay-gradient":""},"tablet":{"background-color":"","background-image":"","background-repeat":"repeat","background-position":"center center","background-size":"auto","background-attachment":"scroll","background-type":"","background-media":"","overlay-type":"","overlay-color":"","overlay-opacity":"","overlay-gradient":""},"mobile":{"background-color":"","background-image":"","background-repeat":"repeat","background-position":"center center","background-size":"auto","background-attachment":"scroll","background-type":"","background-media":"","overlay-type":"","overlay-color":"","overlay-opacity":"","overlay-gradient":""}},"ast-content-background-meta":{"desktop":{"background-color":"var(--ast-global-color-5)","background-image":"","background-repeat":"repeat","background-position":"center center","background-size":"auto","background-attachment":"scroll","background-type":"","background-media":"","overlay-type":"","overlay-color":"","overlay-opacity":"","overlay-gradient":""},"tablet":{"background-color":"var(--ast-global-color-5)","background-image":"","background-repeat":"repeat","background-position":"center center","background-size":"auto","background-attachment":"scroll","background-type":"","background-media":"","overlay-type":"","overlay-color":"","overlay-opacity":"","overlay-gradient":""},"mobile":{"background-color":"var(--ast-global-color-5)","background-image":"","background-repeat":"repeat","background-position":"center center","background-size":"auto","background-attachment":"scroll","background-type":"","background-media":"","overlay-type":"","overlay-color":"","overlay-opacity":"","overlay-gradient":""}},"footnotes":""},"categories":[294,271,288,1,273],"tags":[],"class_list":["post-12352","post","type-post","status-publish","format-standard","has-post-thumbnail","hentry","category-esdeveniments-families","category-families","category-formacio","category-general","category-portada"],"post_mailing_queue_ids":[],"_links":{"self":[{"href":"https:\/\/serveiseducatius.xtec.cat\/creda-mvo\/wp-json\/wp\/v2\/posts\/12352","targetHints":{"allow":["GET"]}}],"collection":[{"href":"https:\/\/serveiseducatius.xtec.cat\/creda-mvo\/wp-json\/wp\/v2\/posts"}],"about":[{"href":"https:\/\/serveiseducatius.xtec.cat\/creda-mvo\/wp-json\/wp\/v2\/types\/post"}],"author":[{"embeddable":true,"href":"https:\/\/serveiseducatius.xtec.cat\/creda-mvo\/wp-json\/wp\/v2\/users\/3"}],"replies":[{"embeddable":true,"href":"https:\/\/serveiseducatius.xtec.cat\/creda-mvo\/wp-json\/wp\/v2\/comments?post=12352"}],"version-history":[{"count":2,"href":"https:\/\/serveiseducatius.xtec.cat\/creda-mvo\/wp-json\/wp\/v2\/posts\/12352\/revisions"}],"predecessor-version":[{"id":13000,"href":"https:\/\/serveiseducatius.xtec.cat\/creda-mvo\/wp-json\/wp\/v2\/posts\/12352\/revisions\/13000"}],"wp:featuredmedia":[{"embeddable":true,"href":"https:\/\/serveiseducatius.xtec.cat\/creda-mvo\/wp-json\/wp\/v2\/media\/8689"}],"wp:attachment":[{"href":"https:\/\/serveiseducatius.xtec.cat\/creda-mvo\/wp-json\/wp\/v2\/media?parent=12352"}],"wp:term":[{"taxonomy":"category","embeddable":true,"href":"https:\/\/serveiseducatius.xtec.cat\/creda-mvo\/wp-json\/wp\/v2\/categories?post=12352"},{"taxonomy":"post_tag","embeddable":true,"href":"https:\/\/serveiseducatius.xtec.cat\/creda-mvo\/wp-json\/wp\/v2\/tags?post=12352"}],"curies":[{"name":"wp","href":"https:\/\/api.w.org\/{rel}","templated":true}]}}