{"id":12254,"date":"2023-01-24T08:47:41","date_gmt":"2023-01-24T07:47:41","guid":{"rendered":"https:\/\/serveiseducatius.xtec.cat\/creda-mvo\/?p=12254"},"modified":"2023-01-24T08:47:41","modified_gmt":"2023-01-24T07:47:41","slug":"com-millorar-les-funcions-executives","status":"publish","type":"post","link":"https:\/\/serveiseducatius.xtec.cat\/creda-mvo\/general\/com-millorar-les-funcions-executives\/","title":{"rendered":"Com millorar les funcions executives"},"content":{"rendered":"<p><strong>Presentaci\u00f3<\/strong><\/p>\n<p><strong>El repte de millorar les funcions executives<\/strong><\/p>\n<p>El concepte de funci\u00f3 executiva o funcions executives ha irromput recentment en les disciplines que estudien el comportament i l\u2019aprenentatge de les persones. Es recorre a la funci\u00f3 executiva per a explicar caracter\u00edstiques dels trastorns de l\u2019espectre autista (TEA), del llenguatge, l\u2019aprenentatge o del TDAH. Tamb\u00e9 s\u2019ha trobat que, en persones que no tenen cap d\u2019aquestes condicions, les funcions executives incideixen directament en el rendiment acad\u00e8mic, l\u2019\u00e8xit laboral, les relacions socials i personals, la salut i la qualitat de vida en general.<\/p>\n<p>Malgrat la import\u00e0ncia d\u2019aquest concepte, sovint \u00e9s ent\u00e8s de forma superficial o confosa. Encara no hi ha un acord sobre quins components t\u00e9, com es relacionen entre ells i amb altres conceptes com l\u2019autocontrol, la moderaci\u00f3 i la perseveran\u00e7a.<\/p>\n<p>Un cop el concepte de funcions executives comen\u00e7a a ser conegut no \u00e9s estrany que ens preguntem qu\u00e8 es pot fer per millorar-les i quins efectes tenen aquestes millores. La investigaci\u00f3 realitzada als \u00faltims anys sembla mostrar que \u00e9s possible entrenar i millorar la funci\u00f3 executiva.<\/p>\n<p>Els resultats d\u2019aquest entrenament sobre la conducta i el rendiment de les persones ens permeten con\u00e8ixer diferents recursos, estrat\u00e8gies i activitats per a la millora de la funci\u00f3 executiva. D\u2019altra banda, existeixen possibilitats prometedores per transferir l\u2019entrenament de la funci\u00f3 executiva a millores en la vida pr\u00e0ctica de les persones. Aquest \u00e9s el cas de la metacognici\u00f3 o la reflexi\u00f3 sobre la relaci\u00f3 entre les habilitats que s\u2019estan entrenant i la vida di\u00e0ria. Una altra via efectiva \u00e9s l\u2019entrenament directe ens els contextos i amb les activitats reals als que s\u2019enfronten les persones.<\/p>\n<p>Pot ser que recorrent aquests camins ens trobem fent coses molt similars a les que f\u00e8iem quan ens dedic\u00e0vem a \u201ccrear h\u00e0bits\u201d, \u201ceducar el car\u00e0cter\u201d o a \u201cdesenvolupar la for\u00e7a de voluntat\u201d? S\u2019ha convertit la funci\u00f3 executiva en un calaix de sastre on hem anat ficant habilitats inconnexes qu\u00e8 no sab\u00edem com qualificar? O, potser estem davant de quelcom nou que hem d\u2019incorporar a l\u2019educaci\u00f3?<\/p>\n<p><strong>Continguts<\/strong><\/p>\n<p>La funci\u00f3 executiva: concepte, components, desenvolupament i relaci\u00f3 amb altres activitats.<br \/>\nAvaluaci\u00f3 de la funci\u00f3 executiva: test, tasques i q\u00fcestionaris.<br \/>\nIntervenci\u00f3 indirecta: programes educatius escolars i per a la fam\u00edlia, activitat f\u00edsica, joc i meditaci\u00f3.<br \/>\nEntrenament directe en la funci\u00f3 executiva: inhibici\u00f3, atenci\u00f3, mem\u00f2ria de treball, flexibilitat i planificaci\u00f3.<br \/>\nLa transfer\u00e8ncia: funci\u00f3 executiva a l\u2019aula i a la vida quotidiana.<br \/>\nMesures pal\u00b7liatives: adaptacions per a compensar dificultats en funci\u00f3 executiva.<\/p>\n<p><strong>A qui va dirigit?<\/strong><\/p>\n<p>Aquest curs va dirigit a mestres i professors, orientadors, psic\u00f2legs, pedagogs, psicopedagogs, logopedes i a qualsevol altre professional de l\u2019\u00e0mbit educatiu o sociosanitari. Tamb\u00e9 a les fam\u00edlies. \u00c9s un curs obert a qualsevol persona interessada en el tema sigui o no docent.<\/p>\n<p>El curs s\u2019impartir\u00e0 en castell\u00e0 i no es grava.<\/p>\n<p><strong>El ponent<\/strong><\/p>\n<p>Juan Cruz Ripoll no \u00e9s especialista en funci\u00f3 executiva sin\u00f3 que \u00e9s mestre i orientador en una escola de Navarra. En contacte amb el m\u00f3n acad\u00e8mic al ser doctor en Educaci\u00f3 i docent en estudis de postgrau de v\u00e0ries universitats, tracta de connectar el coneixement cient\u00edfic, els seus models i investigacions amb els problemes escolars, especialment les dificultats d&#8217;aprenentatge i els problemes de comportament.<br \/>\nHa intentat transmetre aquesta forma de treballar a trav\u00e9s dels llibres \u201cAlumnos distra\u00eddos, inquietos e impulsivos\u201d, \u201cEstudiar y hacer la tarea. Alumnos de la ESO, incluso con TDAH\u201d o \u201cLa funci\u00f3n ejecutiva para educadores. Qu\u00e9 es y qu\u00e9 se hace para mejorarla\u201d i a trav\u00e9s del seu blog \u201cTratamiento educativo del TDAH\u201d o de varis art\u00edcles a revistes de pedagogia.<\/p>\n<p><strong>On, quan i quant<\/strong><\/p>\n<p>Dia<\/p>\n<p>Dissabte 11 de febrer de 2023<\/p>\n<p>De 9 a 14 hores i de 15 a 18 hores, amb descansos a cada part.<\/p>\n<p>Lloc<\/p>\n<p>Online en directe trav\u00e9s de la plataforma Zoom.<\/p>\n<p>Preu net<\/p>\n<p>70 \u20ac<\/p>\n<p><a href=\"https:\/\/educatiocat.wordpress.com\/\"><strong>M\u00c9S INFORMACI\u00d3<\/strong><\/a><\/p>\n<p>Els nostres cursos estan reconeguts pel Departament d&#8217;Educaci\u00f3 amb 10 hores de formaci\u00f3 del professorat i es poden bonificar per la Fundae fent la gesti\u00f3 des dels centres.<\/p>\n<p>Els docents que vulguin accedir al reconeixement del Departament d&#8217;Educaci\u00f3 hauran de fer un breu treball despr\u00e9s del curs.<\/p>\n<p><a href=\"https:\/\/docs.google.com\/forms\/d\/e\/1FAIpQLSeSpomtmnHUXCV-7Mqm7cWr6tYnhShGKfjjXAMTE5NQ9yO3Jw\/viewform\"><strong>INSCRIPCIONS<\/strong><\/a><\/p>\n","protected":false},"excerpt":{"rendered":"<p>Presentaci\u00f3 El repte de millorar les funcions executives El concepte de funci\u00f3 executiva o funcions executives ha irromput recentment en [&hellip;]<\/p>\n","protected":false},"author":3,"featured_media":12255,"comment_status":"open","ping_status":"closed","sticky":false,"template":"","format":"standard","meta":{"_bbp_topic_count":0,"_bbp_reply_count":0,"_bbp_total_topic_count":0,"_bbp_total_reply_count":0,"_bbp_voice_count":0,"_bbp_anonymous_reply_count":0,"_bbp_topic_count_hidden":0,"_bbp_reply_count_hidden":0,"_bbp_forum_subforum_count":0,"site-sidebar-layout":"default","site-content-layout":"","ast-site-content-layout":"","site-content-style":"default","site-sidebar-style":"default","ast-global-header-display":"","ast-banner-title-visibility":"","ast-main-header-display":"","ast-hfb-above-header-display":"","ast-hfb-below-header-display":"","ast-hfb-mobile-header-display":"","site-post-title":"","ast-breadcrumbs-content":"","ast-featured-img":"","footer-sml-layout":"","theme-transparent-header-meta":"","adv-header-id-meta":"","stick-header-meta":"","header-above-stick-meta":"","header-main-stick-meta":"","header-below-stick-meta":"","astra-migrate-meta-layouts":"default","ast-page-background-enabled":"default","ast-page-background-meta":{"desktop":{"background-color":"var(--ast-global-color-4)","background-image":"","background-repeat":"repeat","background-position":"center center","background-size":"auto","background-attachment":"scroll","background-type":"","background-media":"","overlay-type":"","overlay-color":"","overlay-opacity":"","overlay-gradient":""},"tablet":{"background-color":"","background-image":"","background-repeat":"repeat","background-position":"center center","background-size":"auto","background-attachment":"scroll","background-type":"","background-media":"","overlay-type":"","overlay-color":"","overlay-opacity":"","overlay-gradient":""},"mobile":{"background-color":"","background-image":"","background-repeat":"repeat","background-position":"center center","background-size":"auto","background-attachment":"scroll","background-type":"","background-media":"","overlay-type":"","overlay-color":"","overlay-opacity":"","overlay-gradient":""}},"ast-content-background-meta":{"desktop":{"background-color":"var(--ast-global-color-5)","background-image":"","background-repeat":"repeat","background-position":"center center","background-size":"auto","background-attachment":"scroll","background-type":"","background-media":"","overlay-type":"","overlay-color":"","overlay-opacity":"","overlay-gradient":""},"tablet":{"background-color":"var(--ast-global-color-5)","background-image":"","background-repeat":"repeat","background-position":"center center","background-size":"auto","background-attachment":"scroll","background-type":"","background-media":"","overlay-type":"","overlay-color":"","overlay-opacity":"","overlay-gradient":""},"mobile":{"background-color":"var(--ast-global-color-5)","background-image":"","background-repeat":"repeat","background-position":"center center","background-size":"auto","background-attachment":"scroll","background-type":"","background-media":"","overlay-type":"","overlay-color":"","overlay-opacity":"","overlay-gradient":""}},"footnotes":""},"categories":[288,1,273],"tags":[586,303,460],"class_list":["post-12254","post","type-post","status-publish","format-standard","has-post-thumbnail","hentry","category-formacio","category-general","category-portada","tag-educatio","tag-formacio","tag-funcions-executives"],"post_mailing_queue_ids":[],"_links":{"self":[{"href":"https:\/\/serveiseducatius.xtec.cat\/creda-mvo\/wp-json\/wp\/v2\/posts\/12254","targetHints":{"allow":["GET"]}}],"collection":[{"href":"https:\/\/serveiseducatius.xtec.cat\/creda-mvo\/wp-json\/wp\/v2\/posts"}],"about":[{"href":"https:\/\/serveiseducatius.xtec.cat\/creda-mvo\/wp-json\/wp\/v2\/types\/post"}],"author":[{"embeddable":true,"href":"https:\/\/serveiseducatius.xtec.cat\/creda-mvo\/wp-json\/wp\/v2\/users\/3"}],"replies":[{"embeddable":true,"href":"https:\/\/serveiseducatius.xtec.cat\/creda-mvo\/wp-json\/wp\/v2\/comments?post=12254"}],"version-history":[{"count":1,"href":"https:\/\/serveiseducatius.xtec.cat\/creda-mvo\/wp-json\/wp\/v2\/posts\/12254\/revisions"}],"predecessor-version":[{"id":12256,"href":"https:\/\/serveiseducatius.xtec.cat\/creda-mvo\/wp-json\/wp\/v2\/posts\/12254\/revisions\/12256"}],"wp:featuredmedia":[{"embeddable":true,"href":"https:\/\/serveiseducatius.xtec.cat\/creda-mvo\/wp-json\/wp\/v2\/media\/12255"}],"wp:attachment":[{"href":"https:\/\/serveiseducatius.xtec.cat\/creda-mvo\/wp-json\/wp\/v2\/media?parent=12254"}],"wp:term":[{"taxonomy":"category","embeddable":true,"href":"https:\/\/serveiseducatius.xtec.cat\/creda-mvo\/wp-json\/wp\/v2\/categories?post=12254"},{"taxonomy":"post_tag","embeddable":true,"href":"https:\/\/serveiseducatius.xtec.cat\/creda-mvo\/wp-json\/wp\/v2\/tags?post=12254"}],"curies":[{"name":"wp","href":"https:\/\/api.w.org\/{rel}","templated":true}]}}