{"id":12166,"date":"2022-11-03T09:44:21","date_gmt":"2022-11-03T08:44:21","guid":{"rendered":"https:\/\/serveiseducatius.xtec.cat\/creda-mvo\/?p=12166"},"modified":"2022-11-03T09:44:21","modified_gmt":"2022-11-03T08:44:21","slug":"26a-jornades-de-formacio-en-modalitat-oral-de-les-persones-amb-sordesa-celebrem-30-anys-dacapps","status":"publish","type":"post","link":"https:\/\/serveiseducatius.xtec.cat\/creda-mvo\/general\/26a-jornades-de-formacio-en-modalitat-oral-de-les-persones-amb-sordesa-celebrem-30-anys-dacapps\/","title":{"rendered":"26a Jornades de Formaci\u00f3 en Modalitat Oral de les Persones amb Sordesa. Celebrem 30 anys d&#8217;ACAPPS!"},"content":{"rendered":"<p><a href=\"https:\/\/serveiseducatius.xtec.cat\/creda-mvo\/wp-content\/uploads\/usu735\/2022\/11\/3-11-2022-9.11.32-1.jpg\"><img loading=\"lazy\" decoding=\"async\" class=\"alignnone size-full wp-image-12167\" src=\"https:\/\/serveiseducatius.xtec.cat\/creda-mvo\/wp-content\/uploads\/usu735\/2022\/11\/3-11-2022-9.11.32-1.jpg\" alt=\"\" width=\"593\" height=\"735\" srcset=\"https:\/\/serveiseducatius.xtec.cat\/creda-mvo\/wp-content\/uploads\/usu735\/2022\/11\/3-11-2022-9.11.32-1.jpg 593w, https:\/\/serveiseducatius.xtec.cat\/creda-mvo\/wp-content\/uploads\/usu735\/2022\/11\/3-11-2022-9.11.32-1-242x300.jpg 242w\" sizes=\"auto, (max-width: 593px) 100vw, 593px\" \/><\/a><\/p>\n<p><a href=\"https:\/\/serveiseducatius.xtec.cat\/creda-mvo\/wp-content\/uploads\/usu735\/2022\/11\/3-11-2022-9.11.59-2.jpg\"><img loading=\"lazy\" decoding=\"async\" class=\"alignnone size-full wp-image-12168\" src=\"https:\/\/serveiseducatius.xtec.cat\/creda-mvo\/wp-content\/uploads\/usu735\/2022\/11\/3-11-2022-9.11.59-2.jpg\" alt=\"\" width=\"593\" height=\"667\" srcset=\"https:\/\/serveiseducatius.xtec.cat\/creda-mvo\/wp-content\/uploads\/usu735\/2022\/11\/3-11-2022-9.11.59-2.jpg 593w, https:\/\/serveiseducatius.xtec.cat\/creda-mvo\/wp-content\/uploads\/usu735\/2022\/11\/3-11-2022-9.11.59-2-267x300.jpg 267w\" sizes=\"auto, (max-width: 593px) 100vw, 593px\" \/><\/a><\/p>\n<p><a href=\"https:\/\/docs.google.com\/forms\/d\/e\/1FAIpQLSf9yJVW_n0UpPD-BAw0LdqKF0jiNAk6AuVlhIQMhO7ryw-3Sw\/viewform\">Inscriu-te a la jornada<\/a><\/p>\n","protected":false},"excerpt":{"rendered":"<p>26a edici\u00f3 de les Jornades de Formaci\u00f3 de les Persones amb Sordesa en Modalitat Oral, el 26 de novembre a l&#8217;auditori de la Fundaci\u00f3 Cultural d&#8217;Hostafrancs.<\/p>\n","protected":false},"author":3,"featured_media":9802,"comment_status":"open","ping_status":"closed","sticky":false,"template":"","format":"standard","meta":{"_bbp_topic_count":0,"_bbp_reply_count":0,"_bbp_total_topic_count":0,"_bbp_total_reply_count":0,"_bbp_voice_count":0,"_bbp_anonymous_reply_count":0,"_bbp_topic_count_hidden":0,"_bbp_reply_count_hidden":0,"_bbp_forum_subforum_count":0,"site-sidebar-layout":"default","site-content-layout":"","ast-site-content-layout":"","site-content-style":"default","site-sidebar-style":"default","ast-global-header-display":"","ast-banner-title-visibility":"","ast-main-header-display":"","ast-hfb-above-header-display":"","ast-hfb-below-header-display":"","ast-hfb-mobile-header-display":"","site-post-title":"","ast-breadcrumbs-content":"","ast-featured-img":"","footer-sml-layout":"","theme-transparent-header-meta":"","adv-header-id-meta":"","stick-header-meta":"","header-above-stick-meta":"","header-main-stick-meta":"","header-below-stick-meta":"","astra-migrate-meta-layouts":"default","ast-page-background-enabled":"default","ast-page-background-meta":{"desktop":{"background-color":"var(--ast-global-color-4)","background-image":"","background-repeat":"repeat","background-position":"center center","background-size":"auto","background-attachment":"scroll","background-type":"","background-media":"","overlay-type":"","overlay-color":"","overlay-opacity":"","overlay-gradient":""},"tablet":{"background-color":"","background-image":"","background-repeat":"repeat","background-position":"center center","background-size":"auto","background-attachment":"scroll","background-type":"","background-media":"","overlay-type":"","overlay-color":"","overlay-opacity":"","overlay-gradient":""},"mobile":{"background-color":"","background-image":"","background-repeat":"repeat","background-position":"center center","background-size":"auto","background-attachment":"scroll","background-type":"","background-media":"","overlay-type":"","overlay-color":"","overlay-opacity":"","overlay-gradient":""}},"ast-content-background-meta":{"desktop":{"background-color":"var(--ast-global-color-5)","background-image":"","background-repeat":"repeat","background-position":"center center","background-size":"auto","background-attachment":"scroll","background-type":"","background-media":"","overlay-type":"","overlay-color":"","overlay-opacity":"","overlay-gradient":""},"tablet":{"background-color":"var(--ast-global-color-5)","background-image":"","background-repeat":"repeat","background-position":"center center","background-size":"auto","background-attachment":"scroll","background-type":"","background-media":"","overlay-type":"","overlay-color":"","overlay-opacity":"","overlay-gradient":""},"mobile":{"background-color":"var(--ast-global-color-5)","background-image":"","background-repeat":"repeat","background-position":"center center","background-size":"auto","background-attachment":"scroll","background-type":"","background-media":"","overlay-type":"","overlay-color":"","overlay-opacity":"","overlay-gradient":""}},"footnotes":""},"categories":[288,1,273],"tags":[335,354,572,485],"class_list":["post-12166","post","type-post","status-publish","format-standard","has-post-thumbnail","hentry","category-formacio","category-general","category-portada","tag-acapps","tag-audicio","tag-bilinguisme","tag-jornades"],"post_mailing_queue_ids":[],"_links":{"self":[{"href":"https:\/\/serveiseducatius.xtec.cat\/creda-mvo\/wp-json\/wp\/v2\/posts\/12166","targetHints":{"allow":["GET"]}}],"collection":[{"href":"https:\/\/serveiseducatius.xtec.cat\/creda-mvo\/wp-json\/wp\/v2\/posts"}],"about":[{"href":"https:\/\/serveiseducatius.xtec.cat\/creda-mvo\/wp-json\/wp\/v2\/types\/post"}],"author":[{"embeddable":true,"href":"https:\/\/serveiseducatius.xtec.cat\/creda-mvo\/wp-json\/wp\/v2\/users\/3"}],"replies":[{"embeddable":true,"href":"https:\/\/serveiseducatius.xtec.cat\/creda-mvo\/wp-json\/wp\/v2\/comments?post=12166"}],"version-history":[{"count":1,"href":"https:\/\/serveiseducatius.xtec.cat\/creda-mvo\/wp-json\/wp\/v2\/posts\/12166\/revisions"}],"predecessor-version":[{"id":12169,"href":"https:\/\/serveiseducatius.xtec.cat\/creda-mvo\/wp-json\/wp\/v2\/posts\/12166\/revisions\/12169"}],"wp:featuredmedia":[{"embeddable":true,"href":"https:\/\/serveiseducatius.xtec.cat\/creda-mvo\/wp-json\/wp\/v2\/media\/9802"}],"wp:attachment":[{"href":"https:\/\/serveiseducatius.xtec.cat\/creda-mvo\/wp-json\/wp\/v2\/media?parent=12166"}],"wp:term":[{"taxonomy":"category","embeddable":true,"href":"https:\/\/serveiseducatius.xtec.cat\/creda-mvo\/wp-json\/wp\/v2\/categories?post=12166"},{"taxonomy":"post_tag","embeddable":true,"href":"https:\/\/serveiseducatius.xtec.cat\/creda-mvo\/wp-json\/wp\/v2\/tags?post=12166"}],"curies":[{"name":"wp","href":"https:\/\/api.w.org\/{rel}","templated":true}]}}