{"id":12102,"date":"2022-09-16T12:45:48","date_gmt":"2022-09-16T10:45:48","guid":{"rendered":"https:\/\/serveiseducatius.xtec.cat\/creda-mvo\/?p=12102"},"modified":"2022-09-16T12:49:30","modified_gmt":"2022-09-16T10:49:30","slug":"metodologias-y-estrategias-inclusivas-en-la-era-digital-para-el-acceso-del-alumnado-con-discapacidad-auditiva-al-curriculo-2","status":"publish","type":"post","link":"https:\/\/serveiseducatius.xtec.cat\/creda-mvo\/general\/metodologias-y-estrategias-inclusivas-en-la-era-digital-para-el-acceso-del-alumnado-con-discapacidad-auditiva-al-curriculo-2\/","title":{"rendered":"Metodolog\u00edas y Estrategias Inclusivas en la era digital para el acceso del alumnado con discapacidad auditiva al curr\u00edculo"},"content":{"rendered":"<p style=\"font-weight: 400;\">Desde la Confederaci\u00f3n Espa\u00f1ola de Familias de Personas Sordas (FIAPAS) le recordamos que entre los d\u00edas\u00a0<strong>17-20 de octubre y 10 de noviembre<\/strong>\u00a0<strong>de 2022<\/strong>, tendr\u00e1 lugar el Curso de Formaci\u00f3n Especializada, bajo el t\u00edtulo \u201cMetodolog\u00edas y Estrategias Inclusivas en la era digital para el acceso del alumnado con discapacidad auditiva al curr\u00edculo\u201d,\u00a0dirigido\u00a0al\u00a0<u>profesorado en activo que atiende a alumnado con discapacidad auditiva.<\/u><\/p>\n<p style=\"font-weight: 400;\">El curso tendr\u00e1 una duraci\u00f3n de: 16 horas presenciales \/ 4 horas trabajo individual (20 horas, certificado por el Instituto Nacional de Tecnolog\u00edas Educativas y Formaci\u00f3n del Profesorado \u2013 INTEF). Se impartir\u00e1 en modalidad presencial a distancia, a trav\u00e9s de la plataforma ZOOM en 5 sesiones formativas los d\u00edas 17,18,19, 20 de octubre y 10 de noviembre.<\/p>\n<p style=\"font-weight: 400;\"><strong>Fecha de\u00a0apertura para la solicitud de plaza: del 16 al 27 de septiembre\u00a0<\/strong><strong>*Plazas limitadas<\/strong><\/p>\n<p><strong>Comunicaci\u00f3n de\u00a0Relaci\u00f3n de admitidos a partir del 4 de octubre<\/strong><\/p>\n<p>Matr\u00edcula: 40\u20ac,\u00a0que se abonar\u00e1\u00a0<u>una vez confirmada la admisi\u00f3n en el curso<\/u>\u00a0(plazo l\u00edmite 11 de octubre).<\/p>\n<p style=\"font-weight: 400;\">FIAPAS organiza este curso en el marco de colaboraci\u00f3n que mantiene con el Ministerio de Educaci\u00f3n y Formaci\u00f3n Profesional y con el apoyo de la Fundaci\u00f3n ONCE.<\/p>\n<p style=\"font-weight: 400;\"><a href=\"http:\/\/www.fiapas.es\/actualidad-y-agenda\/nota-informativa\/formacion-especializada-metodologias-y-estrategias-inclusivas\" data-saferedirecturl=\"https:\/\/www.google.com\/url?q=http:\/\/www.fiapas.es\/actualidad-y-agenda\/nota-informativa\/formacion-especializada-metodologias-y-estrategias-inclusivas&amp;source=gmail&amp;ust=1663411312315000&amp;usg=AOvVaw1fhCR1ZSE6AyRCAh6alJ0c\">Ver programa<\/a><\/p>\n","protected":false},"excerpt":{"rendered":"<p>Desde la Confederaci\u00f3n Espa\u00f1ola de Familias de Personas Sordas (FIAPAS) le recordamos que entre los d\u00edas\u00a017-20 de octubre y 10 [&hellip;]<\/p>\n","protected":false},"author":3,"featured_media":8689,"comment_status":"open","ping_status":"closed","sticky":false,"template":"","format":"standard","meta":{"_bbp_topic_count":0,"_bbp_reply_count":0,"_bbp_total_topic_count":0,"_bbp_total_reply_count":0,"_bbp_voice_count":0,"_bbp_anonymous_reply_count":0,"_bbp_topic_count_hidden":0,"_bbp_reply_count_hidden":0,"_bbp_forum_subforum_count":0,"site-sidebar-layout":"default","site-content-layout":"","ast-site-content-layout":"","site-content-style":"default","site-sidebar-style":"default","ast-global-header-display":"","ast-banner-title-visibility":"","ast-main-header-display":"","ast-hfb-above-header-display":"","ast-hfb-below-header-display":"","ast-hfb-mobile-header-display":"","site-post-title":"","ast-breadcrumbs-content":"","ast-featured-img":"","footer-sml-layout":"","theme-transparent-header-meta":"","adv-header-id-meta":"","stick-header-meta":"","header-above-stick-meta":"","header-main-stick-meta":"","header-below-stick-meta":"","astra-migrate-meta-layouts":"default","ast-page-background-enabled":"default","ast-page-background-meta":{"desktop":{"background-color":"var(--ast-global-color-4)","background-image":"","background-repeat":"repeat","background-position":"center center","background-size":"auto","background-attachment":"scroll","background-type":"","background-media":"","overlay-type":"","overlay-color":"","overlay-opacity":"","overlay-gradient":""},"tablet":{"background-color":"","background-image":"","background-repeat":"repeat","background-position":"center center","background-size":"auto","background-attachment":"scroll","background-type":"","background-media":"","overlay-type":"","overlay-color":"","overlay-opacity":"","overlay-gradient":""},"mobile":{"background-color":"","background-image":"","background-repeat":"repeat","background-position":"center center","background-size":"auto","background-attachment":"scroll","background-type":"","background-media":"","overlay-type":"","overlay-color":"","overlay-opacity":"","overlay-gradient":""}},"ast-content-background-meta":{"desktop":{"background-color":"var(--ast-global-color-5)","background-image":"","background-repeat":"repeat","background-position":"center center","background-size":"auto","background-attachment":"scroll","background-type":"","background-media":"","overlay-type":"","overlay-color":"","overlay-opacity":"","overlay-gradient":""},"tablet":{"background-color":"var(--ast-global-color-5)","background-image":"","background-repeat":"repeat","background-position":"center center","background-size":"auto","background-attachment":"scroll","background-type":"","background-media":"","overlay-type":"","overlay-color":"","overlay-opacity":"","overlay-gradient":""},"mobile":{"background-color":"var(--ast-global-color-5)","background-image":"","background-repeat":"repeat","background-position":"center center","background-size":"auto","background-attachment":"scroll","background-type":"","background-media":"","overlay-type":"","overlay-color":"","overlay-opacity":"","overlay-gradient":""}},"footnotes":""},"categories":[271,288,1,273],"tags":[],"class_list":["post-12102","post","type-post","status-publish","format-standard","has-post-thumbnail","hentry","category-families","category-formacio","category-general","category-portada"],"post_mailing_queue_ids":[],"_links":{"self":[{"href":"https:\/\/serveiseducatius.xtec.cat\/creda-mvo\/wp-json\/wp\/v2\/posts\/12102","targetHints":{"allow":["GET"]}}],"collection":[{"href":"https:\/\/serveiseducatius.xtec.cat\/creda-mvo\/wp-json\/wp\/v2\/posts"}],"about":[{"href":"https:\/\/serveiseducatius.xtec.cat\/creda-mvo\/wp-json\/wp\/v2\/types\/post"}],"author":[{"embeddable":true,"href":"https:\/\/serveiseducatius.xtec.cat\/creda-mvo\/wp-json\/wp\/v2\/users\/3"}],"replies":[{"embeddable":true,"href":"https:\/\/serveiseducatius.xtec.cat\/creda-mvo\/wp-json\/wp\/v2\/comments?post=12102"}],"version-history":[{"count":2,"href":"https:\/\/serveiseducatius.xtec.cat\/creda-mvo\/wp-json\/wp\/v2\/posts\/12102\/revisions"}],"predecessor-version":[{"id":12104,"href":"https:\/\/serveiseducatius.xtec.cat\/creda-mvo\/wp-json\/wp\/v2\/posts\/12102\/revisions\/12104"}],"wp:featuredmedia":[{"embeddable":true,"href":"https:\/\/serveiseducatius.xtec.cat\/creda-mvo\/wp-json\/wp\/v2\/media\/8689"}],"wp:attachment":[{"href":"https:\/\/serveiseducatius.xtec.cat\/creda-mvo\/wp-json\/wp\/v2\/media?parent=12102"}],"wp:term":[{"taxonomy":"category","embeddable":true,"href":"https:\/\/serveiseducatius.xtec.cat\/creda-mvo\/wp-json\/wp\/v2\/categories?post=12102"},{"taxonomy":"post_tag","embeddable":true,"href":"https:\/\/serveiseducatius.xtec.cat\/creda-mvo\/wp-json\/wp\/v2\/tags?post=12102"}],"curies":[{"name":"wp","href":"https:\/\/api.w.org\/{rel}","templated":true}]}}