{"id":11538,"date":"2020-12-01T15:21:04","date_gmt":"2020-12-01T14:21:04","guid":{"rendered":"http:\/\/serveiseducatius.xtec.cat\/creda-mvo\/?p=11538"},"modified":"2020-12-01T15:21:04","modified_gmt":"2020-12-01T14:21:04","slug":"sumem-capacitats-sumem-diversitats","status":"publish","type":"post","link":"https:\/\/serveiseducatius.xtec.cat\/creda-mvo\/general\/sumem-capacitats-sumem-diversitats\/","title":{"rendered":"Sumem capacitats, sumem diversitats"},"content":{"rendered":"<p>Amb el lema \u201cSumem capacitats, sumem diversitats\u201d, i amb el rerefons de la situaci\u00f3 d\u2019emerg\u00e8ncia sanit\u00e0ria, Barcelona aprofita l\u2019efem\u00e8ride per reivindicar els drets i el benestar de les persones amb discapacitat en tots els \u00e0mbits de la vida i de la societat, posant el focus en el dret a viure de manera independent.<\/p>\n<p>A nivell de ciutat, l\u2019Ajuntament de Barcelona, a trav\u00e9s de l\u2019Institut Municipal de Persones amb Discapacitat (IMPD), ha organitzat una jornada de reflexi\u00f3 entorn de l\u2019impacte de la pand\u00e8mia de Covid-19 en l\u2019autonomia i la vida independent de les persones amb discapacitat i el paper de la tecnologia al servei de la garantia de drets.<\/p>\n<p>A m\u00e9s, s\u2019han elaborat uns v\u00eddeos de sensibilitzaci\u00f3 on barcelonins i barcelonines amb discapacitat expliquen, en primera persona, el seu proc\u00e9s d\u2019aprenentatge per a una vida independent. Aquestes iniciatives se sumen a les activitats que les entitats de l\u2019\u00e0mbit de la discapacitat organitzen als districtes de la ciutat, la majoria en format virtual i amb un marcat to reivindicatiu.<\/p>\n<p><a href=\"https:\/\/ajuntament.barcelona.cat\/accessible\/ca\/noticia\/barcelona-posa-laccent-en-el-dret-a-la-vida-independent-per-commemorar-el-dia-internacional-de-les-persones-amb-discapacitat-2020-2_1011552\/?utm_source=II%20%2F%20Persones%20amb%20discapacitats&amp;utm_medium=email&amp;utm_campaign=2019&amp;utm_content=20201130_link_main_new_1_20201130%20Butllet%C3%AD\">M\u00e9s informaci\u00f3<\/a><\/p>\n","protected":false},"excerpt":{"rendered":"<p>Amb el lema \u201cSumem capacitats, sumem diversitats\u201d, i amb el rerefons de la situaci\u00f3 d\u2019emerg\u00e8ncia sanit\u00e0ria, Barcelona aprofita l\u2019efem\u00e8ride per [&hellip;]<\/p>\n","protected":false},"author":1,"featured_media":11539,"comment_status":"open","ping_status":"closed","sticky":false,"template":"","format":"standard","meta":{"_bbp_topic_count":0,"_bbp_reply_count":0,"_bbp_total_topic_count":0,"_bbp_total_reply_count":0,"_bbp_voice_count":0,"_bbp_anonymous_reply_count":0,"_bbp_topic_count_hidden":0,"_bbp_reply_count_hidden":0,"_bbp_forum_subforum_count":0,"site-sidebar-layout":"default","site-content-layout":"","ast-site-content-layout":"","site-content-style":"default","site-sidebar-style":"default","ast-global-header-display":"","ast-banner-title-visibility":"","ast-main-header-display":"","ast-hfb-above-header-display":"","ast-hfb-below-header-display":"","ast-hfb-mobile-header-display":"","site-post-title":"","ast-breadcrumbs-content":"","ast-featured-img":"","footer-sml-layout":"","theme-transparent-header-meta":"","adv-header-id-meta":"","stick-header-meta":"","header-above-stick-meta":"","header-main-stick-meta":"","header-below-stick-meta":"","astra-migrate-meta-layouts":"default","ast-page-background-enabled":"default","ast-page-background-meta":{"desktop":{"background-color":"var(--ast-global-color-4)","background-image":"","background-repeat":"repeat","background-position":"center center","background-size":"auto","background-attachment":"scroll","background-type":"","background-media":"","overlay-type":"","overlay-color":"","overlay-opacity":"","overlay-gradient":""},"tablet":{"background-color":"","background-image":"","background-repeat":"repeat","background-position":"center center","background-size":"auto","background-attachment":"scroll","background-type":"","background-media":"","overlay-type":"","overlay-color":"","overlay-opacity":"","overlay-gradient":""},"mobile":{"background-color":"","background-image":"","background-repeat":"repeat","background-position":"center center","background-size":"auto","background-attachment":"scroll","background-type":"","background-media":"","overlay-type":"","overlay-color":"","overlay-opacity":"","overlay-gradient":""}},"ast-content-background-meta":{"desktop":{"background-color":"var(--ast-global-color-5)","background-image":"","background-repeat":"repeat","background-position":"center center","background-size":"auto","background-attachment":"scroll","background-type":"","background-media":"","overlay-type":"","overlay-color":"","overlay-opacity":"","overlay-gradient":""},"tablet":{"background-color":"var(--ast-global-color-5)","background-image":"","background-repeat":"repeat","background-position":"center center","background-size":"auto","background-attachment":"scroll","background-type":"","background-media":"","overlay-type":"","overlay-color":"","overlay-opacity":"","overlay-gradient":""},"mobile":{"background-color":"var(--ast-global-color-5)","background-image":"","background-repeat":"repeat","background-position":"center center","background-size":"auto","background-attachment":"scroll","background-type":"","background-media":"","overlay-type":"","overlay-color":"","overlay-opacity":"","overlay-gradient":""}},"footnotes":""},"categories":[1,273],"tags":[],"class_list":["post-11538","post","type-post","status-publish","format-standard","has-post-thumbnail","hentry","category-general","category-portada"],"post_mailing_queue_ids":[],"_links":{"self":[{"href":"https:\/\/serveiseducatius.xtec.cat\/creda-mvo\/wp-json\/wp\/v2\/posts\/11538","targetHints":{"allow":["GET"]}}],"collection":[{"href":"https:\/\/serveiseducatius.xtec.cat\/creda-mvo\/wp-json\/wp\/v2\/posts"}],"about":[{"href":"https:\/\/serveiseducatius.xtec.cat\/creda-mvo\/wp-json\/wp\/v2\/types\/post"}],"author":[{"embeddable":true,"href":"https:\/\/serveiseducatius.xtec.cat\/creda-mvo\/wp-json\/wp\/v2\/users\/1"}],"replies":[{"embeddable":true,"href":"https:\/\/serveiseducatius.xtec.cat\/creda-mvo\/wp-json\/wp\/v2\/comments?post=11538"}],"version-history":[{"count":1,"href":"https:\/\/serveiseducatius.xtec.cat\/creda-mvo\/wp-json\/wp\/v2\/posts\/11538\/revisions"}],"predecessor-version":[{"id":11540,"href":"https:\/\/serveiseducatius.xtec.cat\/creda-mvo\/wp-json\/wp\/v2\/posts\/11538\/revisions\/11540"}],"wp:featuredmedia":[{"embeddable":true,"href":"https:\/\/serveiseducatius.xtec.cat\/creda-mvo\/wp-json\/wp\/v2\/media\/11539"}],"wp:attachment":[{"href":"https:\/\/serveiseducatius.xtec.cat\/creda-mvo\/wp-json\/wp\/v2\/media?parent=11538"}],"wp:term":[{"taxonomy":"category","embeddable":true,"href":"https:\/\/serveiseducatius.xtec.cat\/creda-mvo\/wp-json\/wp\/v2\/categories?post=11538"},{"taxonomy":"post_tag","embeddable":true,"href":"https:\/\/serveiseducatius.xtec.cat\/creda-mvo\/wp-json\/wp\/v2\/tags?post=11538"}],"curies":[{"name":"wp","href":"https:\/\/api.w.org\/{rel}","templated":true}]}}