{"id":10825,"date":"2020-02-28T09:47:04","date_gmt":"2020-02-28T08:47:04","guid":{"rendered":"http:\/\/serveiseducatius.xtec.cat\/creda-mvo\/?p=10825"},"modified":"2020-02-28T09:47:04","modified_gmt":"2020-02-28T08:47:04","slug":"estudio-sociologico-sobre-la-situacion-socioeducativa-de-las-personas-con-sordera-en-espana","status":"publish","type":"post","link":"https:\/\/serveiseducatius.xtec.cat\/creda-mvo\/general\/estudio-sociologico-sobre-la-situacion-socioeducativa-de-las-personas-con-sordera-en-espana\/","title":{"rendered":"Estudio Sociol\u00f3gico sobre\u00a0la situaci\u00f3n socioeducativa de las personas con sordera en Espa\u00f1a"},"content":{"rendered":"<p style=\"font-weight: 400;\">La Confederaci\u00f3n Espa\u00f1ola de Familias de Personas Sordas &#8211; FIAPAS y el Ministerio de Educaci\u00f3n y Formaci\u00f3n Profesional contin\u00faan\u00a0<strong>avanzando en la inclusi\u00f3n del alumnado con sordera, analizando tendencias y realidades consolidadas en los \u00faltimos a\u00f1os<\/strong>\u00a0en relaci\u00f3n con estos estudiantes, con el apoyo de sus familias.<\/p>\n<p style=\"font-weight: 400;\">As\u00ed queda en evidencia en la\u00a0<strong>publicaci\u00f3n elaborada y editada (impresa y en versi\u00f3n digital) sobre los datos y hallazgos m\u00e1s relevantes del Estudio Sociol\u00f3gico sobre\u00a0<em>la situaci\u00f3n socioeducativa de las personas con sordera en Espa\u00f1a<\/em><\/strong>, llevado a cabo por FIAPAS, entre los a\u00f1os 2017 y 2018, sobre una muestra que ha permitido analizar 793 casos de ni\u00f1os, ni\u00f1as y j\u00f3venes con discapacidad auditiva, entre 1-26 a\u00f1os, de toda Espa\u00f1a.<\/p>\n<p style=\"font-weight: 400;\">La publicaci\u00f3n\u00a0(<strong><a href=\"http:\/\/bit.ly\/estudio-sociologico-BV\" data-saferedirecturl=\"https:\/\/www.google.com\/url?q=http:\/\/bit.ly\/estudio-sociologico-BV&amp;source=gmail&amp;ust=1582965130822000&amp;usg=AFQjCNF62JbtSrI9Nuga3KxxApbaXCkAWw\">http:\/\/bit.ly\/estudio-sociologico-BV<\/a><\/strong>)\u00a0ofrece una radiograf\u00eda de dicha situaci\u00f3n, identificando los factores influyentes en las mejoras detectadas a trav\u00e9s del an\u00e1lisis comparado con datos de otros estudios llevados a cabo hace m\u00e1s de doce a\u00f1os, destacando cu\u00e1les de ellas han demostrado su eficacia y debieran generalizarse y potenciarse, al mismo tiempo que detecta las emergentes necesidades surgidas en esta nueva realidad a la que deben reorientarse y adecuarse las respuestas del Sistema Educativo y las pol\u00edticas p\u00fablicas en esta materia.<\/p>\n<p style=\"font-weight: 400;\">Esta nueva publicaci\u00f3n, cofinanciada tambi\u00e9n por la Fundaci\u00f3n ONCE, se ha incorporado, para su visualizaci\u00f3n y descarga gratuita en la Biblioteca Virtual FIAPAS\u00a0<a href=\"https:\/\/bibliotecafiapas.es\/\" data-saferedirecturl=\"https:\/\/www.google.com\/url?q=https:\/\/bibliotecafiapas.es\/&amp;source=gmail&amp;ust=1582965130822000&amp;usg=AFQjCNHQjnvezS_SmiRc264wD_e3EHykmA\">https:\/\/bibliotecafiapas.es\/<\/a><\/p>\n<p style=\"font-weight: 400;\">Confiamos en que este Estudio resulte de su inter\u00e9s.<\/p>\n<p style=\"font-weight: 400;\">Agradeceremos que pueda darle la mayor difusi\u00f3n.<\/p>\n<p style=\"font-weight: 400;\">\n","protected":false},"excerpt":{"rendered":"<p>La Confederaci\u00f3n Espa\u00f1ola de Familias de Personas Sordas &#8211; FIAPAS y el Ministerio de Educaci\u00f3n y Formaci\u00f3n Profesional contin\u00faan\u00a0avanzando en [&hellip;]<\/p>\n","protected":false},"author":1,"featured_media":10826,"comment_status":"open","ping_status":"closed","sticky":false,"template":"","format":"standard","meta":{"_bbp_topic_count":0,"_bbp_reply_count":0,"_bbp_total_topic_count":0,"_bbp_total_reply_count":0,"_bbp_voice_count":0,"_bbp_anonymous_reply_count":0,"_bbp_topic_count_hidden":0,"_bbp_reply_count_hidden":0,"_bbp_forum_subforum_count":0,"site-sidebar-layout":"default","site-content-layout":"","ast-site-content-layout":"","site-content-style":"default","site-sidebar-style":"default","ast-global-header-display":"","ast-banner-title-visibility":"","ast-main-header-display":"","ast-hfb-above-header-display":"","ast-hfb-below-header-display":"","ast-hfb-mobile-header-display":"","site-post-title":"","ast-breadcrumbs-content":"","ast-featured-img":"","footer-sml-layout":"","theme-transparent-header-meta":"","adv-header-id-meta":"","stick-header-meta":"","header-above-stick-meta":"","header-main-stick-meta":"","header-below-stick-meta":"","astra-migrate-meta-layouts":"default","ast-page-background-enabled":"default","ast-page-background-meta":{"desktop":{"background-color":"var(--ast-global-color-4)","background-image":"","background-repeat":"repeat","background-position":"center center","background-size":"auto","background-attachment":"scroll","background-type":"","background-media":"","overlay-type":"","overlay-color":"","overlay-opacity":"","overlay-gradient":""},"tablet":{"background-color":"","background-image":"","background-repeat":"repeat","background-position":"center center","background-size":"auto","background-attachment":"scroll","background-type":"","background-media":"","overlay-type":"","overlay-color":"","overlay-opacity":"","overlay-gradient":""},"mobile":{"background-color":"","background-image":"","background-repeat":"repeat","background-position":"center center","background-size":"auto","background-attachment":"scroll","background-type":"","background-media":"","overlay-type":"","overlay-color":"","overlay-opacity":"","overlay-gradient":""}},"ast-content-background-meta":{"desktop":{"background-color":"var(--ast-global-color-5)","background-image":"","background-repeat":"repeat","background-position":"center center","background-size":"auto","background-attachment":"scroll","background-type":"","background-media":"","overlay-type":"","overlay-color":"","overlay-opacity":"","overlay-gradient":""},"tablet":{"background-color":"var(--ast-global-color-5)","background-image":"","background-repeat":"repeat","background-position":"center center","background-size":"auto","background-attachment":"scroll","background-type":"","background-media":"","overlay-type":"","overlay-color":"","overlay-opacity":"","overlay-gradient":""},"mobile":{"background-color":"var(--ast-global-color-5)","background-image":"","background-repeat":"repeat","background-position":"center center","background-size":"auto","background-attachment":"scroll","background-type":"","background-media":"","overlay-type":"","overlay-color":"","overlay-opacity":"","overlay-gradient":""}},"footnotes":""},"categories":[1,296,273],"tags":[],"class_list":["post-10825","post","type-post","status-publish","format-standard","has-post-thumbnail","hentry","category-general","category-llengua-de-signes","category-portada"],"post_mailing_queue_ids":[],"_links":{"self":[{"href":"https:\/\/serveiseducatius.xtec.cat\/creda-mvo\/wp-json\/wp\/v2\/posts\/10825","targetHints":{"allow":["GET"]}}],"collection":[{"href":"https:\/\/serveiseducatius.xtec.cat\/creda-mvo\/wp-json\/wp\/v2\/posts"}],"about":[{"href":"https:\/\/serveiseducatius.xtec.cat\/creda-mvo\/wp-json\/wp\/v2\/types\/post"}],"author":[{"embeddable":true,"href":"https:\/\/serveiseducatius.xtec.cat\/creda-mvo\/wp-json\/wp\/v2\/users\/1"}],"replies":[{"embeddable":true,"href":"https:\/\/serveiseducatius.xtec.cat\/creda-mvo\/wp-json\/wp\/v2\/comments?post=10825"}],"version-history":[{"count":1,"href":"https:\/\/serveiseducatius.xtec.cat\/creda-mvo\/wp-json\/wp\/v2\/posts\/10825\/revisions"}],"predecessor-version":[{"id":10827,"href":"https:\/\/serveiseducatius.xtec.cat\/creda-mvo\/wp-json\/wp\/v2\/posts\/10825\/revisions\/10827"}],"wp:featuredmedia":[{"embeddable":true,"href":"https:\/\/serveiseducatius.xtec.cat\/creda-mvo\/wp-json\/wp\/v2\/media\/10826"}],"wp:attachment":[{"href":"https:\/\/serveiseducatius.xtec.cat\/creda-mvo\/wp-json\/wp\/v2\/media?parent=10825"}],"wp:term":[{"taxonomy":"category","embeddable":true,"href":"https:\/\/serveiseducatius.xtec.cat\/creda-mvo\/wp-json\/wp\/v2\/categories?post=10825"},{"taxonomy":"post_tag","embeddable":true,"href":"https:\/\/serveiseducatius.xtec.cat\/creda-mvo\/wp-json\/wp\/v2\/tags?post=10825"}],"curies":[{"name":"wp","href":"https:\/\/api.w.org\/{rel}","templated":true}]}}