{"id":10795,"date":"2020-02-21T10:24:44","date_gmt":"2020-02-21T09:24:44","guid":{"rendered":"http:\/\/serveiseducatius.xtec.cat\/creda-mvo\/?p=10795"},"modified":"2020-02-21T10:24:44","modified_gmt":"2020-02-21T09:24:44","slug":"iii-jornada-trastornos-de-la-comunicacion-i-la-deglucion-la-prematuridad","status":"publish","type":"post","link":"https:\/\/serveiseducatius.xtec.cat\/creda-mvo\/general\/iii-jornada-trastornos-de-la-comunicacion-i-la-deglucion-la-prematuridad\/","title":{"rendered":"III Jornada Trastornos de la Comunicaci\u00f3n i la Degluci\u00f3n: la Prematuridad"},"content":{"rendered":"<p dir=\"ltr\">Ens plau convidar-vos a la <a href=\"https:\/\/symposium.uoc.edu\/47449\/speakers\/iii-jornada-trastornos-de-la-comunicacion-i-la-deglucion_-la-prematuridadt.html\" target=\"_blank\" rel=\"noopener noreferrer\" data-saferedirecturl=\"https:\/\/www.google.com\/url?q=https:\/\/symposium.uoc.edu\/47449\/speakers\/iii-jornada-trastornos-de-la-comunicacion-i-la-deglucion_-la-prematuridadt.html&amp;source=gmail&amp;ust=1582358480074000&amp;usg=AFQjCNGuhoL3dLFukNQG0r_16nSB-YEpTw\">III Jornada en Trastorns de la Comunicaci\u00f3 i de la Degluci\u00f3: Prematuritat <\/a>que s&#8217;organitza anualment en el marc de la formaci\u00f3 del <a href=\"https:\/\/estudis.uoc.edu\/ca\/graus\/logopedia-uvic-ucc\/presentacio\" target=\"_blank\" rel=\"noopener noreferrer\" data-saferedirecturl=\"https:\/\/www.google.com\/url?q=https:\/\/estudis.uoc.edu\/ca\/graus\/logopedia-uvic-ucc\/presentacio&amp;source=gmail&amp;ust=1582358480074000&amp;usg=AFQjCNGbaLcRkfOMBZG2IKvNMOaVjGi-LQ\">Grau en Logop\u00e8dia Uvic-Ucc, UOC<\/a>, que els Estudis de Ci\u00e8ncies de la Salut de la UOC van posar en marxa en col\u00b7laboraci\u00f3 amb la facultat de Ci\u00e8ncies de la Salut UVic-UCC.<\/p>\n<p dir=\"ltr\">L&#8217;acte tindr\u00e0 lloc el dissabte 28 de mar\u00e7 de 9 a 14:30 a <a href=\"https:\/\/goo.gl\/maps\/SfEDiwFb86kZKuUz8\" target=\"_blank\" rel=\"noopener noreferrer\" data-saferedirecturl=\"https:\/\/www.google.com\/url?q=https:\/\/goo.gl\/maps\/SfEDiwFb86kZKuUz8&amp;source=gmail&amp;ust=1582358480074000&amp;usg=AFQjCNH131acMyjzMMoXVT22x5G21TXCwA\">l&#8217;Auditori Esteve de l&#8217;IDIBAPS (Rossell\u00f3, 149, Barcelona)<\/a>. Aquestes jornades s\u00f3n d\u2019especial inter\u00e8s per als logopedes i per als professionals tant de l&#8217;\u00e0mbit sanitari com de l&#8217;\u00e0mbit educatiu que treballin amb persones amb patologies del llenguatge, la comunicaci\u00f3, la parla, la veu, l\u2019audici\u00f3 i la degluci\u00f3. Enguany, la jornada se centrar\u00e0 en els nadons prematurs, amb la intenci\u00f3 de formar a professionals de l&#8217;\u00e0mbit de la salut sense necessitat de ser especialistes en les patologies de la comunicaci\u00f3 i de la degluci\u00f3, aix\u00ed com els professionals encarregats de prevenir, diagnosticar, avaluar i intervenir en les patologies de la comunicaci\u00f3, el llenguatge, la parla, la veu, l&#8217;audici\u00f3 i les funcions no verbals del sistema estomatogn\u00e0tic, \u00e9s a dir, el logopeda, per\u00f2 tamb\u00e9 per a recercaires i professionals de l&#8217;\u00e0rea de l&#8217;educaci\u00f3 que treballin amb poblaci\u00f3 infantil prematura.<\/p>\n<p dir=\"ltr\">At\u00e8s que la tem\u00e0tica pot ser del vostre inter\u00e8s, agrairem que feu extensiu aquest missatge a les vostres xarxes de comunicaci\u00f3, als vostres equips i aquelles persones que considereu que els pot interessar.<\/p>\n<p><a href=\"https:\/\/symposium.uoc.edu\/47449\/speakers\/iii-jornada-trastornos-de-la-comunicacion-i-la-deglucion_-la-prematuridadt.html\">M\u00e9s informaci\u00f3<\/a><\/p>\n","protected":false},"excerpt":{"rendered":"<p>Ens plau convidar-vos a la III Jornada en Trastorns de la Comunicaci\u00f3 i de la Degluci\u00f3: Prematuritat que s&#8217;organitza anualment [&hellip;]<\/p>\n","protected":false},"author":1,"featured_media":9610,"comment_status":"open","ping_status":"closed","sticky":false,"template":"","format":"standard","meta":{"_bbp_topic_count":0,"_bbp_reply_count":0,"_bbp_total_topic_count":0,"_bbp_total_reply_count":0,"_bbp_voice_count":0,"_bbp_anonymous_reply_count":0,"_bbp_topic_count_hidden":0,"_bbp_reply_count_hidden":0,"_bbp_forum_subforum_count":0,"site-sidebar-layout":"default","site-content-layout":"","ast-site-content-layout":"","site-content-style":"default","site-sidebar-style":"default","ast-global-header-display":"","ast-banner-title-visibility":"","ast-main-header-display":"","ast-hfb-above-header-display":"","ast-hfb-below-header-display":"","ast-hfb-mobile-header-display":"","site-post-title":"","ast-breadcrumbs-content":"","ast-featured-img":"","footer-sml-layout":"","theme-transparent-header-meta":"","adv-header-id-meta":"","stick-header-meta":"","header-above-stick-meta":"","header-main-stick-meta":"","header-below-stick-meta":"","astra-migrate-meta-layouts":"default","ast-page-background-enabled":"default","ast-page-background-meta":{"desktop":{"background-color":"var(--ast-global-color-4)","background-image":"","background-repeat":"repeat","background-position":"center center","background-size":"auto","background-attachment":"scroll","background-type":"","background-media":"","overlay-type":"","overlay-color":"","overlay-opacity":"","overlay-gradient":""},"tablet":{"background-color":"","background-image":"","background-repeat":"repeat","background-position":"center center","background-size":"auto","background-attachment":"scroll","background-type":"","background-media":"","overlay-type":"","overlay-color":"","overlay-opacity":"","overlay-gradient":""},"mobile":{"background-color":"","background-image":"","background-repeat":"repeat","background-position":"center center","background-size":"auto","background-attachment":"scroll","background-type":"","background-media":"","overlay-type":"","overlay-color":"","overlay-opacity":"","overlay-gradient":""}},"ast-content-background-meta":{"desktop":{"background-color":"var(--ast-global-color-5)","background-image":"","background-repeat":"repeat","background-position":"center center","background-size":"auto","background-attachment":"scroll","background-type":"","background-media":"","overlay-type":"","overlay-color":"","overlay-opacity":"","overlay-gradient":""},"tablet":{"background-color":"var(--ast-global-color-5)","background-image":"","background-repeat":"repeat","background-position":"center center","background-size":"auto","background-attachment":"scroll","background-type":"","background-media":"","overlay-type":"","overlay-color":"","overlay-opacity":"","overlay-gradient":""},"mobile":{"background-color":"var(--ast-global-color-5)","background-image":"","background-repeat":"repeat","background-position":"center center","background-size":"auto","background-attachment":"scroll","background-type":"","background-media":"","overlay-type":"","overlay-color":"","overlay-opacity":"","overlay-gradient":""}},"footnotes":""},"categories":[288,1,273],"tags":[],"class_list":["post-10795","post","type-post","status-publish","format-standard","has-post-thumbnail","hentry","category-formacio","category-general","category-portada"],"post_mailing_queue_ids":[],"_links":{"self":[{"href":"https:\/\/serveiseducatius.xtec.cat\/creda-mvo\/wp-json\/wp\/v2\/posts\/10795","targetHints":{"allow":["GET"]}}],"collection":[{"href":"https:\/\/serveiseducatius.xtec.cat\/creda-mvo\/wp-json\/wp\/v2\/posts"}],"about":[{"href":"https:\/\/serveiseducatius.xtec.cat\/creda-mvo\/wp-json\/wp\/v2\/types\/post"}],"author":[{"embeddable":true,"href":"https:\/\/serveiseducatius.xtec.cat\/creda-mvo\/wp-json\/wp\/v2\/users\/1"}],"replies":[{"embeddable":true,"href":"https:\/\/serveiseducatius.xtec.cat\/creda-mvo\/wp-json\/wp\/v2\/comments?post=10795"}],"version-history":[{"count":1,"href":"https:\/\/serveiseducatius.xtec.cat\/creda-mvo\/wp-json\/wp\/v2\/posts\/10795\/revisions"}],"predecessor-version":[{"id":10796,"href":"https:\/\/serveiseducatius.xtec.cat\/creda-mvo\/wp-json\/wp\/v2\/posts\/10795\/revisions\/10796"}],"wp:featuredmedia":[{"embeddable":true,"href":"https:\/\/serveiseducatius.xtec.cat\/creda-mvo\/wp-json\/wp\/v2\/media\/9610"}],"wp:attachment":[{"href":"https:\/\/serveiseducatius.xtec.cat\/creda-mvo\/wp-json\/wp\/v2\/media?parent=10795"}],"wp:term":[{"taxonomy":"category","embeddable":true,"href":"https:\/\/serveiseducatius.xtec.cat\/creda-mvo\/wp-json\/wp\/v2\/categories?post=10795"},{"taxonomy":"post_tag","embeddable":true,"href":"https:\/\/serveiseducatius.xtec.cat\/creda-mvo\/wp-json\/wp\/v2\/tags?post=10795"}],"curies":[{"name":"wp","href":"https:\/\/api.w.org\/{rel}","templated":true}]}}