{"id":10753,"date":"2020-01-27T11:54:26","date_gmt":"2020-01-27T10:54:26","guid":{"rendered":"http:\/\/serveiseducatius.xtec.cat\/creda-mvo\/?p=10753"},"modified":"2020-01-27T11:54:26","modified_gmt":"2020-01-27T10:54:26","slug":"xerrada-20-de-febrer-pautes-per-a-mestres-de-primaria-amb-alumnes-amb-trastorns-del-llenguatge","status":"publish","type":"post","link":"https:\/\/serveiseducatius.xtec.cat\/creda-mvo\/general\/xerrada-20-de-febrer-pautes-per-a-mestres-de-primaria-amb-alumnes-amb-trastorns-del-llenguatge\/","title":{"rendered":"XERRADA 20 DE FEBRER: PAUTES PER A MESTRES DE PRIM\u00c0RIA AMB ALUMNES AMB TRASTORNS DEL LLENGUATGE"},"content":{"rendered":"<p><strong>12 Gen\u00a0Xerrada 20 de febrer: Pautes per a mestres de prim\u00e0ria amb alumnes amb trastorns del llenguatge<\/strong><\/p>\n<div class=\"post_info\"><span class=\"time\">Posted at 17:24h<\/span>\u00a0in\u00a0<a href=\"https:\/\/fundaciohospital.org\/category\/general\/\" rel=\"category tag\">General<\/a>\u00a0<span class=\"post_author\">by\u00a0<a class=\"post_author_link\" href=\"https:\/\/fundaciohospital.org\/author\/lauraseus\/\">Laura Seus<\/a><\/span><\/div>\n<p>Xerrada a c\u00e0rrrec de la\u00a0<strong>Sra. Virg\u00ednia\u00a0 Fern\u00e1ndez,\u00a0<\/strong>logopeda de l\u2019Escola de patologia del Llenguatge de l\u2019Hospital de Sant Pau i la Santa Creu i col\u00b7laboradora a la Fundaci\u00f3 Hospital.<\/p>\n<p>Data i horari:\u00a0<strong>20 de febrer de 19 a 20:30h<br \/>\n<\/strong>Lloc: a la Sala d\u2019Actes de la Fundaci\u00f3 Hospital (c. Sant Pelegr\u00ed, 3. Matar\u00f3)<\/p>\n<p>&nbsp;<\/p>\n<p><a href=\"https:\/\/fundaciohospital.org\/pautes-per-a-mestres-de-primaria-amb-alumnes-amb-trastorns-del-llenguatge\/?utm_source=Educaci%C3%B3_CRP%2FEAP%2FCreda%2FEAIA&amp;utm_campaign=e739a6b31c-EMAIL_CAMPAIGN_2019_11_11_04_44_COPY_06&amp;utm_medium=email&amp;utm_term=0_38c8d48fd7-e739a6b31c-29372469\">M\u00e9s informaci\u00f3<\/a><\/p>\n<p>&nbsp;<\/p>\n","protected":false},"excerpt":{"rendered":"<p>12 Gen\u00a0Xerrada 20 de febrer: Pautes per a mestres de prim\u00e0ria amb alumnes amb trastorns del llenguatge Posted at 17:24h\u00a0in\u00a0General\u00a0by\u00a0Laura [&hellip;]<\/p>\n","protected":false},"author":1,"featured_media":10754,"comment_status":"open","ping_status":"closed","sticky":false,"template":"","format":"standard","meta":{"_bbp_topic_count":0,"_bbp_reply_count":0,"_bbp_total_topic_count":0,"_bbp_total_reply_count":0,"_bbp_voice_count":0,"_bbp_anonymous_reply_count":0,"_bbp_topic_count_hidden":0,"_bbp_reply_count_hidden":0,"_bbp_forum_subforum_count":0,"site-sidebar-layout":"default","site-content-layout":"","ast-site-content-layout":"","site-content-style":"default","site-sidebar-style":"default","ast-global-header-display":"","ast-banner-title-visibility":"","ast-main-header-display":"","ast-hfb-above-header-display":"","ast-hfb-below-header-display":"","ast-hfb-mobile-header-display":"","site-post-title":"","ast-breadcrumbs-content":"","ast-featured-img":"","footer-sml-layout":"","theme-transparent-header-meta":"","adv-header-id-meta":"","stick-header-meta":"","header-above-stick-meta":"","header-main-stick-meta":"","header-below-stick-meta":"","astra-migrate-meta-layouts":"default","ast-page-background-enabled":"default","ast-page-background-meta":{"desktop":{"background-color":"var(--ast-global-color-4)","background-image":"","background-repeat":"repeat","background-position":"center center","background-size":"auto","background-attachment":"scroll","background-type":"","background-media":"","overlay-type":"","overlay-color":"","overlay-opacity":"","overlay-gradient":""},"tablet":{"background-color":"","background-image":"","background-repeat":"repeat","background-position":"center center","background-size":"auto","background-attachment":"scroll","background-type":"","background-media":"","overlay-type":"","overlay-color":"","overlay-opacity":"","overlay-gradient":""},"mobile":{"background-color":"","background-image":"","background-repeat":"repeat","background-position":"center center","background-size":"auto","background-attachment":"scroll","background-type":"","background-media":"","overlay-type":"","overlay-color":"","overlay-opacity":"","overlay-gradient":""}},"ast-content-background-meta":{"desktop":{"background-color":"var(--ast-global-color-5)","background-image":"","background-repeat":"repeat","background-position":"center center","background-size":"auto","background-attachment":"scroll","background-type":"","background-media":"","overlay-type":"","overlay-color":"","overlay-opacity":"","overlay-gradient":""},"tablet":{"background-color":"var(--ast-global-color-5)","background-image":"","background-repeat":"repeat","background-position":"center center","background-size":"auto","background-attachment":"scroll","background-type":"","background-media":"","overlay-type":"","overlay-color":"","overlay-opacity":"","overlay-gradient":""},"mobile":{"background-color":"var(--ast-global-color-5)","background-image":"","background-repeat":"repeat","background-position":"center center","background-size":"auto","background-attachment":"scroll","background-type":"","background-media":"","overlay-type":"","overlay-color":"","overlay-opacity":"","overlay-gradient":""}},"footnotes":""},"categories":[288,1,273,264],"tags":[],"class_list":["post-10753","post","type-post","status-publish","format-standard","has-post-thumbnail","hentry","category-formacio","category-general","category-portada","category-professionals"],"post_mailing_queue_ids":[],"_links":{"self":[{"href":"https:\/\/serveiseducatius.xtec.cat\/creda-mvo\/wp-json\/wp\/v2\/posts\/10753","targetHints":{"allow":["GET"]}}],"collection":[{"href":"https:\/\/serveiseducatius.xtec.cat\/creda-mvo\/wp-json\/wp\/v2\/posts"}],"about":[{"href":"https:\/\/serveiseducatius.xtec.cat\/creda-mvo\/wp-json\/wp\/v2\/types\/post"}],"author":[{"embeddable":true,"href":"https:\/\/serveiseducatius.xtec.cat\/creda-mvo\/wp-json\/wp\/v2\/users\/1"}],"replies":[{"embeddable":true,"href":"https:\/\/serveiseducatius.xtec.cat\/creda-mvo\/wp-json\/wp\/v2\/comments?post=10753"}],"version-history":[{"count":1,"href":"https:\/\/serveiseducatius.xtec.cat\/creda-mvo\/wp-json\/wp\/v2\/posts\/10753\/revisions"}],"predecessor-version":[{"id":10755,"href":"https:\/\/serveiseducatius.xtec.cat\/creda-mvo\/wp-json\/wp\/v2\/posts\/10753\/revisions\/10755"}],"wp:featuredmedia":[{"embeddable":true,"href":"https:\/\/serveiseducatius.xtec.cat\/creda-mvo\/wp-json\/wp\/v2\/media\/10754"}],"wp:attachment":[{"href":"https:\/\/serveiseducatius.xtec.cat\/creda-mvo\/wp-json\/wp\/v2\/media?parent=10753"}],"wp:term":[{"taxonomy":"category","embeddable":true,"href":"https:\/\/serveiseducatius.xtec.cat\/creda-mvo\/wp-json\/wp\/v2\/categories?post=10753"},{"taxonomy":"post_tag","embeddable":true,"href":"https:\/\/serveiseducatius.xtec.cat\/creda-mvo\/wp-json\/wp\/v2\/tags?post=10753"}],"curies":[{"name":"wp","href":"https:\/\/api.w.org\/{rel}","templated":true}]}}