{"id":10485,"date":"2019-05-13T12:10:22","date_gmt":"2019-05-13T10:10:22","guid":{"rendered":"http:\/\/serveiseducatius.xtec.cat\/creda-mvo\/?p=10485"},"modified":"2019-05-13T12:10:22","modified_gmt":"2019-05-13T10:10:22","slug":"procesamiento-del-discurso-en-ninos-y-adolescentes-con-desordenes-en-el-desarrollo-del-lenguaje","status":"publish","type":"post","link":"https:\/\/serveiseducatius.xtec.cat\/creda-mvo\/general\/procesamiento-del-discurso-en-ninos-y-adolescentes-con-desordenes-en-el-desarrollo-del-lenguaje\/","title":{"rendered":"Procesamiento del discurso en ni\u00f1os y adolescentes con des\u00f3rdenes en el desarrollo del lenguaje"},"content":{"rendered":"<div>Us adjunto la informaci\u00f3 del\u00a0<span class=\"m_5087363263522713489m_8680308486877338464gmail-m_-1152039869810234879gmail-m_8219015930895365059gmail-il\">seminari<\/span>\u00a0d&#8217;educaci\u00f3 que organitzem des del MU de Dificultats de l&#8217;Aprenentatge i Trastorns del Llenguatge de la UOC sobre &#8220;Procesamiento del discurso en ni\u00f1os y adolescentes con des\u00f3rdenes en el desarrollo del lenguaje&#8221; amb el Dr. Luis Mart\u00ednez. Ser\u00e0 el divendres 07-06-2019 a les 18h. a la seu de la UOC de l&#8217;Avinguda del Tibidabo, 39-43.<\/div>\n<div><\/div>\n<div>L&#8217;assist\u00e8ncia \u00e9s gratu\u00efta per\u00f2 \u00e9s necessari inscriure&#8217;s ja que les places s\u00f3n limitades:\u00a0<a class=\"m_5087363263522713489m_8680308486877338464gmail-twitter-timeline-link\" dir=\"ltr\" title=\"https:\/\/ja.cat\/1tOJO\" href=\"https:\/\/t.co\/zLntlosrWD\" target=\"_blank\" rel=\"nofollow noopener\" data-saferedirecturl=\"https:\/\/www.google.com\/url?q=https:\/\/t.co\/zLntlosrWD&amp;source=gmail&amp;ust=1557827037902000&amp;usg=AFQjCNHQ-UlCSWqfY7P55sHbpt6Gx0BlfQ\"><span class=\"m_5087363263522713489m_8680308486877338464gmail-invisible\">https:\/\/<\/span><span class=\"m_5087363263522713489m_8680308486877338464gmail-js-display-url\">ja.cat\/1tOJO<\/span><span class=\"m_5087363263522713489m_8680308486877338464gmail-tco-ellipsis\"><span class=\"m_5087363263522713489m_8680308486877338464gmail-invisible\">\u00a0<\/span><\/span><\/a><\/div>\n<div><\/div>\n<div><a href=\"https:\/\/serveiseducatius.xtec.cat\/creda-mvo\/wp-content\/uploads\/usu735\/2019\/05\/Seminario-Luis-Mart\u00ednez-UOC-_Barcelona-Junio-2019.pdf\">Seminario Luis Mart\u00ednez UOC _Barcelona Junio 2019<\/a><\/div>\n<div><\/div>\n","protected":false},"excerpt":{"rendered":"<p>Us adjunto la informaci\u00f3 del\u00a0seminari\u00a0d&#8217;educaci\u00f3 que organitzem des del MU de Dificultats de l&#8217;Aprenentatge i Trastorns del Llenguatge de la [&hellip;]<\/p>\n","protected":false},"author":3,"featured_media":9610,"comment_status":"open","ping_status":"closed","sticky":false,"template":"","format":"standard","meta":{"_bbp_topic_count":0,"_bbp_reply_count":0,"_bbp_total_topic_count":0,"_bbp_total_reply_count":0,"_bbp_voice_count":0,"_bbp_anonymous_reply_count":0,"_bbp_topic_count_hidden":0,"_bbp_reply_count_hidden":0,"_bbp_forum_subforum_count":0,"site-sidebar-layout":"default","site-content-layout":"","ast-site-content-layout":"","site-content-style":"default","site-sidebar-style":"default","ast-global-header-display":"","ast-banner-title-visibility":"","ast-main-header-display":"","ast-hfb-above-header-display":"","ast-hfb-below-header-display":"","ast-hfb-mobile-header-display":"","site-post-title":"","ast-breadcrumbs-content":"","ast-featured-img":"","footer-sml-layout":"","theme-transparent-header-meta":"","adv-header-id-meta":"","stick-header-meta":"","header-above-stick-meta":"","header-main-stick-meta":"","header-below-stick-meta":"","astra-migrate-meta-layouts":"default","ast-page-background-enabled":"default","ast-page-background-meta":{"desktop":{"background-color":"var(--ast-global-color-4)","background-image":"","background-repeat":"repeat","background-position":"center center","background-size":"auto","background-attachment":"scroll","background-type":"","background-media":"","overlay-type":"","overlay-color":"","overlay-opacity":"","overlay-gradient":""},"tablet":{"background-color":"","background-image":"","background-repeat":"repeat","background-position":"center center","background-size":"auto","background-attachment":"scroll","background-type":"","background-media":"","overlay-type":"","overlay-color":"","overlay-opacity":"","overlay-gradient":""},"mobile":{"background-color":"","background-image":"","background-repeat":"repeat","background-position":"center center","background-size":"auto","background-attachment":"scroll","background-type":"","background-media":"","overlay-type":"","overlay-color":"","overlay-opacity":"","overlay-gradient":""}},"ast-content-background-meta":{"desktop":{"background-color":"var(--ast-global-color-5)","background-image":"","background-repeat":"repeat","background-position":"center center","background-size":"auto","background-attachment":"scroll","background-type":"","background-media":"","overlay-type":"","overlay-color":"","overlay-opacity":"","overlay-gradient":""},"tablet":{"background-color":"var(--ast-global-color-5)","background-image":"","background-repeat":"repeat","background-position":"center center","background-size":"auto","background-attachment":"scroll","background-type":"","background-media":"","overlay-type":"","overlay-color":"","overlay-opacity":"","overlay-gradient":""},"mobile":{"background-color":"var(--ast-global-color-5)","background-image":"","background-repeat":"repeat","background-position":"center center","background-size":"auto","background-attachment":"scroll","background-type":"","background-media":"","overlay-type":"","overlay-color":"","overlay-opacity":"","overlay-gradient":""}},"footnotes":""},"categories":[288,1,273],"tags":[],"class_list":["post-10485","post","type-post","status-publish","format-standard","has-post-thumbnail","hentry","category-formacio","category-general","category-portada"],"post_mailing_queue_ids":[],"_links":{"self":[{"href":"https:\/\/serveiseducatius.xtec.cat\/creda-mvo\/wp-json\/wp\/v2\/posts\/10485","targetHints":{"allow":["GET"]}}],"collection":[{"href":"https:\/\/serveiseducatius.xtec.cat\/creda-mvo\/wp-json\/wp\/v2\/posts"}],"about":[{"href":"https:\/\/serveiseducatius.xtec.cat\/creda-mvo\/wp-json\/wp\/v2\/types\/post"}],"author":[{"embeddable":true,"href":"https:\/\/serveiseducatius.xtec.cat\/creda-mvo\/wp-json\/wp\/v2\/users\/3"}],"replies":[{"embeddable":true,"href":"https:\/\/serveiseducatius.xtec.cat\/creda-mvo\/wp-json\/wp\/v2\/comments?post=10485"}],"version-history":[{"count":1,"href":"https:\/\/serveiseducatius.xtec.cat\/creda-mvo\/wp-json\/wp\/v2\/posts\/10485\/revisions"}],"predecessor-version":[{"id":10487,"href":"https:\/\/serveiseducatius.xtec.cat\/creda-mvo\/wp-json\/wp\/v2\/posts\/10485\/revisions\/10487"}],"wp:featuredmedia":[{"embeddable":true,"href":"https:\/\/serveiseducatius.xtec.cat\/creda-mvo\/wp-json\/wp\/v2\/media\/9610"}],"wp:attachment":[{"href":"https:\/\/serveiseducatius.xtec.cat\/creda-mvo\/wp-json\/wp\/v2\/media?parent=10485"}],"wp:term":[{"taxonomy":"category","embeddable":true,"href":"https:\/\/serveiseducatius.xtec.cat\/creda-mvo\/wp-json\/wp\/v2\/categories?post=10485"},{"taxonomy":"post_tag","embeddable":true,"href":"https:\/\/serveiseducatius.xtec.cat\/creda-mvo\/wp-json\/wp\/v2\/tags?post=10485"}],"curies":[{"name":"wp","href":"https:\/\/api.w.org\/{rel}","templated":true}]}}