{"id":9863,"date":"2017-01-25T16:00:34","date_gmt":"2017-01-25T15:00:34","guid":{"rendered":"http:\/\/serveiseducatius.xtec.cat\/creda-lleida\/?p=9863"},"modified":"2017-01-31T12:33:55","modified_gmt":"2017-01-31T11:33:55","slug":"escola-i-societat-cami-danada-i-tornada","status":"publish","type":"post","link":"https:\/\/serveiseducatius.xtec.cat\/creda-lleida\/professionals\/formacio\/escola-i-societat-cami-danada-i-tornada\/","title":{"rendered":"Escola i societat. Cam\u00ed d&#8217;anada i tornada"},"content":{"rendered":"<blockquote><p><span style=\"color: #000000;\">Des del Col\u2022legi Maristes Montserrat de Lleida estem organitzant les<strong> IV Jornades Pedag\u00f2giques<\/strong>. Aquesta trobada educativa ha arribat a la quarta edici\u00f3 i ja es pot considerar una data assenyalada en el calendari educatiu de la nostra ciutat. Les jornades es desenvoluparan els propers divendres 27 i dissabte 28 de gener de 2017.<\/span><\/p>\n<p><span style=\"color: #000000;\">Les jornades tenen l\u2019objectiu de fer difusi\u00f3 pedag\u00f2gica i de cercar espais de reflexi\u00f3 per a la millora educativa. Enguany el centre d\u2019inter\u00e8s de la xerrada inaugural i dels tallers que proposarem pel dissabte girar\u00e0 al voltant de l\u2019impacte social de la practica educativa.<\/span><\/p>\n<p><span style=\"color: #000000;\"><strong>ESCOLA I SOCIETAT, CAM\u00cd D\u2019ANADA I TORNADA<\/strong> \u00e9s el lema de les jornades i ens obre molts focus de debat, des d\u2019\u00e0mbits fonamentals com l\u2019educaci\u00f3 en valors, la cooperaci\u00f3, la complicitat educativa entre institucions i molts altres temes de reflexi\u00f3 educativa. L\u2019equip directiu del centre i la comissi\u00f3 organitzadora de la jornada us volem convidar a compartir aquest espai de debat educatiu. La jornada est\u00e0 oberta a fam\u00edlies amb inter\u00e8s educatiu, <\/span><span style=\"color: #000000;\">estudiants i educadors en el sentit m\u00e9s ampli.<\/span><\/p>\n<p><span style=\"color: #000000;\">El divendres 27 de gener a les 18h (Teatre Maristes) el professor i psic\u00f2leg <strong>Jaume Funes Artiaga<\/strong> obrir\u00e0 les jornades amb la confer\u00e8ncia: \u00a0<strong>L&#8217;ESCOLA D&#8217;UNA ALTRA SOCIETAT. LA SOCIETAT D&#8217;UNA ALTRA ESCOLA<\/strong><\/span><\/p>\n<p><strong><a href=\"http:\/\/jornadeseducativesmaristesmontserrat.blogspot.com.es\/p\/inscripcions.html\" target=\"_blank\"><span style=\"color: #003366;\">Inscripcions<\/span><\/a><span style=\"color: #003366;\">\u00a0<\/span><\/strong><\/p><\/blockquote>\n<p><strong><span style=\"color: #003366;\"><a style=\"color: #003366;\" href=\"http:\/\/maristeslleida.cat\/index.php\/noticiari\/290-escola-i-societat-cami-d-anada-i-tornada\" target=\"_blank\">Escola i societat. Cam\u00ed d&#8217;anada i tornada<\/a>\u00a0<\/span><\/strong><\/p>\n","protected":false},"excerpt":{"rendered":"<p>Des del Col\u2022legi Maristes Montserrat de Lleida estem organitzant les IV Jornades Pedag\u00f2giques. Aquesta trobada educativa ha arribat a la [&hellip;]<\/p>\n","protected":false},"author":3,"featured_media":0,"comment_status":"open","ping_status":"open","sticky":false,"template":"","format":"standard","meta":{"_bbp_topic_count":0,"_bbp_reply_count":0,"_bbp_total_topic_count":0,"_bbp_total_reply_count":0,"_bbp_voice_count":0,"_bbp_anonymous_reply_count":0,"_bbp_topic_count_hidden":0,"_bbp_reply_count_hidden":0,"_bbp_forum_subforum_count":0,"site-sidebar-layout":"default","site-content-layout":"","ast-site-content-layout":"","site-content-style":"default","site-sidebar-style":"default","ast-global-header-display":"","ast-banner-title-visibility":"","ast-main-header-display":"","ast-hfb-above-header-display":"","ast-hfb-below-header-display":"","ast-hfb-mobile-header-display":"","site-post-title":"","ast-breadcrumbs-content":"","ast-featured-img":"","footer-sml-layout":"","theme-transparent-header-meta":"","adv-header-id-meta":"","stick-header-meta":"","header-above-stick-meta":"","header-main-stick-meta":"","header-below-stick-meta":"","astra-migrate-meta-layouts":"default","ast-page-background-enabled":"default","ast-page-background-meta":{"desktop":{"background-color":"var(--ast-global-color-4)","background-image":"","background-repeat":"repeat","background-position":"center center","background-size":"auto","background-attachment":"scroll","background-type":"","background-media":"","overlay-type":"","overlay-color":"","overlay-opacity":"","overlay-gradient":""},"tablet":{"background-color":"","background-image":"","background-repeat":"repeat","background-position":"center center","background-size":"auto","background-attachment":"scroll","background-type":"","background-media":"","overlay-type":"","overlay-color":"","overlay-opacity":"","overlay-gradient":""},"mobile":{"background-color":"","background-image":"","background-repeat":"repeat","background-position":"center center","background-size":"auto","background-attachment":"scroll","background-type":"","background-media":"","overlay-type":"","overlay-color":"","overlay-opacity":"","overlay-gradient":""}},"ast-content-background-meta":{"desktop":{"background-color":"var(--ast-global-color-5)","background-image":"","background-repeat":"repeat","background-position":"center center","background-size":"auto","background-attachment":"scroll","background-type":"","background-media":"","overlay-type":"","overlay-color":"","overlay-opacity":"","overlay-gradient":""},"tablet":{"background-color":"var(--ast-global-color-5)","background-image":"","background-repeat":"repeat","background-position":"center center","background-size":"auto","background-attachment":"scroll","background-type":"","background-media":"","overlay-type":"","overlay-color":"","overlay-opacity":"","overlay-gradient":""},"mobile":{"background-color":"var(--ast-global-color-5)","background-image":"","background-repeat":"repeat","background-position":"center center","background-size":"auto","background-attachment":"scroll","background-type":"","background-media":"","overlay-type":"","overlay-color":"","overlay-opacity":"","overlay-gradient":""}},"footnotes":""},"categories":[288],"tags":[345],"class_list":["post-9863","post","type-post","status-publish","format-standard","hentry","category-formacio","tag-formacio"],"post_mailing_queue_ids":[],"_links":{"self":[{"href":"https:\/\/serveiseducatius.xtec.cat\/creda-lleida\/wp-json\/wp\/v2\/posts\/9863","targetHints":{"allow":["GET"]}}],"collection":[{"href":"https:\/\/serveiseducatius.xtec.cat\/creda-lleida\/wp-json\/wp\/v2\/posts"}],"about":[{"href":"https:\/\/serveiseducatius.xtec.cat\/creda-lleida\/wp-json\/wp\/v2\/types\/post"}],"author":[{"embeddable":true,"href":"https:\/\/serveiseducatius.xtec.cat\/creda-lleida\/wp-json\/wp\/v2\/users\/3"}],"replies":[{"embeddable":true,"href":"https:\/\/serveiseducatius.xtec.cat\/creda-lleida\/wp-json\/wp\/v2\/comments?post=9863"}],"version-history":[{"count":2,"href":"https:\/\/serveiseducatius.xtec.cat\/creda-lleida\/wp-json\/wp\/v2\/posts\/9863\/revisions"}],"predecessor-version":[{"id":9865,"href":"https:\/\/serveiseducatius.xtec.cat\/creda-lleida\/wp-json\/wp\/v2\/posts\/9863\/revisions\/9865"}],"wp:attachment":[{"href":"https:\/\/serveiseducatius.xtec.cat\/creda-lleida\/wp-json\/wp\/v2\/media?parent=9863"}],"wp:term":[{"taxonomy":"category","embeddable":true,"href":"https:\/\/serveiseducatius.xtec.cat\/creda-lleida\/wp-json\/wp\/v2\/categories?post=9863"},{"taxonomy":"post_tag","embeddable":true,"href":"https:\/\/serveiseducatius.xtec.cat\/creda-lleida\/wp-json\/wp\/v2\/tags?post=9863"}],"curies":[{"name":"wp","href":"https:\/\/api.w.org\/{rel}","templated":true}]}}