{"id":12534,"date":"2024-01-24T15:34:35","date_gmt":"2024-01-24T14:34:35","guid":{"rendered":"https:\/\/serveiseducatius.xtec.cat\/creda-lleida\/?p=12534"},"modified":"2024-01-24T15:35:08","modified_gmt":"2024-01-24T14:35:08","slug":"taller-de-musica-menuda","status":"publish","type":"post","link":"https:\/\/serveiseducatius.xtec.cat\/creda-lleida\/families\/taller-de-musica-menuda\/","title":{"rendered":"Taller de m\u00fasica menuda"},"content":{"rendered":"<p style=\"font-weight: 400;\">Hem comen\u00e7at l\u2019any al CREDA amb un Taller de m\u00fasica molt especial.<\/p>\n<p style=\"font-weight: 400;\">Els nostres alumnes de 0 a 6 anys han vingut al CREDA per con\u00e8ixer la Tika i viatjar a l&#8217;espai amb el seu coet. I QUIN VIATGE M\u00c9S ESPECIAL QUE HEM FET!<\/p>\n<p style=\"font-weight: 400;\">\u00a0Durant el viatge hem conegut el cuc molt juganer i divertit, les bestioles m\u00e9s \u201cespacials\u201d i carinyoses que hi ha a l&#8217;univers i tamb\u00e9 hem ballat al ritme de moltes can\u00e7ons plenes de llum!<\/p>\n<p style=\"font-weight: 400;\">Tots i totes les que hem pogut fer el taller vam acabar amb un somriure i amb ganes de poder repetir la experi\u00e8ncia i con\u00e8ixer m\u00e9s hist\u00f2ries musicals de la m\u00e0 de la Blanca i la Meritxell (@musicamenuda.lleida i @fem_musica).<\/p>\n<p style=\"font-weight: 400;\">Ja estem buscant una nova data per tornar-nos a trobar i compartir una bonica estona tots junts.<\/p>\n<p style=\"font-weight: 400;\">Fins aviat!!!<\/p>\n<p><a href=\"https:\/\/serveiseducatius.xtec.cat\/creda-lleida\/wp-content\/uploads\/usu1335\/2024\/01\/musica-menuda.png\"><img loading=\"lazy\" decoding=\"async\" class=\"wp-image-12536 aligncenter\" src=\"https:\/\/serveiseducatius.xtec.cat\/creda-lleida\/wp-content\/uploads\/usu1335\/2024\/01\/musica-menuda.png\" alt=\"\" width=\"618\" height=\"565\" srcset=\"https:\/\/serveiseducatius.xtec.cat\/creda-lleida\/wp-content\/uploads\/usu1335\/2024\/01\/musica-menuda.png 839w, https:\/\/serveiseducatius.xtec.cat\/creda-lleida\/wp-content\/uploads\/usu1335\/2024\/01\/musica-menuda-300x275.png 300w, https:\/\/serveiseducatius.xtec.cat\/creda-lleida\/wp-content\/uploads\/usu1335\/2024\/01\/musica-menuda-768x703.png 768w\" sizes=\"auto, (max-width: 618px) 100vw, 618px\" \/><\/a><\/p>\n","protected":false},"excerpt":{"rendered":"<p>Hem comen\u00e7at l\u2019any al CREDA amb un Taller de m\u00fasica molt especial. Els nostres alumnes de 0 a 6 anys [&hellip;]<\/p>\n","protected":false},"author":1,"featured_media":0,"comment_status":"open","ping_status":"closed","sticky":false,"template":"","format":"standard","meta":{"_bbp_topic_count":0,"_bbp_reply_count":0,"_bbp_total_topic_count":0,"_bbp_total_reply_count":0,"_bbp_voice_count":0,"_bbp_anonymous_reply_count":0,"_bbp_topic_count_hidden":0,"_bbp_reply_count_hidden":0,"_bbp_forum_subforum_count":0,"site-sidebar-layout":"default","site-content-layout":"","ast-site-content-layout":"","site-content-style":"default","site-sidebar-style":"default","ast-global-header-display":"","ast-banner-title-visibility":"","ast-main-header-display":"","ast-hfb-above-header-display":"","ast-hfb-below-header-display":"","ast-hfb-mobile-header-display":"","site-post-title":"","ast-breadcrumbs-content":"","ast-featured-img":"","footer-sml-layout":"","theme-transparent-header-meta":"","adv-header-id-meta":"","stick-header-meta":"","header-above-stick-meta":"","header-main-stick-meta":"","header-below-stick-meta":"","astra-migrate-meta-layouts":"default","ast-page-background-enabled":"default","ast-page-background-meta":{"desktop":{"background-color":"var(--ast-global-color-4)","background-image":"","background-repeat":"repeat","background-position":"center center","background-size":"auto","background-attachment":"scroll","background-type":"","background-media":"","overlay-type":"","overlay-color":"","overlay-opacity":"","overlay-gradient":""},"tablet":{"background-color":"","background-image":"","background-repeat":"repeat","background-position":"center center","background-size":"auto","background-attachment":"scroll","background-type":"","background-media":"","overlay-type":"","overlay-color":"","overlay-opacity":"","overlay-gradient":""},"mobile":{"background-color":"","background-image":"","background-repeat":"repeat","background-position":"center center","background-size":"auto","background-attachment":"scroll","background-type":"","background-media":"","overlay-type":"","overlay-color":"","overlay-opacity":"","overlay-gradient":""}},"ast-content-background-meta":{"desktop":{"background-color":"var(--ast-global-color-5)","background-image":"","background-repeat":"repeat","background-position":"center center","background-size":"auto","background-attachment":"scroll","background-type":"","background-media":"","overlay-type":"","overlay-color":"","overlay-opacity":"","overlay-gradient":""},"tablet":{"background-color":"var(--ast-global-color-5)","background-image":"","background-repeat":"repeat","background-position":"center center","background-size":"auto","background-attachment":"scroll","background-type":"","background-media":"","overlay-type":"","overlay-color":"","overlay-opacity":"","overlay-gradient":""},"mobile":{"background-color":"var(--ast-global-color-5)","background-image":"","background-repeat":"repeat","background-position":"center center","background-size":"auto","background-attachment":"scroll","background-type":"","background-media":"","overlay-type":"","overlay-color":"","overlay-opacity":"","overlay-gradient":""}},"footnotes":""},"categories":[272,294,271,273],"tags":[],"class_list":["post-12534","post","type-post","status-publish","format-standard","hentry","category-alumnes","category-esdeveniments-families","category-families","category-portada"],"post_mailing_queue_ids":[],"_links":{"self":[{"href":"https:\/\/serveiseducatius.xtec.cat\/creda-lleida\/wp-json\/wp\/v2\/posts\/12534","targetHints":{"allow":["GET"]}}],"collection":[{"href":"https:\/\/serveiseducatius.xtec.cat\/creda-lleida\/wp-json\/wp\/v2\/posts"}],"about":[{"href":"https:\/\/serveiseducatius.xtec.cat\/creda-lleida\/wp-json\/wp\/v2\/types\/post"}],"author":[{"embeddable":true,"href":"https:\/\/serveiseducatius.xtec.cat\/creda-lleida\/wp-json\/wp\/v2\/users\/1"}],"replies":[{"embeddable":true,"href":"https:\/\/serveiseducatius.xtec.cat\/creda-lleida\/wp-json\/wp\/v2\/comments?post=12534"}],"version-history":[{"count":2,"href":"https:\/\/serveiseducatius.xtec.cat\/creda-lleida\/wp-json\/wp\/v2\/posts\/12534\/revisions"}],"predecessor-version":[{"id":12538,"href":"https:\/\/serveiseducatius.xtec.cat\/creda-lleida\/wp-json\/wp\/v2\/posts\/12534\/revisions\/12538"}],"wp:attachment":[{"href":"https:\/\/serveiseducatius.xtec.cat\/creda-lleida\/wp-json\/wp\/v2\/media?parent=12534"}],"wp:term":[{"taxonomy":"category","embeddable":true,"href":"https:\/\/serveiseducatius.xtec.cat\/creda-lleida\/wp-json\/wp\/v2\/categories?post=12534"},{"taxonomy":"post_tag","embeddable":true,"href":"https:\/\/serveiseducatius.xtec.cat\/creda-lleida\/wp-json\/wp\/v2\/tags?post=12534"}],"curies":[{"name":"wp","href":"https:\/\/api.w.org\/{rel}","templated":true}]}}