{"id":10820,"date":"2018-04-16T09:57:41","date_gmt":"2018-04-16T07:57:41","guid":{"rendered":"http:\/\/serveiseducatius.xtec.cat\/creda-lleida\/?p=10820"},"modified":"2020-05-10T10:11:05","modified_gmt":"2020-05-10T08:11:05","slug":"conciencia-fonologica","status":"publish","type":"post","link":"https:\/\/serveiseducatius.xtec.cat\/creda-lleida\/recursos\/fonetica-fonologia\/conciencia-fonologica\/","title":{"rendered":"Conciencia fonol\u00f3gica"},"content":{"rendered":"<p><img decoding=\"async\" class=\"alignleft\" src=\"https:\/\/lh3.googleusercontent.com\/UlGNX7gGPdVKPklcE-7WLv0VX7nqxefy4P1eYgqc2Mc4m4wW6la4bNOpXbj6sqWL7Kg=s180\" alt=\"Cartell de la pel\u00b7l\u00edcula\" \/>La consci\u00e8ncia fonol\u00f2gica \u00e9s l&#8217;habilitat per recon\u00e8ixer i usar els sons en el llenguatge parlat. \u00c9s la base per aprendre a llegir. Alguns nens l&#8217;entenen de manera natural, per\u00f2 altres necessiten que se&#8217;ls ensenyi.<br \/>\nAquesta app amb cinc jocs permet crear la teva pr\u00f2pia fitxa en funci\u00f3 del que vulgueu practicar. Treballaran els fonemes, aprendran vocabulari i desenvoluparan la psicomotricitat fina i la coordinaci\u00f3 oculomanual. Llengua castellana.<br \/>\nTipus de jocs:<br \/>\n\u2022 Unir i relacionar paraules<br \/>\n\u2022 Relacionar fitxes<br \/>\n\u2022 Fuga de lletres<br \/>\n\u2022 Separar frases<br \/>\n\u2022 Ordenar frases amb imatges<br \/>\nAquesta aplicaci\u00f3 \u00e9s el resultat d&#8217;un projecte dirigit als professors del Col\u00b7legi Principe d&#8217;Espanya (Picassent). Per a Android.<\/p>\n<div class=\"hAyfc\">\n<div class=\"BgcNfc\">Actualitzada:\u00a0<span class=\"htlgb\">11 de setembre de 2017.\u00a0<\/span>Mida 42M. Desenvolupador:\u00a0tsunamiapps2014@gmail.com\u00a0 Avenida Primado Reig n\u00ba108 puerta 5 46010 Valencia<\/div>\n<div class=\"BgcNfc\">Informaci\u00f3 de:\u00a0<span style=\"color: #000080;\"><a style=\"color: #000080;\" href=\"https:\/\/play.google.com\/store\/apps\/details?id=com.meza.conciencia.fonologica\" target=\"_blank\" rel=\"noopener noreferrer\">https:\/\/play.google.com\/store\/apps\/details?id=com.meza.conciencia.fonologica<\/a><\/span><\/div>\n<\/div>\n","protected":false},"excerpt":{"rendered":"<p>La consci\u00e8ncia fonol\u00f2gica \u00e9s l&#8217;habilitat per recon\u00e8ixer i usar els sons en el llenguatge parlat. \u00c9s la base per aprendre [&hellip;]<\/p>\n","protected":false},"author":3,"featured_media":0,"comment_status":"open","ping_status":"closed","sticky":false,"template":"","format":"standard","meta":{"_bbp_topic_count":0,"_bbp_reply_count":0,"_bbp_total_topic_count":0,"_bbp_total_reply_count":0,"_bbp_voice_count":0,"_bbp_anonymous_reply_count":0,"_bbp_topic_count_hidden":0,"_bbp_reply_count_hidden":0,"_bbp_forum_subforum_count":0,"site-sidebar-layout":"default","site-content-layout":"","ast-site-content-layout":"","site-content-style":"default","site-sidebar-style":"default","ast-global-header-display":"","ast-banner-title-visibility":"","ast-main-header-display":"","ast-hfb-above-header-display":"","ast-hfb-below-header-display":"","ast-hfb-mobile-header-display":"","site-post-title":"","ast-breadcrumbs-content":"","ast-featured-img":"","footer-sml-layout":"","theme-transparent-header-meta":"","adv-header-id-meta":"","stick-header-meta":"","header-above-stick-meta":"","header-main-stick-meta":"","header-below-stick-meta":"","astra-migrate-meta-layouts":"default","ast-page-background-enabled":"default","ast-page-background-meta":{"desktop":{"background-color":"var(--ast-global-color-4)","background-image":"","background-repeat":"repeat","background-position":"center center","background-size":"auto","background-attachment":"scroll","background-type":"","background-media":"","overlay-type":"","overlay-color":"","overlay-opacity":"","overlay-gradient":""},"tablet":{"background-color":"","background-image":"","background-repeat":"repeat","background-position":"center center","background-size":"auto","background-attachment":"scroll","background-type":"","background-media":"","overlay-type":"","overlay-color":"","overlay-opacity":"","overlay-gradient":""},"mobile":{"background-color":"","background-image":"","background-repeat":"repeat","background-position":"center center","background-size":"auto","background-attachment":"scroll","background-type":"","background-media":"","overlay-type":"","overlay-color":"","overlay-opacity":"","overlay-gradient":""}},"ast-content-background-meta":{"desktop":{"background-color":"var(--ast-global-color-5)","background-image":"","background-repeat":"repeat","background-position":"center center","background-size":"auto","background-attachment":"scroll","background-type":"","background-media":"","overlay-type":"","overlay-color":"","overlay-opacity":"","overlay-gradient":""},"tablet":{"background-color":"var(--ast-global-color-5)","background-image":"","background-repeat":"repeat","background-position":"center center","background-size":"auto","background-attachment":"scroll","background-type":"","background-media":"","overlay-type":"","overlay-color":"","overlay-opacity":"","overlay-gradient":""},"mobile":{"background-color":"var(--ast-global-color-5)","background-image":"","background-repeat":"repeat","background-position":"center center","background-size":"auto","background-attachment":"scroll","background-type":"","background-media":"","overlay-type":"","overlay-color":"","overlay-opacity":"","overlay-gradient":""}},"footnotes":""},"categories":[634,266],"tags":[549,360],"class_list":["post-10820","post","type-post","status-publish","format-standard","hentry","category-apps","category-fonetica-fonologia","tag-app","tag-consciencia-fonologica"],"post_mailing_queue_ids":[],"_links":{"self":[{"href":"https:\/\/serveiseducatius.xtec.cat\/creda-lleida\/wp-json\/wp\/v2\/posts\/10820","targetHints":{"allow":["GET"]}}],"collection":[{"href":"https:\/\/serveiseducatius.xtec.cat\/creda-lleida\/wp-json\/wp\/v2\/posts"}],"about":[{"href":"https:\/\/serveiseducatius.xtec.cat\/creda-lleida\/wp-json\/wp\/v2\/types\/post"}],"author":[{"embeddable":true,"href":"https:\/\/serveiseducatius.xtec.cat\/creda-lleida\/wp-json\/wp\/v2\/users\/3"}],"replies":[{"embeddable":true,"href":"https:\/\/serveiseducatius.xtec.cat\/creda-lleida\/wp-json\/wp\/v2\/comments?post=10820"}],"version-history":[{"count":2,"href":"https:\/\/serveiseducatius.xtec.cat\/creda-lleida\/wp-json\/wp\/v2\/posts\/10820\/revisions"}],"predecessor-version":[{"id":10845,"href":"https:\/\/serveiseducatius.xtec.cat\/creda-lleida\/wp-json\/wp\/v2\/posts\/10820\/revisions\/10845"}],"wp:attachment":[{"href":"https:\/\/serveiseducatius.xtec.cat\/creda-lleida\/wp-json\/wp\/v2\/media?parent=10820"}],"wp:term":[{"taxonomy":"category","embeddable":true,"href":"https:\/\/serveiseducatius.xtec.cat\/creda-lleida\/wp-json\/wp\/v2\/categories?post=10820"},{"taxonomy":"post_tag","embeddable":true,"href":"https:\/\/serveiseducatius.xtec.cat\/creda-lleida\/wp-json\/wp\/v2\/tags?post=10820"}],"curies":[{"name":"wp","href":"https:\/\/api.w.org\/{rel}","templated":true}]}}